{"id":104441,"date":"2026-09-04T12:26:44","date_gmt":"2026-09-04T11:26:44","guid":{"rendered":"https:\/\/www.lesportif.info\/?p=104441"},"modified":"2026-09-04T12:26:46","modified_gmt":"2026-09-04T11:26:46","slug":"mercato-les-choix-de-carriere-des-gabonais-inquietent","status":"publish","type":"post","link":"https:\/\/www.lesportif.info\/?p=104441","title":{"rendered":"Mercato : les choix de carri\u00e8re des Gabonais inqui\u00e8tent !"},"content":{"rendered":"\n<p class=\"wp-block-paragraph\"><strong>\u00c0 quelques jours de la premi\u00e8re liste de S\u00e9bastien Mign\u00e9, le mercato des joueurs gabonais pose question.<\/strong><\/p>\n\n\n\n<figure class=\"wp-block-image size-large\"><img fetchpriority=\"high\" decoding=\"async\" width=\"1024\" height=\"132\" src=\"https:\/\/www.lesportif.info\/wp-content\/uploads\/2026\/03\/REVEAL-PUB-_-AFG_Bandeau-GMT-729x94-1-2048x264-5-1024x132.png\" alt=\"\" class=\"wp-image-104136\" srcset=\"https:\/\/www.lesportif.info\/wp-content\/uploads\/2026\/03\/REVEAL-PUB-_-AFG_Bandeau-GMT-729x94-1-2048x264-5-1024x132.png 1024w, https:\/\/www.lesportif.info\/wp-content\/uploads\/2026\/03\/REVEAL-PUB-_-AFG_Bandeau-GMT-729x94-1-2048x264-5-300x39.png 300w, https:\/\/www.lesportif.info\/wp-content\/uploads\/2026\/03\/REVEAL-PUB-_-AFG_Bandeau-GMT-729x94-1-2048x264-5-768x99.png 768w, https:\/\/www.lesportif.info\/wp-content\/uploads\/2026\/03\/REVEAL-PUB-_-AFG_Bandeau-GMT-729x94-1-2048x264-5-1536x198.png 1536w, https:\/\/www.lesportif.info\/wp-content\/uploads\/2026\/03\/REVEAL-PUB-_-AFG_Bandeau-GMT-729x94-1-2048x264-5-128x17.png 128w, https:\/\/www.lesportif.info\/wp-content\/uploads\/2026\/03\/REVEAL-PUB-_-AFG_Bandeau-GMT-729x94-1-2048x264-5-32x4.png 32w, https:\/\/www.lesportif.info\/wp-content\/uploads\/2026\/03\/REVEAL-PUB-_-AFG_Bandeau-GMT-729x94-1-2048x264-5.png 2048w\" sizes=\"(max-width: 1024px) 100vw, 1024px\" \/><\/figure>\n\n\n\n<figure class=\"wp-block-image size-full is-resized\"><img decoding=\"async\" width=\"750\" height=\"500\" src=\"https:\/\/www.lesportif.info\/wp-content\/uploads\/2026\/08\/Sebastien_Migne_Curty_-Makosso_Gabon_Lunion.webp\" alt=\"\" class=\"wp-image-104419\" style=\"width:840px;height:auto\" srcset=\"https:\/\/www.lesportif.info\/wp-content\/uploads\/2026\/08\/Sebastien_Migne_Curty_-Makosso_Gabon_Lunion.webp 750w, https:\/\/www.lesportif.info\/wp-content\/uploads\/2026\/08\/Sebastien_Migne_Curty_-Makosso_Gabon_Lunion-300x200.webp 300w, https:\/\/www.lesportif.info\/wp-content\/uploads\/2026\/08\/Sebastien_Migne_Curty_-Makosso_Gabon_Lunion-128x85.webp 128w, https:\/\/www.lesportif.info\/wp-content\/uploads\/2026\/08\/Sebastien_Migne_Curty_-Makosso_Gabon_Lunion-32x21.webp 32w\" sizes=\"(max-width: 750px) 100vw, 750px\" \/><\/figure>\n\n\n\n<p class=\"wp-block-paragraph\">Si certains ont r\u00e9ussi \u00e0 franchir un cap, beaucoup quittent encore le <strong>National-Foot pour des clubs ou championnats de niveau inf\u00e9rieur<\/strong>, sans r\u00e9elle garantie de progression.<\/p>\n\n\n\n<p class=\"wp-block-paragraph\"><strong>Partir \u00e0 l\u2019\u00e9tranger est-il forc\u00e9ment synonyme de r\u00e9ussite ?<\/strong> Pas n\u00e9cessairement. Un bon choix de carri\u00e8re doit privil\u00e9gier le niveau du championnat, le temps de jeu, la qualit\u00e9 de l\u2019encadrement et surtout les perspectives d\u2019\u00e9volution.<\/p>\n\n\n\n<figure class=\"wp-block-image size-large\"><img decoding=\"async\" width=\"1024\" height=\"796\" src=\"https:\/\/www.lesportif.info\/wp-content\/uploads\/2026\/03\/WhatsApp-Image-2025-10-11-a-12.12.10_8f62f793-1-1024x796.jpg\" alt=\"\" class=\"wp-image-104091\" srcset=\"https:\/\/www.lesportif.info\/wp-content\/uploads\/2026\/03\/WhatsApp-Image-2025-10-11-a-12.12.10_8f62f793-1-1024x796.jpg 1024w, https:\/\/www.lesportif.info\/wp-content\/uploads\/2026\/03\/WhatsApp-Image-2025-10-11-a-12.12.10_8f62f793-1-300x233.jpg 300w, https:\/\/www.lesportif.info\/wp-content\/uploads\/2026\/03\/WhatsApp-Image-2025-10-11-a-12.12.10_8f62f793-1-768x597.jpg 768w, https:\/\/www.lesportif.info\/wp-content\/uploads\/2026\/03\/WhatsApp-Image-2025-10-11-a-12.12.10_8f62f793-1-128x100.jpg 128w, https:\/\/www.lesportif.info\/wp-content\/uploads\/2026\/03\/WhatsApp-Image-2025-10-11-a-12.12.10_8f62f793-1-32x25.jpg 32w, https:\/\/www.lesportif.info\/wp-content\/uploads\/2026\/03\/WhatsApp-Image-2025-10-11-a-12.12.10_8f62f793-1.jpg 1280w\" sizes=\"(max-width: 1024px) 100vw, 1024px\" \/><\/figure>\n\n\n\n<p class=\"wp-block-paragraph\">Car quitter le Gabon pour devenir rempla\u00e7ant, voire \u00e9voluer dans une division inf\u00e9rieure, peut-il r\u00e9ellement renforcer les Panth\u00e8res ?<\/p>\n\n\n\n<p class=\"wp-block-paragraph\"><strong>Le probl\u00e8me n\u2019est donc pas de partir, mais de partir pour progresser.<\/strong> Le Gabon a besoin de joueurs habitu\u00e9s au haut niveau pour construire une s\u00e9lection comp\u00e9titive.<\/p>\n\n\n\n<figure class=\"wp-block-image size-full is-resized\"><img loading=\"lazy\" decoding=\"async\" width=\"728\" height=\"90\" src=\"https:\/\/www.lesportif.info\/wp-content\/uploads\/2026\/03\/WhatsApp-Image-2025-10-10-a-15.05.44_42d8126a-1.jpg\" alt=\"\" class=\"wp-image-104090\" style=\"width:840px;height:auto\" srcset=\"https:\/\/www.lesportif.info\/wp-content\/uploads\/2026\/03\/WhatsApp-Image-2025-10-10-a-15.05.44_42d8126a-1.jpg 728w, https:\/\/www.lesportif.info\/wp-content\/uploads\/2026\/03\/WhatsApp-Image-2025-10-10-a-15.05.44_42d8126a-1-300x37.jpg 300w, https:\/\/www.lesportif.info\/wp-content\/uploads\/2026\/03\/WhatsApp-Image-2025-10-10-a-15.05.44_42d8126a-1-128x16.jpg 128w, https:\/\/www.lesportif.info\/wp-content\/uploads\/2026\/03\/WhatsApp-Image-2025-10-10-a-15.05.44_42d8126a-1-32x4.jpg 32w\" sizes=\"(max-width: 728px) 100vw, 728px\" \/><\/figure>\n\n\n\n<p class=\"wp-block-paragraph\">\u00c0 Mign\u00e9 d\u00e9sormais de faire ses choix\u2026 mais derri\u00e8re sa premi\u00e8re liste, <strong>c\u2019est toute la politique de carri\u00e8re des footballeurs gabonais qui m\u00e9rite d\u2019\u00eatre repens\u00e9e.<\/strong><\/p>\n","protected":false},"excerpt":{"rendered":"<p>\u00c0 quelques jours de la premi\u00e8re liste de S\u00e9bastien Mign\u00e9, le mercato des joueurs gabonais pose question.<\/p>\n","protected":false},"author":25,"featured_media":104442,"comment_status":"open","ping_status":"open","sticky":false,"template":"","format":"standard","meta":{"_uag_custom_page_level_css":"","footnotes":""},"categories":[75,28,4,10],"tags":[],"class_list":["post-104441","post","type-post","status-publish","format-standard","has-post-thumbnail","hentry","category-a-la-une","category-football","category-gabon","category-mercato"],"yoast_head":"<!-- This site is optimized with the Yoast SEO plugin v28.3 - https:\/\/yoast.com\/product\/yoast-seo-wordpress\/ -->\n<title>Mercato : les choix de carri\u00e8re des Gabonais inqui\u00e8tent ! - Lesportif<\/title>\n<meta name=\"robots\" content=\"index, follow, max-snippet:-1, max-image-preview:large, max-video-preview:-1\" \/>\n<link rel=\"canonical\" href=\"https:\/\/www.lesportif.info\/?p=104441\" \/>\n<meta property=\"og:locale\" content=\"fr_FR\" \/>\n<meta property=\"og:type\" content=\"article\" \/>\n<meta property=\"og:title\" content=\"Mercato : les choix de carri\u00e8re des Gabonais inqui\u00e8tent ! - Lesportif\" \/>\n<meta property=\"og:description\" content=\"\u00c0 quelques jours de la premi\u00e8re liste de S\u00e9bastien Mign\u00e9, le mercato des joueurs gabonais pose question.\" \/>\n<meta property=\"og:url\" content=\"https:\/\/www.lesportif.info\/?p=104441\" \/>\n<meta property=\"og:site_name\" content=\"Lesportif\" \/>\n<meta property=\"article:publisher\" content=\"https:\/\/www.facebook.com\/lesportif.site\/\" \/>\n<meta property=\"article:published_time\" content=\"2026-09-04T11:26:44+00:00\" \/>\n<meta property=\"article:modified_time\" content=\"2026-09-04T11:26:46+00:00\" \/>\n<meta property=\"og:image\" content=\"https:\/\/www.lesportif.info\/wp-content\/uploads\/2026\/09\/Mercato-4.jpg\" \/>\n\t<meta property=\"og:image:width\" content=\"1754\" \/>\n\t<meta property=\"og:image:height\" content=\"1240\" \/>\n\t<meta property=\"og:image:type\" content=\"image\/jpeg\" \/>\n<meta name=\"author\" content=\"Mon&#039;Nkodjeign\" \/>\n<meta name=\"twitter:card\" content=\"summary_large_image\" \/>\n<meta name=\"twitter:label1\" content=\"\u00c9crit par\" \/>\n\t<meta name=\"twitter:data1\" content=\"Mon&#039;Nkodjeign\" \/>\n\t<meta name=\"twitter:label2\" content=\"Dur\u00e9e de lecture estim\u00e9e\" \/>\n\t<meta name=\"twitter:data2\" content=\"2 minutes\" \/>\n<script type=\"application\/ld+json\" class=\"yoast-schema-graph\">{\"@context\":\"https:\\\/\\\/schema.org\",\"@graph\":[{\"@type\":\"Article\",\"@id\":\"https:\\\/\\\/www.lesportif.info\\\/?p=104441#article\",\"isPartOf\":{\"@id\":\"https:\\\/\\\/www.lesportif.info\\\/?p=104441\"},\"author\":{\"name\":\"Mon'Nkodjeign\",\"@id\":\"https:\\\/\\\/www.lesportif.info\\\/#\\\/schema\\\/person\\\/abb39750e32feeda4e0dd414ddb39896\"},\"headline\":\"Mercato : les choix de carri\u00e8re des Gabonais inqui\u00e8tent !\",\"datePublished\":\"2026-09-04T11:26:44+00:00\",\"dateModified\":\"2026-09-04T11:26:46+00:00\",\"mainEntityOfPage\":{\"@id\":\"https:\\\/\\\/www.lesportif.info\\\/?p=104441\"},\"wordCount\":183,\"commentCount\":0,\"publisher\":{\"@id\":\"https:\\\/\\\/www.lesportif.info\\\/#organization\"},\"image\":{\"@id\":\"https:\\\/\\\/www.lesportif.info\\\/?p=104441#primaryimage\"},\"thumbnailUrl\":\"https:\\\/\\\/www.lesportif.info\\\/wp-content\\\/uploads\\\/2026\\\/09\\\/Mercato-4.jpg\",\"articleSection\":[\"A LA UNE\",\"FOOTBALL\",\"Gabon\",\"Mercato\"],\"inLanguage\":\"fr-FR\",\"potentialAction\":[{\"@type\":\"CommentAction\",\"name\":\"Comment\",\"target\":[\"https:\\\/\\\/www.lesportif.info\\\/?p=104441#respond\"]}]},{\"@type\":\"WebPage\",\"@id\":\"https:\\\/\\\/www.lesportif.info\\\/?p=104441\",\"url\":\"https:\\\/\\\/www.lesportif.info\\\/?p=104441\",\"name\":\"Mercato : les choix de carri\u00e8re des Gabonais inqui\u00e8tent ! - Lesportif\",\"isPartOf\":{\"@id\":\"https:\\\/\\\/www.lesportif.info\\\/#website\"},\"primaryImageOfPage\":{\"@id\":\"https:\\\/\\\/www.lesportif.info\\\/?p=104441#primaryimage\"},\"image\":{\"@id\":\"https:\\\/\\\/www.lesportif.info\\\/?p=104441#primaryimage\"},\"thumbnailUrl\":\"https:\\\/\\\/www.lesportif.info\\\/wp-content\\\/uploads\\\/2026\\\/09\\\/Mercato-4.jpg\",\"datePublished\":\"2026-09-04T11:26:44+00:00\",\"dateModified\":\"2026-09-04T11:26:46+00:00\",\"breadcrumb\":{\"@id\":\"https:\\\/\\\/www.lesportif.info\\\/?p=104441#breadcrumb\"},\"inLanguage\":\"fr-FR\",\"potentialAction\":[{\"@type\":\"ReadAction\",\"target\":[\"https:\\\/\\\/www.lesportif.info\\\/?p=104441\"]}]},{\"@type\":\"ImageObject\",\"inLanguage\":\"fr-FR\",\"@id\":\"https:\\\/\\\/www.lesportif.info\\\/?p=104441#primaryimage\",\"url\":\"https:\\\/\\\/www.lesportif.info\\\/wp-content\\\/uploads\\\/2026\\\/09\\\/Mercato-4.jpg\",\"contentUrl\":\"https:\\\/\\\/www.lesportif.info\\\/wp-content\\\/uploads\\\/2026\\\/09\\\/Mercato-4.jpg\",\"width\":1754,\"height\":1240},{\"@type\":\"BreadcrumbList\",\"@id\":\"https:\\\/\\\/www.lesportif.info\\\/?p=104441#breadcrumb\",\"itemListElement\":[{\"@type\":\"ListItem\",\"position\":1,\"name\":\"Accueil\",\"item\":\"https:\\\/\\\/www.lesportif.info\\\/\"},{\"@type\":\"ListItem\",\"position\":2,\"name\":\"Mercato : les choix de carri\u00e8re des Gabonais inqui\u00e8tent !\"}]},{\"@type\":\"WebSite\",\"@id\":\"https:\\\/\\\/www.lesportif.info\\\/#website\",\"url\":\"https:\\\/\\\/www.lesportif.info\\\/\",\"name\":\"www.lesportif:info\",\"description\":\"L&#039;information juste et v\u00e9rifi\u00e9e\",\"publisher\":{\"@id\":\"https:\\\/\\\/www.lesportif.info\\\/#organization\"},\"alternateName\":\"Lesportif\",\"potentialAction\":[{\"@type\":\"SearchAction\",\"target\":{\"@type\":\"EntryPoint\",\"urlTemplate\":\"https:\\\/\\\/www.lesportif.info\\\/?s={search_term_string}\"},\"query-input\":{\"@type\":\"PropertyValueSpecification\",\"valueRequired\":true,\"valueName\":\"search_term_string\"}}],\"inLanguage\":\"fr-FR\"},{\"@type\":\"Organization\",\"@id\":\"https:\\\/\\\/www.lesportif.info\\\/#organization\",\"name\":\"Lesportif\",\"alternateName\":\"Lesportif\",\"url\":\"https:\\\/\\\/www.lesportif.info\\\/\",\"logo\":{\"@type\":\"ImageObject\",\"inLanguage\":\"fr-FR\",\"@id\":\"https:\\\/\\\/www.lesportif.info\\\/#\\\/schema\\\/logo\\\/image\\\/\",\"url\":\"https:\\\/\\\/www.lesportif.info\\\/wp-content\\\/uploads\\\/2023\\\/12\\\/cropped-logo-noel-removebg-preview.png\",\"contentUrl\":\"https:\\\/\\\/www.lesportif.info\\\/wp-content\\\/uploads\\\/2023\\\/12\\\/cropped-logo-noel-removebg-preview.png\",\"width\":482,\"height\":482,\"caption\":\"Lesportif\"},\"image\":{\"@id\":\"https:\\\/\\\/www.lesportif.info\\\/#\\\/schema\\\/logo\\\/image\\\/\"},\"sameAs\":[\"https:\\\/\\\/www.facebook.com\\\/lesportif.site\\\/\"]},{\"@type\":\"Person\",\"@id\":\"https:\\\/\\\/www.lesportif.info\\\/#\\\/schema\\\/person\\\/abb39750e32feeda4e0dd414ddb39896\",\"name\":\"Mon'Nkodjeign\",\"image\":{\"@type\":\"ImageObject\",\"inLanguage\":\"fr-FR\",\"@id\":\"https:\\\/\\\/secure.gravatar.com\\\/avatar\\\/d5491a5fae2057073174d0c84a2c2384f8d14092ad2a85959a5e734034b58e8b?s=96&d=mm&r=g\",\"url\":\"https:\\\/\\\/secure.gravatar.com\\\/avatar\\\/d5491a5fae2057073174d0c84a2c2384f8d14092ad2a85959a5e734034b58e8b?s=96&d=mm&r=g\",\"contentUrl\":\"https:\\\/\\\/secure.gravatar.com\\\/avatar\\\/d5491a5fae2057073174d0c84a2c2384f8d14092ad2a85959a5e734034b58e8b?s=96&d=mm&r=g\",\"caption\":\"Mon'Nkodjeign\"},\"url\":\"https:\\\/\\\/www.lesportif.info\\\/?author=25\"}]}<\/script>\n<!-- \/ Yoast SEO plugin. -->","yoast_head_json":{"title":"Mercato : les choix de carri\u00e8re des Gabonais inqui\u00e8tent ! - Lesportif","robots":{"index":"index","follow":"follow","max-snippet":"max-snippet:-1","max-image-preview":"max-image-preview:large","max-video-preview":"max-video-preview:-1"},"canonical":"https:\/\/www.lesportif.info\/?p=104441","og_locale":"fr_FR","og_type":"article","og_title":"Mercato : les choix de carri\u00e8re des Gabonais inqui\u00e8tent ! - Lesportif","og_description":"\u00c0 quelques jours de la premi\u00e8re liste de S\u00e9bastien Mign\u00e9, le mercato des joueurs gabonais pose question.","og_url":"https:\/\/www.lesportif.info\/?p=104441","og_site_name":"Lesportif","article_publisher":"https:\/\/www.facebook.com\/lesportif.site\/","article_published_time":"2026-09-04T11:26:44+00:00","article_modified_time":"2026-09-04T11:26:46+00:00","og_image":[{"width":1754,"height":1240,"url":"https:\/\/www.lesportif.info\/wp-content\/uploads\/2026\/09\/Mercato-4.jpg","type":"image\/jpeg"}],"author":"Mon'Nkodjeign","twitter_card":"summary_large_image","twitter_misc":{"\u00c9crit par":"Mon'Nkodjeign","Dur\u00e9e de lecture estim\u00e9e":"2 minutes"},"schema":{"@context":"https:\/\/schema.org","@graph":[{"@type":"Article","@id":"https:\/\/www.lesportif.info\/?p=104441#article","isPartOf":{"@id":"https:\/\/www.lesportif.info\/?p=104441"},"author":{"name":"Mon'Nkodjeign","@id":"https:\/\/www.lesportif.info\/#\/schema\/person\/abb39750e32feeda4e0dd414ddb39896"},"headline":"Mercato : les choix de carri\u00e8re des Gabonais inqui\u00e8tent !","datePublished":"2026-09-04T11:26:44+00:00","dateModified":"2026-09-04T11:26:46+00:00","mainEntityOfPage":{"@id":"https:\/\/www.lesportif.info\/?p=104441"},"wordCount":183,"commentCount":0,"publisher":{"@id":"https:\/\/www.lesportif.info\/#organization"},"image":{"@id":"https:\/\/www.lesportif.info\/?p=104441#primaryimage"},"thumbnailUrl":"https:\/\/www.lesportif.info\/wp-content\/uploads\/2026\/09\/Mercato-4.jpg","articleSection":["A LA UNE","FOOTBALL","Gabon","Mercato"],"inLanguage":"fr-FR","potentialAction":[{"@type":"CommentAction","name":"Comment","target":["https:\/\/www.lesportif.info\/?p=104441#respond"]}]},{"@type":"WebPage","@id":"https:\/\/www.lesportif.info\/?p=104441","url":"https:\/\/www.lesportif.info\/?p=104441","name":"Mercato : les choix de carri\u00e8re des Gabonais inqui\u00e8tent ! - Lesportif","isPartOf":{"@id":"https:\/\/www.lesportif.info\/#website"},"primaryImageOfPage":{"@id":"https:\/\/www.lesportif.info\/?p=104441#primaryimage"},"image":{"@id":"https:\/\/www.lesportif.info\/?p=104441#primaryimage"},"thumbnailUrl":"https:\/\/www.lesportif.info\/wp-content\/uploads\/2026\/09\/Mercato-4.jpg","datePublished":"2026-09-04T11:26:44+00:00","dateModified":"2026-09-04T11:26:46+00:00","breadcrumb":{"@id":"https:\/\/www.lesportif.info\/?p=104441#breadcrumb"},"inLanguage":"fr-FR","potentialAction":[{"@type":"ReadAction","target":["https:\/\/www.lesportif.info\/?p=104441"]}]},{"@type":"ImageObject","inLanguage":"fr-FR","@id":"https:\/\/www.lesportif.info\/?p=104441#primaryimage","url":"https:\/\/www.lesportif.info\/wp-content\/uploads\/2026\/09\/Mercato-4.jpg","contentUrl":"https:\/\/www.lesportif.info\/wp-content\/uploads\/2026\/09\/Mercato-4.jpg","width":1754,"height":1240},{"@type":"BreadcrumbList","@id":"https:\/\/www.lesportif.info\/?p=104441#breadcrumb","itemListElement":[{"@type":"ListItem","position":1,"name":"Accueil","item":"https:\/\/www.lesportif.info\/"},{"@type":"ListItem","position":2,"name":"Mercato : les choix de carri\u00e8re des Gabonais inqui\u00e8tent !"}]},{"@type":"WebSite","@id":"https:\/\/www.lesportif.info\/#website","url":"https:\/\/www.lesportif.info\/","name":"www.lesportif:info","description":"L&#039;information juste et v\u00e9rifi\u00e9e","publisher":{"@id":"https:\/\/www.lesportif.info\/#organization"},"alternateName":"Lesportif","potentialAction":[{"@type":"SearchAction","target":{"@type":"EntryPoint","urlTemplate":"https:\/\/www.lesportif.info\/?s={search_term_string}"},"query-input":{"@type":"PropertyValueSpecification","valueRequired":true,"valueName":"search_term_string"}}],"inLanguage":"fr-FR"},{"@type":"Organization","@id":"https:\/\/www.lesportif.info\/#organization","name":"Lesportif","alternateName":"Lesportif","url":"https:\/\/www.lesportif.info\/","logo":{"@type":"ImageObject","inLanguage":"fr-FR","@id":"https:\/\/www.lesportif.info\/#\/schema\/logo\/image\/","url":"https:\/\/www.lesportif.info\/wp-content\/uploads\/2023\/12\/cropped-logo-noel-removebg-preview.png","contentUrl":"https:\/\/www.lesportif.info\/wp-content\/uploads\/2023\/12\/cropped-logo-noel-removebg-preview.png","width":482,"height":482,"caption":"Lesportif"},"image":{"@id":"https:\/\/www.lesportif.info\/#\/schema\/logo\/image\/"},"sameAs":["https:\/\/www.facebook.com\/lesportif.site\/"]},{"@type":"Person","@id":"https:\/\/www.lesportif.info\/#\/schema\/person\/abb39750e32feeda4e0dd414ddb39896","name":"Mon'Nkodjeign","image":{"@type":"ImageObject","inLanguage":"fr-FR","@id":"https:\/\/secure.gravatar.com\/avatar\/d5491a5fae2057073174d0c84a2c2384f8d14092ad2a85959a5e734034b58e8b?s=96&d=mm&r=g","url":"https:\/\/secure.gravatar.com\/avatar\/d5491a5fae2057073174d0c84a2c2384f8d14092ad2a85959a5e734034b58e8b?s=96&d=mm&r=g","contentUrl":"https:\/\/secure.gravatar.com\/avatar\/d5491a5fae2057073174d0c84a2c2384f8d14092ad2a85959a5e734034b58e8b?s=96&d=mm&r=g","caption":"Mon'Nkodjeign"},"url":"https:\/\/www.lesportif.info\/?author=25"}]}},"uagb_featured_image_src":{"full":["https:\/\/www.lesportif.info\/wp-content\/uploads\/2026\/09\/Mercato-4.jpg",1754,1240,false],"thumbnail":["https:\/\/www.lesportif.info\/wp-content\/uploads\/2026\/09\/Mercato-4-150x150.jpg",150,150,true],"medium":["https:\/\/www.lesportif.info\/wp-content\/uploads\/2026\/09\/Mercato-4-300x212.jpg",300,212,true],"medium_large":["https:\/\/www.lesportif.info\/wp-content\/uploads\/2026\/09\/Mercato-4-768x543.jpg",650,460,true],"large":["https:\/\/www.lesportif.info\/wp-content\/uploads\/2026\/09\/Mercato-4-1024x724.jpg",650,460,true],"1536x1536":["https:\/\/www.lesportif.info\/wp-content\/uploads\/2026\/09\/Mercato-4-1536x1086.jpg",1536,1086,true],"2048x2048":["https:\/\/www.lesportif.info\/wp-content\/uploads\/2026\/09\/Mercato-4.jpg",1754,1240,false],"smart-post-landscape":["https:\/\/www.lesportif.info\/wp-content\/uploads\/2026\/09\/Mercato-4-870x570.jpg",870,570,true],"smart-post-portrait":["https:\/\/www.lesportif.info\/wp-content\/uploads\/2026\/09\/Mercato-4-600x900.jpg",600,900,true],"sportspress-crop-medium":["https:\/\/www.lesportif.info\/wp-content\/uploads\/2026\/09\/Mercato-4-300x300.jpg",300,300,true],"sportspress-fit-medium":["https:\/\/www.lesportif.info\/wp-content\/uploads\/2026\/09\/Mercato-4-300x212.jpg",300,212,true],"sportspress-fit-icon":["https:\/\/www.lesportif.info\/wp-content\/uploads\/2026\/09\/Mercato-4-128x90.jpg",128,90,true],"sportspress-fit-mini":["https:\/\/www.lesportif.info\/wp-content\/uploads\/2026\/09\/Mercato-4-32x23.jpg",32,23,true],"ultp_layout_landscape_large":["https:\/\/www.lesportif.info\/wp-content\/uploads\/2026\/09\/Mercato-4-1200x800.jpg",1200,800,true],"ultp_layout_landscape":["https:\/\/www.lesportif.info\/wp-content\/uploads\/2026\/09\/Mercato-4-870x570.jpg",870,570,true],"ultp_layout_portrait":["https:\/\/www.lesportif.info\/wp-content\/uploads\/2026\/09\/Mercato-4-600x900.jpg",600,900,true],"ultp_layout_square":["https:\/\/www.lesportif.info\/wp-content\/uploads\/2026\/09\/Mercato-4-600x600.jpg",600,600,true]},"uagb_author_info":{"display_name":"Mon'Nkodjeign","author_link":"https:\/\/www.lesportif.info\/?author=25"},"uagb_comment_info":0,"uagb_excerpt":"\u00c0 quelques jours de la premi\u00e8re liste de S\u00e9bastien Mign\u00e9, le mercato des joueurs gabonais pose question.","featured_image_urls":{"full":["https:\/\/www.lesportif.info\/wp-content\/uploads\/2026\/09\/Mercato-4.jpg",1754,1240,false],"thumbnail":["https:\/\/www.lesportif.info\/wp-content\/uploads\/2026\/09\/Mercato-4-150x150.jpg",150,150,true],"medium":["https:\/\/www.lesportif.info\/wp-content\/uploads\/2026\/09\/Mercato-4-300x212.jpg",300,212,true],"medium_large":["https:\/\/www.lesportif.info\/wp-content\/uploads\/2026\/09\/Mercato-4-768x543.jpg",650,460,true],"large":["https:\/\/www.lesportif.info\/wp-content\/uploads\/2026\/09\/Mercato-4-1024x724.jpg",650,460,true],"1536x1536":["https:\/\/www.lesportif.info\/wp-content\/uploads\/2026\/09\/Mercato-4-1536x1086.jpg",1536,1086,true],"2048x2048":["https:\/\/www.lesportif.info\/wp-content\/uploads\/2026\/09\/Mercato-4.jpg",1754,1240,false],"smart-post-landscape":["https:\/\/www.lesportif.info\/wp-content\/uploads\/2026\/09\/Mercato-4-870x570.jpg",870,570,true],"smart-post-portrait":["https:\/\/www.lesportif.info\/wp-content\/uploads\/2026\/09\/Mercato-4-600x900.jpg",600,900,true],"sportspress-crop-medium":["https:\/\/www.lesportif.info\/wp-content\/uploads\/2026\/09\/Mercato-4-300x300.jpg",300,300,true],"sportspress-fit-medium":["https:\/\/www.lesportif.info\/wp-content\/uploads\/2026\/09\/Mercato-4-300x212.jpg",300,212,true],"sportspress-fit-icon":["https:\/\/www.lesportif.info\/wp-content\/uploads\/2026\/09\/Mercato-4-128x90.jpg",128,90,true],"sportspress-fit-mini":["https:\/\/www.lesportif.info\/wp-content\/uploads\/2026\/09\/Mercato-4-32x23.jpg",32,23,true],"ultp_layout_landscape_large":["https:\/\/www.lesportif.info\/wp-content\/uploads\/2026\/09\/Mercato-4-1200x800.jpg",1200,800,true],"ultp_layout_landscape":["https:\/\/www.lesportif.info\/wp-content\/uploads\/2026\/09\/Mercato-4-870x570.jpg",870,570,true],"ultp_layout_portrait":["https:\/\/www.lesportif.info\/wp-content\/uploads\/2026\/09\/Mercato-4-600x900.jpg",600,900,true],"ultp_layout_square":["https:\/\/www.lesportif.info\/wp-content\/uploads\/2026\/09\/Mercato-4-600x600.jpg",600,600,true]},"author_info":{"display_name":"Mon'Nkodjeign","author_link":"https:\/\/www.lesportif.info\/?author=25"},"category_info":"<a href=\"https:\/\/www.lesportif.info\/?cat=75\" rel=\"category\">A LA UNE<\/a> <a href=\"https:\/\/www.lesportif.info\/?cat=28\" rel=\"category\">FOOTBALL<\/a> <a href=\"https:\/\/www.lesportif.info\/?cat=4\" rel=\"category\">Gabon<\/a> <a href=\"https:\/\/www.lesportif.info\/?cat=10\" rel=\"category\">Mercato<\/a>","tag_info":"Mercato","comment_count":"0","rttpg_featured_image_url":{"full":["https:\/\/www.lesportif.info\/wp-content\/uploads\/2026\/09\/Mercato-4.jpg",1754,1240,false],"landscape":["https:\/\/www.lesportif.info\/wp-content\/uploads\/2026\/09\/Mercato-4.jpg",1754,1240,false],"portraits":["https:\/\/www.lesportif.info\/wp-content\/uploads\/2026\/09\/Mercato-4.jpg",1754,1240,false],"thumbnail":["https:\/\/www.lesportif.info\/wp-content\/uploads\/2026\/09\/Mercato-4-150x150.jpg",150,150,true],"medium":["https:\/\/www.lesportif.info\/wp-content\/uploads\/2026\/09\/Mercato-4-300x212.jpg",300,212,true],"large":["https:\/\/www.lesportif.info\/wp-content\/uploads\/2026\/09\/Mercato-4-1024x724.jpg",650,460,true],"1536x1536":["https:\/\/www.lesportif.info\/wp-content\/uploads\/2026\/09\/Mercato-4-1536x1086.jpg",1536,1086,true],"2048x2048":["https:\/\/www.lesportif.info\/wp-content\/uploads\/2026\/09\/Mercato-4.jpg",1754,1240,false],"smart-post-landscape":["https:\/\/www.lesportif.info\/wp-content\/uploads\/2026\/09\/Mercato-4-870x570.jpg",870,570,true],"smart-post-portrait":["https:\/\/www.lesportif.info\/wp-content\/uploads\/2026\/09\/Mercato-4-600x900.jpg",600,900,true],"sportspress-crop-medium":["https:\/\/www.lesportif.info\/wp-content\/uploads\/2026\/09\/Mercato-4-300x300.jpg",300,300,true],"sportspress-fit-medium":["https:\/\/www.lesportif.info\/wp-content\/uploads\/2026\/09\/Mercato-4-300x212.jpg",300,212,true],"sportspress-fit-icon":["https:\/\/www.lesportif.info\/wp-content\/uploads\/2026\/09\/Mercato-4-128x90.jpg",128,90,true],"sportspress-fit-mini":["https:\/\/www.lesportif.info\/wp-content\/uploads\/2026\/09\/Mercato-4-32x23.jpg",32,23,true],"ultp_layout_landscape_large":["https:\/\/www.lesportif.info\/wp-content\/uploads\/2026\/09\/Mercato-4-1200x800.jpg",1200,800,true],"ultp_layout_landscape":["https:\/\/www.lesportif.info\/wp-content\/uploads\/2026\/09\/Mercato-4-870x570.jpg",870,570,true],"ultp_layout_portrait":["https:\/\/www.lesportif.info\/wp-content\/uploads\/2026\/09\/Mercato-4-600x900.jpg",600,900,true],"ultp_layout_square":["https:\/\/www.lesportif.info\/wp-content\/uploads\/2026\/09\/Mercato-4-600x600.jpg",600,600,true]},"rttpg_author":{"display_name":"Mon'Nkodjeign","author_link":"https:\/\/www.lesportif.info\/?author=25"},"rttpg_comment":0,"rttpg_category":"<a href=\"https:\/\/www.lesportif.info\/?cat=75\" rel=\"category\">A LA UNE<\/a> <a href=\"https:\/\/www.lesportif.info\/?cat=28\" rel=\"category\">FOOTBALL<\/a> <a href=\"https:\/\/www.lesportif.info\/?cat=4\" rel=\"category\">Gabon<\/a> <a href=\"https:\/\/www.lesportif.info\/?cat=10\" rel=\"category\">Mercato<\/a>","rttpg_excerpt":"\u00c0 quelques jours de la premi\u00e8re liste de S\u00e9bastien Mign\u00e9, le mercato des joueurs gabonais pose question.","_links":{"self":[{"href":"https:\/\/www.lesportif.info\/index.php?rest_route=\/wp\/v2\/posts\/104441","targetHints":{"allow":["GET"]}}],"collection":[{"href":"https:\/\/www.lesportif.info\/index.php?rest_route=\/wp\/v2\/posts"}],"about":[{"href":"https:\/\/www.lesportif.info\/index.php?rest_route=\/wp\/v2\/types\/post"}],"author":[{"embeddable":true,"href":"https:\/\/www.lesportif.info\/index.php?rest_route=\/wp\/v2\/users\/25"}],"replies":[{"embeddable":true,"href":"https:\/\/www.lesportif.info\/index.php?rest_route=%2Fwp%2Fv2%2Fcomments&post=104441"}],"version-history":[{"count":2,"href":"https:\/\/www.lesportif.info\/index.php?rest_route=\/wp\/v2\/posts\/104441\/revisions"}],"predecessor-version":[{"id":104444,"href":"https:\/\/www.lesportif.info\/index.php?rest_route=\/wp\/v2\/posts\/104441\/revisions\/104444"}],"wp:featuredmedia":[{"embeddable":true,"href":"https:\/\/www.lesportif.info\/index.php?rest_route=\/wp\/v2\/media\/104442"}],"wp:attachment":[{"href":"https:\/\/www.lesportif.info\/index.php?rest_route=%2Fwp%2Fv2%2Fmedia&parent=104441"}],"wp:term":[{"taxonomy":"category","embeddable":true,"href":"https:\/\/www.lesportif.info\/index.php?rest_route=%2Fwp%2Fv2%2Fcategories&post=104441"},{"taxonomy":"post_tag","embeddable":true,"href":"https:\/\/www.lesportif.info\/index.php?rest_route=%2Fwp%2Fv2%2Ftags&post=104441"}],"curies":[{"name":"wp","href":"https:\/\/api.w.org\/{rel}","templated":true}]}}