{"id":104438,"date":"2026-09-03T12:54:31","date_gmt":"2026-09-03T11:54:31","guid":{"rendered":"https:\/\/www.lesportif.info\/?p=104438"},"modified":"2026-09-03T12:54:32","modified_gmt":"2026-09-03T11:54:32","slug":"pantheres-apres-la-dissolution-le-gabon-refait-il-les-memes-erreurs","status":"publish","type":"post","link":"https:\/\/www.lesportif.info\/?p=104438","title":{"rendered":"Panth\u00e8res : apr\u00e8s la dissolution, le gabon refait-il les m\u00eames erreurs ?"},"content":{"rendered":"\n<p class=\"wp-block-paragraph\"><strong>Les d\u00e9clarations de Pierre-Emerick Aubameyang viennent raviver une question que le football gabonais semble avoir soigneusement mise de c\u00f4t\u00e9 : qu\u2019est-ce qui n\u2019a r\u00e9ellement pas fonctionn\u00e9 au sein des Panth\u00e8res <\/strong>?<\/p>\n\n\n\n<figure class=\"wp-block-image size-large\"><img fetchpriority=\"high\" decoding=\"async\" width=\"1024\" height=\"683\" src=\"https:\/\/www.lesportif.info\/wp-content\/uploads\/2025\/12\/Zadig-10-1024x683.jpg\" alt=\"\" class=\"wp-image-103808\" srcset=\"https:\/\/www.lesportif.info\/wp-content\/uploads\/2025\/12\/Zadig-10-1024x683.jpg 1024w, https:\/\/www.lesportif.info\/wp-content\/uploads\/2025\/12\/Zadig-10-300x200.jpg 300w, https:\/\/www.lesportif.info\/wp-content\/uploads\/2025\/12\/Zadig-10-768x512.jpg 768w, https:\/\/www.lesportif.info\/wp-content\/uploads\/2025\/12\/Zadig-10-128x85.jpg 128w, https:\/\/www.lesportif.info\/wp-content\/uploads\/2025\/12\/Zadig-10-32x21.jpg 32w, https:\/\/www.lesportif.info\/wp-content\/uploads\/2025\/12\/Zadig-10-1200x800.jpg 1200w, https:\/\/www.lesportif.info\/wp-content\/uploads\/2025\/12\/Zadig-10.jpg 1440w\" sizes=\"(max-width: 1024px) 100vw, 1024px\" \/><\/figure>\n\n\n\n<p class=\"wp-block-paragraph\">Invit\u00e9 de l\u2019\u00e9mission Talent d\u2019Afrique sur Canal+, l\u2019attaquant gabonais est revenu sur les \u00e9v\u00e9nements ayant suivi la CAN 2025 au Maroc.<\/p>\n\n\n\n<p class=\"wp-block-paragraph\">Aubameyang \u00e9voque une p\u00e9riode v\u00e9cue comme une humiliation, rappelant notamment avoir particip\u00e9 \u00e0 la comp\u00e9tition alors qu\u2019il \u00e9tait bless\u00e9. Des propos qui interpellent, alors que son avenir avec la s\u00e9lection reste encore incertain.<\/p>\n\n\n\n<p class=\"wp-block-paragraph\">Mais au-del\u00e0 du cas Aubameyang, c\u2019est toute la gestion de l\u2019\u00e9quipe nationale qui m\u00e9rite aujourd\u2019hui d\u2019\u00eatre questionn\u00e9e.<\/p>\n\n\n\n<figure class=\"wp-block-image size-large\"><img decoding=\"async\" width=\"1024\" height=\"796\" src=\"https:\/\/www.lesportif.info\/wp-content\/uploads\/2026\/03\/WhatsApp-Image-2025-10-11-a-12.12.10_8f62f793-1024x796.jpg\" alt=\"\" class=\"wp-image-104083\" srcset=\"https:\/\/www.lesportif.info\/wp-content\/uploads\/2026\/03\/WhatsApp-Image-2025-10-11-a-12.12.10_8f62f793-1024x796.jpg 1024w, https:\/\/www.lesportif.info\/wp-content\/uploads\/2026\/03\/WhatsApp-Image-2025-10-11-a-12.12.10_8f62f793-300x233.jpg 300w, https:\/\/www.lesportif.info\/wp-content\/uploads\/2026\/03\/WhatsApp-Image-2025-10-11-a-12.12.10_8f62f793-768x597.jpg 768w, https:\/\/www.lesportif.info\/wp-content\/uploads\/2026\/03\/WhatsApp-Image-2025-10-11-a-12.12.10_8f62f793-128x100.jpg 128w, https:\/\/www.lesportif.info\/wp-content\/uploads\/2026\/03\/WhatsApp-Image-2025-10-11-a-12.12.10_8f62f793-32x25.jpg 32w, https:\/\/www.lesportif.info\/wp-content\/uploads\/2026\/03\/WhatsApp-Image-2025-10-11-a-12.12.10_8f62f793.jpg 1280w\" sizes=\"(max-width: 1024px) 100vw, 1024px\" \/><\/figure>\n\n\n\n<p class=\"wp-block-paragraph\"><strong>La dissolution des Panth\u00e8res : pour quelle v\u00e9ritable raison ?<\/strong><\/p>\n\n\n\n<p class=\"wp-block-paragraph\">La dissolution de l\u2019\u00e9quipe nationale avait \u00e9t\u00e9 pr\u00e9sent\u00e9e comme une r\u00e9ponse \u00e0 une situation devenue probl\u00e9matique. Mais une question demeure : apr\u00e8s avoir dissous les Panth\u00e8res, y a-t-il r\u00e9ellement eu une r\u00e9union de fond pour identifier les causes profondes du mal ?<\/p>\n\n\n\n<p class=\"wp-block-paragraph\">Quelles \u00e9taient les responsabilit\u00e9s des dirigeants ? Qu\u2019est-ce qui n\u2019allait pas dans la gestion de la s\u00e9lection ? Les joueurs \u00e9taient-ils les seuls responsables ?<\/p>\n\n\n\n<p class=\"wp-block-paragraph\">La F\u00e9d\u00e9ration ? La tutelle ? L\u2019encadrement technique ? L\u2019organisation des stages et des d\u00e9placements ?<\/p>\n\n\n\n<p class=\"wp-block-paragraph\">Et surtout, quelles mesures concr\u00e8tes ont \u00e9t\u00e9 prises pour que les m\u00eames probl\u00e8mes ne se reproduisent plus ?<\/p>\n\n\n\n<p class=\"wp-block-paragraph\">Car lorsqu\u2019on constate un probl\u00e8me, la dissolution ou la sanction ne peut \u00eatre qu\u2019une premi\u00e8re \u00e9tape. Il faut ensuite diagnostiquer, comprendre et apporter des solutions.<\/p>\n\n\n\n<p class=\"wp-block-paragraph\">Or, apr\u00e8s la CAN au Maroc, le sentiment qui domine est celui d\u2019un retour \u00e0 la case d\u00e9part.<\/p>\n\n\n\n<p class=\"wp-block-paragraph\"><strong>L\u2019\u00e9ternel recommencement<\/strong><\/p>\n\n\n\n<figure class=\"wp-block-image size-large\"><img decoding=\"async\" width=\"1024\" height=\"683\" src=\"https:\/\/www.lesportif.info\/wp-content\/uploads\/2025\/12\/45-1024x683.jpg\" alt=\"\" class=\"wp-image-103812\" srcset=\"https:\/\/www.lesportif.info\/wp-content\/uploads\/2025\/12\/45-1024x683.jpg 1024w, https:\/\/www.lesportif.info\/wp-content\/uploads\/2025\/12\/45-300x200.jpg 300w, https:\/\/www.lesportif.info\/wp-content\/uploads\/2025\/12\/45-768x512.jpg 768w, https:\/\/www.lesportif.info\/wp-content\/uploads\/2025\/12\/45-1536x1024.jpg 1536w, https:\/\/www.lesportif.info\/wp-content\/uploads\/2025\/12\/45-2048x1365.jpg 2048w, https:\/\/www.lesportif.info\/wp-content\/uploads\/2025\/12\/45-128x85.jpg 128w, https:\/\/www.lesportif.info\/wp-content\/uploads\/2025\/12\/45-32x21.jpg 32w, https:\/\/www.lesportif.info\/wp-content\/uploads\/2025\/12\/45-1200x800.jpg 1200w\" sizes=\"(max-width: 1024px) 100vw, 1024px\" \/><\/figure>\n\n\n\n<p class=\"wp-block-paragraph\">Aujourd\u2019hui, le d\u00e9bat sur les raisons qui avaient conduit \u00e0 la dissolution semble presque oubli\u00e9. On repart, on reconstruit, on nomme, on convoque\u2026 mais sans v\u00e9ritable autopsie du mal qui ronge notre football.<\/p>\n\n\n\n<p class=\"wp-block-paragraph\">Et c\u2019est peut-\u00eatre l\u00e0 le v\u00e9ritable probl\u00e8me.<\/p>\n\n\n\n<p class=\"wp-block-paragraph\">Le Gabon semble enferm\u00e9 dans un cycle : une crise \u00e9clate, des d\u00e9cisions sont prises dans l\u2019urgence, puis le temps passe et les v\u00e9ritables questions finissent par dispara\u00eetre.<\/p>\n\n\n\n<p class=\"wp-block-paragraph\">Qui est responsable ? Qui doit rendre des comptes ? Quelles erreurs ont \u00e9t\u00e9 commises ? Que faut-il changer ?<\/p>\n\n\n\n<p class=\"wp-block-paragraph\">Ces questions restent essentielles.<\/p>\n\n\n\n<p class=\"wp-block-paragraph\">L\u2019amateurisme, l\u2019improvisation et le manque de courage<\/p>\n\n\n\n<p class=\"wp-block-paragraph\">Le football gabonais souffre encore de plusieurs maux : l\u2019amateurisme, l\u2019improvisation et surtout le manque de courage pour pointer du doigt les v\u00e9ritables responsabilit\u00e9s.<\/p>\n\n\n\n<p class=\"wp-block-paragraph\">Car r\u00e9former une \u00e9quipe nationale ne consiste pas uniquement \u00e0 changer des hommes ou \u00e0 dissoudre une s\u00e9lection. Il faut avoir le courage de regarder l\u00e0 o\u00f9 \u00e7a fait mal.<\/p>\n\n\n\n<p class=\"wp-block-paragraph\">Les propos d\u2019Aubameyang devraient donc \u00eatre l\u2019occasion d\u2019ouvrir un v\u00e9ritable d\u00e9bat national sur la gestion des Panth\u00e8res.<\/p>\n\n\n\n<p class=\"wp-block-paragraph\">\u00c0 quelques jours du d\u00e9but des \u00e9liminatoires de la CAN 2027, le Gabon peut-il encore se permettre de fonctionner dans l\u2019urgence ?<\/p>\n\n\n\n<p class=\"wp-block-paragraph\"><strong>Avons-nous r\u00e9ellement tir\u00e9 les le\u00e7ons de la derni\u00e8re crise ?<\/strong><\/p>\n\n\n\n<p class=\"wp-block-paragraph\">Ou sommes-nous simplement en train de reconstruire les Panth\u00e8res avec les m\u00eames m\u00e9thodes, les m\u00eames habitudes et les m\u00eames insuffisances ?<\/p>\n\n\n\n<p class=\"wp-block-paragraph\">Le probl\u00e8me n\u2019est peut-\u00eatre plus seulement de savoir si Aubameyang va continuer avec les Panth\u00e8res.<\/p>\n\n\n\n<p class=\"wp-block-paragraph\">Le v\u00e9ritable enjeu est de savoir si le football gabonais est enfin pr\u00eat \u00e0 faire sa propre autopsie\u2026 avant qu\u2019une nouvelle crise ne l\u2019y oblige.<\/p>\n","protected":false},"excerpt":{"rendered":"<p>Les d\u00e9clarations de Pierre-Emerick Aubameyang viennent raviver une question que le football gabonais semble avoir soigneusement mise de c\u00f4t\u00e9 : qu\u2019est-ce qui n\u2019a r\u00e9ellement pas fonctionn\u00e9 au sein des Panth\u00e8res ?<\/p>\n","protected":false},"author":8,"featured_media":103264,"comment_status":"open","ping_status":"open","sticky":false,"template":"","format":"standard","meta":{"_uag_custom_page_level_css":"","footnotes":""},"categories":[75,93,28,4],"tags":[],"class_list":["post-104438","post","type-post","status-publish","format-standard","has-post-thumbnail","hentry","category-a-la-une","category-fegafoot","category-football","category-gabon"],"yoast_head":"<!-- This site is optimized with the Yoast SEO plugin v28.3 - https:\/\/yoast.com\/product\/yoast-seo-wordpress\/ -->\n<title>Panth\u00e8res : apr\u00e8s la dissolution, le gabon refait-il les m\u00eames erreurs ? - Lesportif<\/title>\n<meta name=\"robots\" content=\"index, follow, max-snippet:-1, max-image-preview:large, max-video-preview:-1\" \/>\n<link rel=\"canonical\" href=\"https:\/\/www.lesportif.info\/?p=104438\" \/>\n<meta property=\"og:locale\" content=\"fr_FR\" \/>\n<meta property=\"og:type\" content=\"article\" \/>\n<meta property=\"og:title\" content=\"Panth\u00e8res : apr\u00e8s la dissolution, le gabon refait-il les m\u00eames erreurs ? - Lesportif\" \/>\n<meta property=\"og:description\" content=\"Les d\u00e9clarations de Pierre-Emerick Aubameyang viennent raviver une question que le football gabonais semble avoir soigneusement mise de c\u00f4t\u00e9 : qu\u2019est-ce qui n\u2019a r\u00e9ellement pas fonctionn\u00e9 au sein des Panth\u00e8res ?\" \/>\n<meta property=\"og:url\" content=\"https:\/\/www.lesportif.info\/?p=104438\" \/>\n<meta property=\"og:site_name\" content=\"Lesportif\" \/>\n<meta property=\"article:publisher\" content=\"https:\/\/www.facebook.com\/lesportif.site\/\" \/>\n<meta property=\"article:published_time\" content=\"2026-09-03T11:54:31+00:00\" \/>\n<meta property=\"article:modified_time\" content=\"2026-09-03T11:54:32+00:00\" \/>\n<meta property=\"og:image\" content=\"https:\/\/www.lesportif.info\/wp-content\/uploads\/2025\/10\/486656268_658136703840921_7988972944493469097_n-1.jpg\" \/>\n\t<meta property=\"og:image:width\" content=\"2048\" \/>\n\t<meta property=\"og:image:height\" content=\"1348\" \/>\n\t<meta property=\"og:image:type\" content=\"image\/jpeg\" \/>\n<meta name=\"author\" content=\"Rodrigue BEKALE\" \/>\n<meta name=\"twitter:card\" content=\"summary_large_image\" \/>\n<meta name=\"twitter:label1\" content=\"\u00c9crit par\" \/>\n\t<meta name=\"twitter:data1\" content=\"Rodrigue BEKALE\" \/>\n\t<meta name=\"twitter:label2\" content=\"Dur\u00e9e de lecture estim\u00e9e\" \/>\n\t<meta name=\"twitter:data2\" content=\"4 minutes\" \/>\n<script type=\"application\/ld+json\" class=\"yoast-schema-graph\">{\"@context\":\"https:\\\/\\\/schema.org\",\"@graph\":[{\"@type\":\"Article\",\"@id\":\"https:\\\/\\\/www.lesportif.info\\\/?p=104438#article\",\"isPartOf\":{\"@id\":\"https:\\\/\\\/www.lesportif.info\\\/?p=104438\"},\"author\":{\"name\":\"Rodrigue BEKALE\",\"@id\":\"https:\\\/\\\/www.lesportif.info\\\/#\\\/schema\\\/person\\\/83c7e4c82495789c1397ae8c461c7bcb\"},\"headline\":\"Panth\u00e8res : apr\u00e8s la dissolution, le gabon refait-il les m\u00eames erreurs ?\",\"datePublished\":\"2026-09-03T11:54:31+00:00\",\"dateModified\":\"2026-09-03T11:54:32+00:00\",\"mainEntityOfPage\":{\"@id\":\"https:\\\/\\\/www.lesportif.info\\\/?p=104438\"},\"wordCount\":596,\"commentCount\":0,\"publisher\":{\"@id\":\"https:\\\/\\\/www.lesportif.info\\\/#organization\"},\"image\":{\"@id\":\"https:\\\/\\\/www.lesportif.info\\\/?p=104438#primaryimage\"},\"thumbnailUrl\":\"https:\\\/\\\/www.lesportif.info\\\/wp-content\\\/uploads\\\/2025\\\/10\\\/486656268_658136703840921_7988972944493469097_n-1.jpg\",\"articleSection\":[\"A LA UNE\",\"FEGAFOOT\",\"FOOTBALL\",\"Gabon\"],\"inLanguage\":\"fr-FR\",\"potentialAction\":[{\"@type\":\"CommentAction\",\"name\":\"Comment\",\"target\":[\"https:\\\/\\\/www.lesportif.info\\\/?p=104438#respond\"]}]},{\"@type\":\"WebPage\",\"@id\":\"https:\\\/\\\/www.lesportif.info\\\/?p=104438\",\"url\":\"https:\\\/\\\/www.lesportif.info\\\/?p=104438\",\"name\":\"Panth\u00e8res : apr\u00e8s la dissolution, le gabon refait-il les m\u00eames erreurs ? - Lesportif\",\"isPartOf\":{\"@id\":\"https:\\\/\\\/www.lesportif.info\\\/#website\"},\"primaryImageOfPage\":{\"@id\":\"https:\\\/\\\/www.lesportif.info\\\/?p=104438#primaryimage\"},\"image\":{\"@id\":\"https:\\\/\\\/www.lesportif.info\\\/?p=104438#primaryimage\"},\"thumbnailUrl\":\"https:\\\/\\\/www.lesportif.info\\\/wp-content\\\/uploads\\\/2025\\\/10\\\/486656268_658136703840921_7988972944493469097_n-1.jpg\",\"datePublished\":\"2026-09-03T11:54:31+00:00\",\"dateModified\":\"2026-09-03T11:54:32+00:00\",\"breadcrumb\":{\"@id\":\"https:\\\/\\\/www.lesportif.info\\\/?p=104438#breadcrumb\"},\"inLanguage\":\"fr-FR\",\"potentialAction\":[{\"@type\":\"ReadAction\",\"target\":[\"https:\\\/\\\/www.lesportif.info\\\/?p=104438\"]}]},{\"@type\":\"ImageObject\",\"inLanguage\":\"fr-FR\",\"@id\":\"https:\\\/\\\/www.lesportif.info\\\/?p=104438#primaryimage\",\"url\":\"https:\\\/\\\/www.lesportif.info\\\/wp-content\\\/uploads\\\/2025\\\/10\\\/486656268_658136703840921_7988972944493469097_n-1.jpg\",\"contentUrl\":\"https:\\\/\\\/www.lesportif.info\\\/wp-content\\\/uploads\\\/2025\\\/10\\\/486656268_658136703840921_7988972944493469097_n-1.jpg\",\"width\":2048,\"height\":1348},{\"@type\":\"BreadcrumbList\",\"@id\":\"https:\\\/\\\/www.lesportif.info\\\/?p=104438#breadcrumb\",\"itemListElement\":[{\"@type\":\"ListItem\",\"position\":1,\"name\":\"Accueil\",\"item\":\"https:\\\/\\\/www.lesportif.info\\\/\"},{\"@type\":\"ListItem\",\"position\":2,\"name\":\"Panth\u00e8res : apr\u00e8s la dissolution, le gabon refait-il les m\u00eames erreurs ?\"}]},{\"@type\":\"WebSite\",\"@id\":\"https:\\\/\\\/www.lesportif.info\\\/#website\",\"url\":\"https:\\\/\\\/www.lesportif.info\\\/\",\"name\":\"www.lesportif:info\",\"description\":\"L&#039;information juste et v\u00e9rifi\u00e9e\",\"publisher\":{\"@id\":\"https:\\\/\\\/www.lesportif.info\\\/#organization\"},\"alternateName\":\"Lesportif\",\"potentialAction\":[{\"@type\":\"SearchAction\",\"target\":{\"@type\":\"EntryPoint\",\"urlTemplate\":\"https:\\\/\\\/www.lesportif.info\\\/?s={search_term_string}\"},\"query-input\":{\"@type\":\"PropertyValueSpecification\",\"valueRequired\":true,\"valueName\":\"search_term_string\"}}],\"inLanguage\":\"fr-FR\"},{\"@type\":\"Organization\",\"@id\":\"https:\\\/\\\/www.lesportif.info\\\/#organization\",\"name\":\"Lesportif\",\"alternateName\":\"Lesportif\",\"url\":\"https:\\\/\\\/www.lesportif.info\\\/\",\"logo\":{\"@type\":\"ImageObject\",\"inLanguage\":\"fr-FR\",\"@id\":\"https:\\\/\\\/www.lesportif.info\\\/#\\\/schema\\\/logo\\\/image\\\/\",\"url\":\"https:\\\/\\\/www.lesportif.info\\\/wp-content\\\/uploads\\\/2023\\\/12\\\/cropped-logo-noel-removebg-preview.png\",\"contentUrl\":\"https:\\\/\\\/www.lesportif.info\\\/wp-content\\\/uploads\\\/2023\\\/12\\\/cropped-logo-noel-removebg-preview.png\",\"width\":482,\"height\":482,\"caption\":\"Lesportif\"},\"image\":{\"@id\":\"https:\\\/\\\/www.lesportif.info\\\/#\\\/schema\\\/logo\\\/image\\\/\"},\"sameAs\":[\"https:\\\/\\\/www.facebook.com\\\/lesportif.site\\\/\"]},{\"@type\":\"Person\",\"@id\":\"https:\\\/\\\/www.lesportif.info\\\/#\\\/schema\\\/person\\\/83c7e4c82495789c1397ae8c461c7bcb\",\"name\":\"Rodrigue BEKALE\",\"image\":{\"@type\":\"ImageObject\",\"inLanguage\":\"fr-FR\",\"@id\":\"https:\\\/\\\/secure.gravatar.com\\\/avatar\\\/b20acba8c29acb84044011935c726170aac89dcf6f5df9ba45c81044e6de7463?s=96&d=mm&r=g\",\"url\":\"https:\\\/\\\/secure.gravatar.com\\\/avatar\\\/b20acba8c29acb84044011935c726170aac89dcf6f5df9ba45c81044e6de7463?s=96&d=mm&r=g\",\"contentUrl\":\"https:\\\/\\\/secure.gravatar.com\\\/avatar\\\/b20acba8c29acb84044011935c726170aac89dcf6f5df9ba45c81044e6de7463?s=96&d=mm&r=g\",\"caption\":\"Rodrigue BEKALE\"},\"sameAs\":[\"http:\\\/\\\/lesporif.info\"],\"url\":\"https:\\\/\\\/www.lesportif.info\\\/?author=8\"}]}<\/script>\n<!-- \/ Yoast SEO plugin. -->","yoast_head_json":{"title":"Panth\u00e8res : apr\u00e8s la dissolution, le gabon refait-il les m\u00eames erreurs ? - Lesportif","robots":{"index":"index","follow":"follow","max-snippet":"max-snippet:-1","max-image-preview":"max-image-preview:large","max-video-preview":"max-video-preview:-1"},"canonical":"https:\/\/www.lesportif.info\/?p=104438","og_locale":"fr_FR","og_type":"article","og_title":"Panth\u00e8res : apr\u00e8s la dissolution, le gabon refait-il les m\u00eames erreurs ? - Lesportif","og_description":"Les d\u00e9clarations de Pierre-Emerick Aubameyang viennent raviver une question que le football gabonais semble avoir soigneusement mise de c\u00f4t\u00e9 : qu\u2019est-ce qui n\u2019a r\u00e9ellement pas fonctionn\u00e9 au sein des Panth\u00e8res ?","og_url":"https:\/\/www.lesportif.info\/?p=104438","og_site_name":"Lesportif","article_publisher":"https:\/\/www.facebook.com\/lesportif.site\/","article_published_time":"2026-09-03T11:54:31+00:00","article_modified_time":"2026-09-03T11:54:32+00:00","og_image":[{"width":2048,"height":1348,"url":"https:\/\/www.lesportif.info\/wp-content\/uploads\/2025\/10\/486656268_658136703840921_7988972944493469097_n-1.jpg","type":"image\/jpeg"}],"author":"Rodrigue BEKALE","twitter_card":"summary_large_image","twitter_misc":{"\u00c9crit par":"Rodrigue BEKALE","Dur\u00e9e de lecture estim\u00e9e":"4 minutes"},"schema":{"@context":"https:\/\/schema.org","@graph":[{"@type":"Article","@id":"https:\/\/www.lesportif.info\/?p=104438#article","isPartOf":{"@id":"https:\/\/www.lesportif.info\/?p=104438"},"author":{"name":"Rodrigue BEKALE","@id":"https:\/\/www.lesportif.info\/#\/schema\/person\/83c7e4c82495789c1397ae8c461c7bcb"},"headline":"Panth\u00e8res : apr\u00e8s la dissolution, le gabon refait-il les m\u00eames erreurs ?","datePublished":"2026-09-03T11:54:31+00:00","dateModified":"2026-09-03T11:54:32+00:00","mainEntityOfPage":{"@id":"https:\/\/www.lesportif.info\/?p=104438"},"wordCount":596,"commentCount":0,"publisher":{"@id":"https:\/\/www.lesportif.info\/#organization"},"image":{"@id":"https:\/\/www.lesportif.info\/?p=104438#primaryimage"},"thumbnailUrl":"https:\/\/www.lesportif.info\/wp-content\/uploads\/2025\/10\/486656268_658136703840921_7988972944493469097_n-1.jpg","articleSection":["A LA UNE","FEGAFOOT","FOOTBALL","Gabon"],"inLanguage":"fr-FR","potentialAction":[{"@type":"CommentAction","name":"Comment","target":["https:\/\/www.lesportif.info\/?p=104438#respond"]}]},{"@type":"WebPage","@id":"https:\/\/www.lesportif.info\/?p=104438","url":"https:\/\/www.lesportif.info\/?p=104438","name":"Panth\u00e8res : apr\u00e8s la dissolution, le gabon refait-il les m\u00eames erreurs ? - Lesportif","isPartOf":{"@id":"https:\/\/www.lesportif.info\/#website"},"primaryImageOfPage":{"@id":"https:\/\/www.lesportif.info\/?p=104438#primaryimage"},"image":{"@id":"https:\/\/www.lesportif.info\/?p=104438#primaryimage"},"thumbnailUrl":"https:\/\/www.lesportif.info\/wp-content\/uploads\/2025\/10\/486656268_658136703840921_7988972944493469097_n-1.jpg","datePublished":"2026-09-03T11:54:31+00:00","dateModified":"2026-09-03T11:54:32+00:00","breadcrumb":{"@id":"https:\/\/www.lesportif.info\/?p=104438#breadcrumb"},"inLanguage":"fr-FR","potentialAction":[{"@type":"ReadAction","target":["https:\/\/www.lesportif.info\/?p=104438"]}]},{"@type":"ImageObject","inLanguage":"fr-FR","@id":"https:\/\/www.lesportif.info\/?p=104438#primaryimage","url":"https:\/\/www.lesportif.info\/wp-content\/uploads\/2025\/10\/486656268_658136703840921_7988972944493469097_n-1.jpg","contentUrl":"https:\/\/www.lesportif.info\/wp-content\/uploads\/2025\/10\/486656268_658136703840921_7988972944493469097_n-1.jpg","width":2048,"height":1348},{"@type":"BreadcrumbList","@id":"https:\/\/www.lesportif.info\/?p=104438#breadcrumb","itemListElement":[{"@type":"ListItem","position":1,"name":"Accueil","item":"https:\/\/www.lesportif.info\/"},{"@type":"ListItem","position":2,"name":"Panth\u00e8res : apr\u00e8s la dissolution, le gabon refait-il les m\u00eames erreurs ?"}]},{"@type":"WebSite","@id":"https:\/\/www.lesportif.info\/#website","url":"https:\/\/www.lesportif.info\/","name":"www.lesportif:info","description":"L&#039;information juste et v\u00e9rifi\u00e9e","publisher":{"@id":"https:\/\/www.lesportif.info\/#organization"},"alternateName":"Lesportif","potentialAction":[{"@type":"SearchAction","target":{"@type":"EntryPoint","urlTemplate":"https:\/\/www.lesportif.info\/?s={search_term_string}"},"query-input":{"@type":"PropertyValueSpecification","valueRequired":true,"valueName":"search_term_string"}}],"inLanguage":"fr-FR"},{"@type":"Organization","@id":"https:\/\/www.lesportif.info\/#organization","name":"Lesportif","alternateName":"Lesportif","url":"https:\/\/www.lesportif.info\/","logo":{"@type":"ImageObject","inLanguage":"fr-FR","@id":"https:\/\/www.lesportif.info\/#\/schema\/logo\/image\/","url":"https:\/\/www.lesportif.info\/wp-content\/uploads\/2023\/12\/cropped-logo-noel-removebg-preview.png","contentUrl":"https:\/\/www.lesportif.info\/wp-content\/uploads\/2023\/12\/cropped-logo-noel-removebg-preview.png","width":482,"height":482,"caption":"Lesportif"},"image":{"@id":"https:\/\/www.lesportif.info\/#\/schema\/logo\/image\/"},"sameAs":["https:\/\/www.facebook.com\/lesportif.site\/"]},{"@type":"Person","@id":"https:\/\/www.lesportif.info\/#\/schema\/person\/83c7e4c82495789c1397ae8c461c7bcb","name":"Rodrigue BEKALE","image":{"@type":"ImageObject","inLanguage":"fr-FR","@id":"https:\/\/secure.gravatar.com\/avatar\/b20acba8c29acb84044011935c726170aac89dcf6f5df9ba45c81044e6de7463?s=96&d=mm&r=g","url":"https:\/\/secure.gravatar.com\/avatar\/b20acba8c29acb84044011935c726170aac89dcf6f5df9ba45c81044e6de7463?s=96&d=mm&r=g","contentUrl":"https:\/\/secure.gravatar.com\/avatar\/b20acba8c29acb84044011935c726170aac89dcf6f5df9ba45c81044e6de7463?s=96&d=mm&r=g","caption":"Rodrigue BEKALE"},"sameAs":["http:\/\/lesporif.info"],"url":"https:\/\/www.lesportif.info\/?author=8"}]}},"uagb_featured_image_src":{"full":["https:\/\/www.lesportif.info\/wp-content\/uploads\/2025\/10\/486656268_658136703840921_7988972944493469097_n-1.jpg",2048,1348,false],"thumbnail":["https:\/\/www.lesportif.info\/wp-content\/uploads\/2025\/10\/486656268_658136703840921_7988972944493469097_n-1-150x150.jpg",150,150,true],"medium":["https:\/\/www.lesportif.info\/wp-content\/uploads\/2025\/10\/486656268_658136703840921_7988972944493469097_n-1-300x197.jpg",300,197,true],"medium_large":["https:\/\/www.lesportif.info\/wp-content\/uploads\/2025\/10\/486656268_658136703840921_7988972944493469097_n-1-768x506.jpg",650,428,true],"large":["https:\/\/www.lesportif.info\/wp-content\/uploads\/2025\/10\/486656268_658136703840921_7988972944493469097_n-1-1024x674.jpg",650,428,true],"1536x1536":["https:\/\/www.lesportif.info\/wp-content\/uploads\/2025\/10\/486656268_658136703840921_7988972944493469097_n-1-1536x1011.jpg",1536,1011,true],"2048x2048":["https:\/\/www.lesportif.info\/wp-content\/uploads\/2025\/10\/486656268_658136703840921_7988972944493469097_n-1.jpg",2048,1348,false],"smart-post-landscape":["https:\/\/www.lesportif.info\/wp-content\/uploads\/2025\/10\/486656268_658136703840921_7988972944493469097_n-1.jpg",866,570,false],"smart-post-portrait":["https:\/\/www.lesportif.info\/wp-content\/uploads\/2025\/10\/486656268_658136703840921_7988972944493469097_n-1.jpg",600,395,false],"sportspress-crop-medium":["https:\/\/www.lesportif.info\/wp-content\/uploads\/2025\/10\/486656268_658136703840921_7988972944493469097_n-1-300x300.jpg",300,300,true],"sportspress-fit-medium":["https:\/\/www.lesportif.info\/wp-content\/uploads\/2025\/10\/486656268_658136703840921_7988972944493469097_n-1-300x197.jpg",300,197,true],"sportspress-fit-icon":["https:\/\/www.lesportif.info\/wp-content\/uploads\/2025\/10\/486656268_658136703840921_7988972944493469097_n-1-128x84.jpg",128,84,true],"sportspress-fit-mini":["https:\/\/www.lesportif.info\/wp-content\/uploads\/2025\/10\/486656268_658136703840921_7988972944493469097_n-1-32x21.jpg",32,21,true],"ultp_layout_landscape_large":["https:\/\/www.lesportif.info\/wp-content\/uploads\/2025\/10\/486656268_658136703840921_7988972944493469097_n-1-1200x800.jpg",1200,800,true],"ultp_layout_landscape":["https:\/\/www.lesportif.info\/wp-content\/uploads\/2025\/10\/486656268_658136703840921_7988972944493469097_n-1-870x570.jpg",870,570,true],"ultp_layout_portrait":["https:\/\/www.lesportif.info\/wp-content\/uploads\/2025\/10\/486656268_658136703840921_7988972944493469097_n-1-600x900.jpg",600,900,true],"ultp_layout_square":["https:\/\/www.lesportif.info\/wp-content\/uploads\/2025\/10\/486656268_658136703840921_7988972944493469097_n-1-600x600.jpg",600,600,true]},"uagb_author_info":{"display_name":"Rodrigue BEKALE","author_link":"https:\/\/www.lesportif.info\/?author=8"},"uagb_comment_info":0,"uagb_excerpt":"Les d\u00e9clarations de Pierre-Emerick Aubameyang viennent raviver une question que le football gabonais semble avoir soigneusement mise de c\u00f4t\u00e9 : qu\u2019est-ce qui n\u2019a r\u00e9ellement pas fonctionn\u00e9 au sein des Panth\u00e8res ?","featured_image_urls":{"full":["https:\/\/www.lesportif.info\/wp-content\/uploads\/2025\/10\/486656268_658136703840921_7988972944493469097_n-1.jpg",2048,1348,false],"thumbnail":["https:\/\/www.lesportif.info\/wp-content\/uploads\/2025\/10\/486656268_658136703840921_7988972944493469097_n-1-150x150.jpg",150,150,true],"medium":["https:\/\/www.lesportif.info\/wp-content\/uploads\/2025\/10\/486656268_658136703840921_7988972944493469097_n-1-300x197.jpg",300,197,true],"medium_large":["https:\/\/www.lesportif.info\/wp-content\/uploads\/2025\/10\/486656268_658136703840921_7988972944493469097_n-1-768x506.jpg",650,428,true],"large":["https:\/\/www.lesportif.info\/wp-content\/uploads\/2025\/10\/486656268_658136703840921_7988972944493469097_n-1-1024x674.jpg",650,428,true],"1536x1536":["https:\/\/www.lesportif.info\/wp-content\/uploads\/2025\/10\/486656268_658136703840921_7988972944493469097_n-1-1536x1011.jpg",1536,1011,true],"2048x2048":["https:\/\/www.lesportif.info\/wp-content\/uploads\/2025\/10\/486656268_658136703840921_7988972944493469097_n-1.jpg",2048,1348,false],"smart-post-landscape":["https:\/\/www.lesportif.info\/wp-content\/uploads\/2025\/10\/486656268_658136703840921_7988972944493469097_n-1.jpg",866,570,false],"smart-post-portrait":["https:\/\/www.lesportif.info\/wp-content\/uploads\/2025\/10\/486656268_658136703840921_7988972944493469097_n-1.jpg",600,395,false],"sportspress-crop-medium":["https:\/\/www.lesportif.info\/wp-content\/uploads\/2025\/10\/486656268_658136703840921_7988972944493469097_n-1-300x300.jpg",300,300,true],"sportspress-fit-medium":["https:\/\/www.lesportif.info\/wp-content\/uploads\/2025\/10\/486656268_658136703840921_7988972944493469097_n-1-300x197.jpg",300,197,true],"sportspress-fit-icon":["https:\/\/www.lesportif.info\/wp-content\/uploads\/2025\/10\/486656268_658136703840921_7988972944493469097_n-1-128x84.jpg",128,84,true],"sportspress-fit-mini":["https:\/\/www.lesportif.info\/wp-content\/uploads\/2025\/10\/486656268_658136703840921_7988972944493469097_n-1-32x21.jpg",32,21,true],"ultp_layout_landscape_large":["https:\/\/www.lesportif.info\/wp-content\/uploads\/2025\/10\/486656268_658136703840921_7988972944493469097_n-1-1200x800.jpg",1200,800,true],"ultp_layout_landscape":["https:\/\/www.lesportif.info\/wp-content\/uploads\/2025\/10\/486656268_658136703840921_7988972944493469097_n-1-870x570.jpg",870,570,true],"ultp_layout_portrait":["https:\/\/www.lesportif.info\/wp-content\/uploads\/2025\/10\/486656268_658136703840921_7988972944493469097_n-1-600x900.jpg",600,900,true],"ultp_layout_square":["https:\/\/www.lesportif.info\/wp-content\/uploads\/2025\/10\/486656268_658136703840921_7988972944493469097_n-1-600x600.jpg",600,600,true]},"author_info":{"display_name":"Rodrigue BEKALE","author_link":"https:\/\/www.lesportif.info\/?author=8"},"category_info":"<a href=\"https:\/\/www.lesportif.info\/?cat=75\" rel=\"category\">A LA UNE<\/a> <a href=\"https:\/\/www.lesportif.info\/?cat=93\" rel=\"category\">FEGAFOOT<\/a> <a href=\"https:\/\/www.lesportif.info\/?cat=28\" rel=\"category\">FOOTBALL<\/a> <a href=\"https:\/\/www.lesportif.info\/?cat=4\" rel=\"category\">Gabon<\/a>","tag_info":"Gabon","comment_count":"0","rttpg_featured_image_url":{"full":["https:\/\/www.lesportif.info\/wp-content\/uploads\/2025\/10\/486656268_658136703840921_7988972944493469097_n-1.jpg",2048,1348,false],"landscape":["https:\/\/www.lesportif.info\/wp-content\/uploads\/2025\/10\/486656268_658136703840921_7988972944493469097_n-1.jpg",2048,1348,false],"portraits":["https:\/\/www.lesportif.info\/wp-content\/uploads\/2025\/10\/486656268_658136703840921_7988972944493469097_n-1.jpg",2048,1348,false],"thumbnail":["https:\/\/www.lesportif.info\/wp-content\/uploads\/2025\/10\/486656268_658136703840921_7988972944493469097_n-1-150x150.jpg",150,150,true],"medium":["https:\/\/www.lesportif.info\/wp-content\/uploads\/2025\/10\/486656268_658136703840921_7988972944493469097_n-1-300x197.jpg",300,197,true],"large":["https:\/\/www.lesportif.info\/wp-content\/uploads\/2025\/10\/486656268_658136703840921_7988972944493469097_n-1-1024x674.jpg",650,428,true],"1536x1536":["https:\/\/www.lesportif.info\/wp-content\/uploads\/2025\/10\/486656268_658136703840921_7988972944493469097_n-1-1536x1011.jpg",1536,1011,true],"2048x2048":["https:\/\/www.lesportif.info\/wp-content\/uploads\/2025\/10\/486656268_658136703840921_7988972944493469097_n-1.jpg",2048,1348,false],"smart-post-landscape":["https:\/\/www.lesportif.info\/wp-content\/uploads\/2025\/10\/486656268_658136703840921_7988972944493469097_n-1.jpg",866,570,false],"smart-post-portrait":["https:\/\/www.lesportif.info\/wp-content\/uploads\/2025\/10\/486656268_658136703840921_7988972944493469097_n-1.jpg",600,395,false],"sportspress-crop-medium":["https:\/\/www.lesportif.info\/wp-content\/uploads\/2025\/10\/486656268_658136703840921_7988972944493469097_n-1-300x300.jpg",300,300,true],"sportspress-fit-medium":["https:\/\/www.lesportif.info\/wp-content\/uploads\/2025\/10\/486656268_658136703840921_7988972944493469097_n-1-300x197.jpg",300,197,true],"sportspress-fit-icon":["https:\/\/www.lesportif.info\/wp-content\/uploads\/2025\/10\/486656268_658136703840921_7988972944493469097_n-1-128x84.jpg",128,84,true],"sportspress-fit-mini":["https:\/\/www.lesportif.info\/wp-content\/uploads\/2025\/10\/486656268_658136703840921_7988972944493469097_n-1-32x21.jpg",32,21,true],"ultp_layout_landscape_large":["https:\/\/www.lesportif.info\/wp-content\/uploads\/2025\/10\/486656268_658136703840921_7988972944493469097_n-1-1200x800.jpg",1200,800,true],"ultp_layout_landscape":["https:\/\/www.lesportif.info\/wp-content\/uploads\/2025\/10\/486656268_658136703840921_7988972944493469097_n-1-870x570.jpg",870,570,true],"ultp_layout_portrait":["https:\/\/www.lesportif.info\/wp-content\/uploads\/2025\/10\/486656268_658136703840921_7988972944493469097_n-1-600x900.jpg",600,900,true],"ultp_layout_square":["https:\/\/www.lesportif.info\/wp-content\/uploads\/2025\/10\/486656268_658136703840921_7988972944493469097_n-1-600x600.jpg",600,600,true]},"rttpg_author":{"display_name":"Rodrigue BEKALE","author_link":"https:\/\/www.lesportif.info\/?author=8"},"rttpg_comment":0,"rttpg_category":"<a href=\"https:\/\/www.lesportif.info\/?cat=75\" rel=\"category\">A LA UNE<\/a> <a href=\"https:\/\/www.lesportif.info\/?cat=93\" rel=\"category\">FEGAFOOT<\/a> <a href=\"https:\/\/www.lesportif.info\/?cat=28\" rel=\"category\">FOOTBALL<\/a> <a href=\"https:\/\/www.lesportif.info\/?cat=4\" rel=\"category\">Gabon<\/a>","rttpg_excerpt":"Les d\u00e9clarations de Pierre-Emerick Aubameyang viennent raviver une question que le football gabonais semble avoir soigneusement mise de c\u00f4t\u00e9 : qu\u2019est-ce qui n\u2019a r\u00e9ellement pas fonctionn\u00e9 au sein des Panth\u00e8res ?","_links":{"self":[{"href":"https:\/\/www.lesportif.info\/index.php?rest_route=\/wp\/v2\/posts\/104438","targetHints":{"allow":["GET"]}}],"collection":[{"href":"https:\/\/www.lesportif.info\/index.php?rest_route=\/wp\/v2\/posts"}],"about":[{"href":"https:\/\/www.lesportif.info\/index.php?rest_route=\/wp\/v2\/types\/post"}],"author":[{"embeddable":true,"href":"https:\/\/www.lesportif.info\/index.php?rest_route=\/wp\/v2\/users\/8"}],"replies":[{"embeddable":true,"href":"https:\/\/www.lesportif.info\/index.php?rest_route=%2Fwp%2Fv2%2Fcomments&post=104438"}],"version-history":[{"count":1,"href":"https:\/\/www.lesportif.info\/index.php?rest_route=\/wp\/v2\/posts\/104438\/revisions"}],"predecessor-version":[{"id":104439,"href":"https:\/\/www.lesportif.info\/index.php?rest_route=\/wp\/v2\/posts\/104438\/revisions\/104439"}],"wp:featuredmedia":[{"embeddable":true,"href":"https:\/\/www.lesportif.info\/index.php?rest_route=\/wp\/v2\/media\/103264"}],"wp:attachment":[{"href":"https:\/\/www.lesportif.info\/index.php?rest_route=%2Fwp%2Fv2%2Fmedia&parent=104438"}],"wp:term":[{"taxonomy":"category","embeddable":true,"href":"https:\/\/www.lesportif.info\/index.php?rest_route=%2Fwp%2Fv2%2Fcategories&post=104438"},{"taxonomy":"post_tag","embeddable":true,"href":"https:\/\/www.lesportif.info\/index.php?rest_route=%2Fwp%2Fv2%2Ftags&post=104438"}],"curies":[{"name":"wp","href":"https:\/\/api.w.org\/{rel}","templated":true}]}}