{"id":104418,"date":"2026-08-31T12:04:40","date_gmt":"2026-08-31T11:04:40","guid":{"rendered":"https:\/\/www.lesportif.info\/?p=104418"},"modified":"2026-08-31T12:04:41","modified_gmt":"2026-08-31T11:04:41","slug":"pantheres-migne-en-mission-a-chypre","status":"publish","type":"post","link":"https:\/\/www.lesportif.info\/?p=104418","title":{"rendered":"Panth\u00e8res : Mign\u00e9 en mission \u00e0 Chypre !"},"content":{"rendered":"\n<p class=\"wp-block-paragraph\"><strong>Le s\u00e9lectionneur des Panth\u00e8res, S\u00e9bastien Mign\u00e9, poursuit sa tourn\u00e9e europ\u00e9enne en vue de sa premi\u00e8re liste.<\/strong><\/p>\n\n\n\n<figure class=\"wp-block-image size-large\"><img fetchpriority=\"high\" decoding=\"async\" width=\"1024\" height=\"132\" src=\"https:\/\/www.lesportif.info\/wp-content\/uploads\/2026\/03\/REVEAL-PUB-_-AFG_Bandeau-GMT-729x94-1-2048x264-4-1024x132.png\" alt=\"\" class=\"wp-image-104114\" srcset=\"https:\/\/www.lesportif.info\/wp-content\/uploads\/2026\/03\/REVEAL-PUB-_-AFG_Bandeau-GMT-729x94-1-2048x264-4-1024x132.png 1024w, https:\/\/www.lesportif.info\/wp-content\/uploads\/2026\/03\/REVEAL-PUB-_-AFG_Bandeau-GMT-729x94-1-2048x264-4-300x39.png 300w, https:\/\/www.lesportif.info\/wp-content\/uploads\/2026\/03\/REVEAL-PUB-_-AFG_Bandeau-GMT-729x94-1-2048x264-4-768x99.png 768w, https:\/\/www.lesportif.info\/wp-content\/uploads\/2026\/03\/REVEAL-PUB-_-AFG_Bandeau-GMT-729x94-1-2048x264-4-1536x198.png 1536w, https:\/\/www.lesportif.info\/wp-content\/uploads\/2026\/03\/REVEAL-PUB-_-AFG_Bandeau-GMT-729x94-1-2048x264-4-128x17.png 128w, https:\/\/www.lesportif.info\/wp-content\/uploads\/2026\/03\/REVEAL-PUB-_-AFG_Bandeau-GMT-729x94-1-2048x264-4-32x4.png 32w, https:\/\/www.lesportif.info\/wp-content\/uploads\/2026\/03\/REVEAL-PUB-_-AFG_Bandeau-GMT-729x94-1-2048x264-4.png 2048w\" sizes=\"(max-width: 1024px) 100vw, 1024px\" \/><\/figure>\n\n\n\n<figure class=\"wp-block-image size-full is-resized\"><img decoding=\"async\" width=\"688\" height=\"400\" src=\"https:\/\/www.lesportif.info\/wp-content\/uploads\/2026\/08\/gabonmailinfos-Sebastien-Migne-.jpg\" alt=\"\" class=\"wp-image-104420\" style=\"width:840px;height:auto\" srcset=\"https:\/\/www.lesportif.info\/wp-content\/uploads\/2026\/08\/gabonmailinfos-Sebastien-Migne-.jpg 688w, https:\/\/www.lesportif.info\/wp-content\/uploads\/2026\/08\/gabonmailinfos-Sebastien-Migne-128x74-1.jpg 128w, https:\/\/www.lesportif.info\/wp-content\/uploads\/2026\/08\/gabonmailinfos-Sebastien-Migne-32x19-1.jpg 32w\" sizes=\"(max-width: 688px) 100vw, 688px\" \/><\/figure>\n\n\n\n<p class=\"wp-block-paragraph\">Le technicien fran\u00e7ais \u00e9tait le week-end dernier \u00e0 Chypre, o\u00f9 il a rencontr\u00e9 les attaquants gabonais <strong>Junior Effaghe et Curtis Makosso<\/strong>. Il en a profit\u00e9 pour assister au derby de Limassol entre <strong>Aris et Apollon<\/strong>, disput\u00e9 \u00e0 l\u2019Alphamega Stadium.<\/p>\n\n\n\n<p class=\"wp-block-paragraph\">Une rencontre au cours de laquelle Effaghe et Makosso ont \u00e9t\u00e9 supervis\u00e9s. Pour Mign\u00e9, cette d\u00e9marche vise notamment \u00e0 \u00e9valuer les deux joueurs et \u00e0 mesurer leur motivation, alors que le secteur offensif des Panth\u00e8res devrait conna\u00eetre des changements, dans un contexte marqu\u00e9 par la situation de <strong>Pierre-Emerick Aubameyang<\/strong>.<\/p>\n\n\n\n<figure class=\"wp-block-image size-large\"><img decoding=\"async\" width=\"1024\" height=\"796\" src=\"https:\/\/www.lesportif.info\/wp-content\/uploads\/2026\/03\/WhatsApp-Image-2025-10-11-a-12.12.10_8f62f793-1024x796.jpg\" alt=\"\" class=\"wp-image-104083\" srcset=\"https:\/\/www.lesportif.info\/wp-content\/uploads\/2026\/03\/WhatsApp-Image-2025-10-11-a-12.12.10_8f62f793-1024x796.jpg 1024w, https:\/\/www.lesportif.info\/wp-content\/uploads\/2026\/03\/WhatsApp-Image-2025-10-11-a-12.12.10_8f62f793-300x233.jpg 300w, https:\/\/www.lesportif.info\/wp-content\/uploads\/2026\/03\/WhatsApp-Image-2025-10-11-a-12.12.10_8f62f793-768x597.jpg 768w, https:\/\/www.lesportif.info\/wp-content\/uploads\/2026\/03\/WhatsApp-Image-2025-10-11-a-12.12.10_8f62f793-128x100.jpg 128w, https:\/\/www.lesportif.info\/wp-content\/uploads\/2026\/03\/WhatsApp-Image-2025-10-11-a-12.12.10_8f62f793-32x25.jpg 32w, https:\/\/www.lesportif.info\/wp-content\/uploads\/2026\/03\/WhatsApp-Image-2025-10-11-a-12.12.10_8f62f793.jpg 1280w\" sizes=\"(max-width: 1024px) 100vw, 1024px\" \/><\/figure>\n\n\n\n<p class=\"wp-block-paragraph\"><strong>Le s\u00e9lectionneur veut ainsi mieux conna\u00eetre ses joueurs avant de d\u00e9voiler sa premi\u00e8re liste.<\/strong><\/p>\n","protected":false},"excerpt":{"rendered":"<p>Le s\u00e9lectionneur des Panth\u00e8res, S\u00e9bastien Mign\u00e9, poursuit sa tourn\u00e9e europ\u00e9enne en vue de sa premi\u00e8re liste.<\/p>\n","protected":false},"author":12,"featured_media":104419,"comment_status":"open","ping_status":"open","sticky":false,"template":"","format":"standard","meta":{"_uag_custom_page_level_css":"","footnotes":""},"categories":[75,93,28,4,84],"tags":[],"class_list":["post-104418","post","type-post","status-publish","format-standard","has-post-thumbnail","hentry","category-a-la-une","category-fegafoot","category-football","category-gabon","category-pantheres-a"],"yoast_head":"<!-- This site is optimized with the Yoast SEO plugin v28.3 - https:\/\/yoast.com\/product\/yoast-seo-wordpress\/ -->\n<title>Panth\u00e8res : Mign\u00e9 en mission \u00e0 Chypre ! - Lesportif<\/title>\n<meta name=\"robots\" content=\"index, follow, max-snippet:-1, max-image-preview:large, max-video-preview:-1\" \/>\n<link rel=\"canonical\" href=\"https:\/\/www.lesportif.info\/?p=104418\" \/>\n<meta property=\"og:locale\" content=\"fr_FR\" \/>\n<meta property=\"og:type\" content=\"article\" \/>\n<meta property=\"og:title\" content=\"Panth\u00e8res : Mign\u00e9 en mission \u00e0 Chypre ! - Lesportif\" \/>\n<meta property=\"og:description\" content=\"Le s\u00e9lectionneur des Panth\u00e8res, S\u00e9bastien Mign\u00e9, poursuit sa tourn\u00e9e europ\u00e9enne en vue de sa premi\u00e8re liste.\" \/>\n<meta property=\"og:url\" content=\"https:\/\/www.lesportif.info\/?p=104418\" \/>\n<meta property=\"og:site_name\" content=\"Lesportif\" \/>\n<meta property=\"article:publisher\" content=\"https:\/\/www.facebook.com\/lesportif.site\/\" \/>\n<meta property=\"article:published_time\" content=\"2026-08-31T11:04:40+00:00\" \/>\n<meta property=\"article:modified_time\" content=\"2026-08-31T11:04:41+00:00\" \/>\n<meta property=\"og:image\" content=\"https:\/\/www.lesportif.info\/wp-content\/uploads\/2026\/08\/Sebastien_Migne_Curty_-Makosso_Gabon_Lunion.webp\" \/>\n\t<meta property=\"og:image:width\" content=\"750\" \/>\n\t<meta property=\"og:image:height\" content=\"500\" \/>\n\t<meta property=\"og:image:type\" content=\"image\/webp\" \/>\n<meta name=\"author\" content=\"Claude Mbadinga MOMBO\" \/>\n<meta name=\"twitter:card\" content=\"summary_large_image\" \/>\n<meta name=\"twitter:label1\" content=\"\u00c9crit par\" \/>\n\t<meta name=\"twitter:data1\" content=\"Claude Mbadinga MOMBO\" \/>\n\t<meta name=\"twitter:label2\" content=\"Dur\u00e9e de lecture estim\u00e9e\" \/>\n\t<meta name=\"twitter:data2\" content=\"2 minutes\" \/>\n<script type=\"application\/ld+json\" class=\"yoast-schema-graph\">{\"@context\":\"https:\\\/\\\/schema.org\",\"@graph\":[{\"@type\":\"Article\",\"@id\":\"https:\\\/\\\/www.lesportif.info\\\/?p=104418#article\",\"isPartOf\":{\"@id\":\"https:\\\/\\\/www.lesportif.info\\\/?p=104418\"},\"author\":{\"name\":\"Claude Mbadinga MOMBO\",\"@id\":\"https:\\\/\\\/www.lesportif.info\\\/#\\\/schema\\\/person\\\/8352bb06f8997a7ea0255c21b9c05b1b\"},\"headline\":\"Panth\u00e8res : Mign\u00e9 en mission \u00e0 Chypre !\",\"datePublished\":\"2026-08-31T11:04:40+00:00\",\"dateModified\":\"2026-08-31T11:04:41+00:00\",\"mainEntityOfPage\":{\"@id\":\"https:\\\/\\\/www.lesportif.info\\\/?p=104418\"},\"wordCount\":136,\"commentCount\":0,\"publisher\":{\"@id\":\"https:\\\/\\\/www.lesportif.info\\\/#organization\"},\"image\":{\"@id\":\"https:\\\/\\\/www.lesportif.info\\\/?p=104418#primaryimage\"},\"thumbnailUrl\":\"https:\\\/\\\/www.lesportif.info\\\/wp-content\\\/uploads\\\/2026\\\/08\\\/Sebastien_Migne_Curty_-Makosso_Gabon_Lunion.webp\",\"articleSection\":[\"A LA UNE\",\"FEGAFOOT\",\"FOOTBALL\",\"Gabon\",\"Panth\u00e8res A\"],\"inLanguage\":\"fr-FR\",\"potentialAction\":[{\"@type\":\"CommentAction\",\"name\":\"Comment\",\"target\":[\"https:\\\/\\\/www.lesportif.info\\\/?p=104418#respond\"]}]},{\"@type\":\"WebPage\",\"@id\":\"https:\\\/\\\/www.lesportif.info\\\/?p=104418\",\"url\":\"https:\\\/\\\/www.lesportif.info\\\/?p=104418\",\"name\":\"Panth\u00e8res : Mign\u00e9 en mission \u00e0 Chypre ! - Lesportif\",\"isPartOf\":{\"@id\":\"https:\\\/\\\/www.lesportif.info\\\/#website\"},\"primaryImageOfPage\":{\"@id\":\"https:\\\/\\\/www.lesportif.info\\\/?p=104418#primaryimage\"},\"image\":{\"@id\":\"https:\\\/\\\/www.lesportif.info\\\/?p=104418#primaryimage\"},\"thumbnailUrl\":\"https:\\\/\\\/www.lesportif.info\\\/wp-content\\\/uploads\\\/2026\\\/08\\\/Sebastien_Migne_Curty_-Makosso_Gabon_Lunion.webp\",\"datePublished\":\"2026-08-31T11:04:40+00:00\",\"dateModified\":\"2026-08-31T11:04:41+00:00\",\"breadcrumb\":{\"@id\":\"https:\\\/\\\/www.lesportif.info\\\/?p=104418#breadcrumb\"},\"inLanguage\":\"fr-FR\",\"potentialAction\":[{\"@type\":\"ReadAction\",\"target\":[\"https:\\\/\\\/www.lesportif.info\\\/?p=104418\"]}]},{\"@type\":\"ImageObject\",\"inLanguage\":\"fr-FR\",\"@id\":\"https:\\\/\\\/www.lesportif.info\\\/?p=104418#primaryimage\",\"url\":\"https:\\\/\\\/www.lesportif.info\\\/wp-content\\\/uploads\\\/2026\\\/08\\\/Sebastien_Migne_Curty_-Makosso_Gabon_Lunion.webp\",\"contentUrl\":\"https:\\\/\\\/www.lesportif.info\\\/wp-content\\\/uploads\\\/2026\\\/08\\\/Sebastien_Migne_Curty_-Makosso_Gabon_Lunion.webp\",\"width\":750,\"height\":500},{\"@type\":\"BreadcrumbList\",\"@id\":\"https:\\\/\\\/www.lesportif.info\\\/?p=104418#breadcrumb\",\"itemListElement\":[{\"@type\":\"ListItem\",\"position\":1,\"name\":\"Accueil\",\"item\":\"https:\\\/\\\/www.lesportif.info\\\/\"},{\"@type\":\"ListItem\",\"position\":2,\"name\":\"Panth\u00e8res : Mign\u00e9 en mission \u00e0 Chypre !\"}]},{\"@type\":\"WebSite\",\"@id\":\"https:\\\/\\\/www.lesportif.info\\\/#website\",\"url\":\"https:\\\/\\\/www.lesportif.info\\\/\",\"name\":\"www.lesportif:info\",\"description\":\"L&#039;information juste et v\u00e9rifi\u00e9e\",\"publisher\":{\"@id\":\"https:\\\/\\\/www.lesportif.info\\\/#organization\"},\"alternateName\":\"Lesportif\",\"potentialAction\":[{\"@type\":\"SearchAction\",\"target\":{\"@type\":\"EntryPoint\",\"urlTemplate\":\"https:\\\/\\\/www.lesportif.info\\\/?s={search_term_string}\"},\"query-input\":{\"@type\":\"PropertyValueSpecification\",\"valueRequired\":true,\"valueName\":\"search_term_string\"}}],\"inLanguage\":\"fr-FR\"},{\"@type\":\"Organization\",\"@id\":\"https:\\\/\\\/www.lesportif.info\\\/#organization\",\"name\":\"Lesportif\",\"alternateName\":\"Lesportif\",\"url\":\"https:\\\/\\\/www.lesportif.info\\\/\",\"logo\":{\"@type\":\"ImageObject\",\"inLanguage\":\"fr-FR\",\"@id\":\"https:\\\/\\\/www.lesportif.info\\\/#\\\/schema\\\/logo\\\/image\\\/\",\"url\":\"https:\\\/\\\/www.lesportif.info\\\/wp-content\\\/uploads\\\/2023\\\/12\\\/cropped-logo-noel-removebg-preview.png\",\"contentUrl\":\"https:\\\/\\\/www.lesportif.info\\\/wp-content\\\/uploads\\\/2023\\\/12\\\/cropped-logo-noel-removebg-preview.png\",\"width\":482,\"height\":482,\"caption\":\"Lesportif\"},\"image\":{\"@id\":\"https:\\\/\\\/www.lesportif.info\\\/#\\\/schema\\\/logo\\\/image\\\/\"},\"sameAs\":[\"https:\\\/\\\/www.facebook.com\\\/lesportif.site\\\/\"]},{\"@type\":\"Person\",\"@id\":\"https:\\\/\\\/www.lesportif.info\\\/#\\\/schema\\\/person\\\/8352bb06f8997a7ea0255c21b9c05b1b\",\"name\":\"Claude Mbadinga MOMBO\",\"image\":{\"@type\":\"ImageObject\",\"inLanguage\":\"fr-FR\",\"@id\":\"https:\\\/\\\/secure.gravatar.com\\\/avatar\\\/ad879f46115567a7fd0310b5e57d8d520a9cc56a98eed65794fac0baa064cc1c?s=96&d=mm&r=g\",\"url\":\"https:\\\/\\\/secure.gravatar.com\\\/avatar\\\/ad879f46115567a7fd0310b5e57d8d520a9cc56a98eed65794fac0baa064cc1c?s=96&d=mm&r=g\",\"contentUrl\":\"https:\\\/\\\/secure.gravatar.com\\\/avatar\\\/ad879f46115567a7fd0310b5e57d8d520a9cc56a98eed65794fac0baa064cc1c?s=96&d=mm&r=g\",\"caption\":\"Claude Mbadinga MOMBO\"},\"url\":\"https:\\\/\\\/www.lesportif.info\\\/?author=12\"}]}<\/script>\n<!-- \/ Yoast SEO plugin. -->","yoast_head_json":{"title":"Panth\u00e8res : Mign\u00e9 en mission \u00e0 Chypre ! - Lesportif","robots":{"index":"index","follow":"follow","max-snippet":"max-snippet:-1","max-image-preview":"max-image-preview:large","max-video-preview":"max-video-preview:-1"},"canonical":"https:\/\/www.lesportif.info\/?p=104418","og_locale":"fr_FR","og_type":"article","og_title":"Panth\u00e8res : Mign\u00e9 en mission \u00e0 Chypre ! - Lesportif","og_description":"Le s\u00e9lectionneur des Panth\u00e8res, S\u00e9bastien Mign\u00e9, poursuit sa tourn\u00e9e europ\u00e9enne en vue de sa premi\u00e8re liste.","og_url":"https:\/\/www.lesportif.info\/?p=104418","og_site_name":"Lesportif","article_publisher":"https:\/\/www.facebook.com\/lesportif.site\/","article_published_time":"2026-08-31T11:04:40+00:00","article_modified_time":"2026-08-31T11:04:41+00:00","og_image":[{"width":750,"height":500,"url":"https:\/\/www.lesportif.info\/wp-content\/uploads\/2026\/08\/Sebastien_Migne_Curty_-Makosso_Gabon_Lunion.webp","type":"image\/webp"}],"author":"Claude Mbadinga MOMBO","twitter_card":"summary_large_image","twitter_misc":{"\u00c9crit par":"Claude Mbadinga MOMBO","Dur\u00e9e de lecture estim\u00e9e":"2 minutes"},"schema":{"@context":"https:\/\/schema.org","@graph":[{"@type":"Article","@id":"https:\/\/www.lesportif.info\/?p=104418#article","isPartOf":{"@id":"https:\/\/www.lesportif.info\/?p=104418"},"author":{"name":"Claude Mbadinga MOMBO","@id":"https:\/\/www.lesportif.info\/#\/schema\/person\/8352bb06f8997a7ea0255c21b9c05b1b"},"headline":"Panth\u00e8res : Mign\u00e9 en mission \u00e0 Chypre !","datePublished":"2026-08-31T11:04:40+00:00","dateModified":"2026-08-31T11:04:41+00:00","mainEntityOfPage":{"@id":"https:\/\/www.lesportif.info\/?p=104418"},"wordCount":136,"commentCount":0,"publisher":{"@id":"https:\/\/www.lesportif.info\/#organization"},"image":{"@id":"https:\/\/www.lesportif.info\/?p=104418#primaryimage"},"thumbnailUrl":"https:\/\/www.lesportif.info\/wp-content\/uploads\/2026\/08\/Sebastien_Migne_Curty_-Makosso_Gabon_Lunion.webp","articleSection":["A LA UNE","FEGAFOOT","FOOTBALL","Gabon","Panth\u00e8res A"],"inLanguage":"fr-FR","potentialAction":[{"@type":"CommentAction","name":"Comment","target":["https:\/\/www.lesportif.info\/?p=104418#respond"]}]},{"@type":"WebPage","@id":"https:\/\/www.lesportif.info\/?p=104418","url":"https:\/\/www.lesportif.info\/?p=104418","name":"Panth\u00e8res : Mign\u00e9 en mission \u00e0 Chypre ! - Lesportif","isPartOf":{"@id":"https:\/\/www.lesportif.info\/#website"},"primaryImageOfPage":{"@id":"https:\/\/www.lesportif.info\/?p=104418#primaryimage"},"image":{"@id":"https:\/\/www.lesportif.info\/?p=104418#primaryimage"},"thumbnailUrl":"https:\/\/www.lesportif.info\/wp-content\/uploads\/2026\/08\/Sebastien_Migne_Curty_-Makosso_Gabon_Lunion.webp","datePublished":"2026-08-31T11:04:40+00:00","dateModified":"2026-08-31T11:04:41+00:00","breadcrumb":{"@id":"https:\/\/www.lesportif.info\/?p=104418#breadcrumb"},"inLanguage":"fr-FR","potentialAction":[{"@type":"ReadAction","target":["https:\/\/www.lesportif.info\/?p=104418"]}]},{"@type":"ImageObject","inLanguage":"fr-FR","@id":"https:\/\/www.lesportif.info\/?p=104418#primaryimage","url":"https:\/\/www.lesportif.info\/wp-content\/uploads\/2026\/08\/Sebastien_Migne_Curty_-Makosso_Gabon_Lunion.webp","contentUrl":"https:\/\/www.lesportif.info\/wp-content\/uploads\/2026\/08\/Sebastien_Migne_Curty_-Makosso_Gabon_Lunion.webp","width":750,"height":500},{"@type":"BreadcrumbList","@id":"https:\/\/www.lesportif.info\/?p=104418#breadcrumb","itemListElement":[{"@type":"ListItem","position":1,"name":"Accueil","item":"https:\/\/www.lesportif.info\/"},{"@type":"ListItem","position":2,"name":"Panth\u00e8res : Mign\u00e9 en mission \u00e0 Chypre !"}]},{"@type":"WebSite","@id":"https:\/\/www.lesportif.info\/#website","url":"https:\/\/www.lesportif.info\/","name":"www.lesportif:info","description":"L&#039;information juste et v\u00e9rifi\u00e9e","publisher":{"@id":"https:\/\/www.lesportif.info\/#organization"},"alternateName":"Lesportif","potentialAction":[{"@type":"SearchAction","target":{"@type":"EntryPoint","urlTemplate":"https:\/\/www.lesportif.info\/?s={search_term_string}"},"query-input":{"@type":"PropertyValueSpecification","valueRequired":true,"valueName":"search_term_string"}}],"inLanguage":"fr-FR"},{"@type":"Organization","@id":"https:\/\/www.lesportif.info\/#organization","name":"Lesportif","alternateName":"Lesportif","url":"https:\/\/www.lesportif.info\/","logo":{"@type":"ImageObject","inLanguage":"fr-FR","@id":"https:\/\/www.lesportif.info\/#\/schema\/logo\/image\/","url":"https:\/\/www.lesportif.info\/wp-content\/uploads\/2023\/12\/cropped-logo-noel-removebg-preview.png","contentUrl":"https:\/\/www.lesportif.info\/wp-content\/uploads\/2023\/12\/cropped-logo-noel-removebg-preview.png","width":482,"height":482,"caption":"Lesportif"},"image":{"@id":"https:\/\/www.lesportif.info\/#\/schema\/logo\/image\/"},"sameAs":["https:\/\/www.facebook.com\/lesportif.site\/"]},{"@type":"Person","@id":"https:\/\/www.lesportif.info\/#\/schema\/person\/8352bb06f8997a7ea0255c21b9c05b1b","name":"Claude Mbadinga MOMBO","image":{"@type":"ImageObject","inLanguage":"fr-FR","@id":"https:\/\/secure.gravatar.com\/avatar\/ad879f46115567a7fd0310b5e57d8d520a9cc56a98eed65794fac0baa064cc1c?s=96&d=mm&r=g","url":"https:\/\/secure.gravatar.com\/avatar\/ad879f46115567a7fd0310b5e57d8d520a9cc56a98eed65794fac0baa064cc1c?s=96&d=mm&r=g","contentUrl":"https:\/\/secure.gravatar.com\/avatar\/ad879f46115567a7fd0310b5e57d8d520a9cc56a98eed65794fac0baa064cc1c?s=96&d=mm&r=g","caption":"Claude Mbadinga MOMBO"},"url":"https:\/\/www.lesportif.info\/?author=12"}]}},"uagb_featured_image_src":{"full":["https:\/\/www.lesportif.info\/wp-content\/uploads\/2026\/08\/Sebastien_Migne_Curty_-Makosso_Gabon_Lunion.webp",750,500,false],"thumbnail":["https:\/\/www.lesportif.info\/wp-content\/uploads\/2026\/08\/Sebastien_Migne_Curty_-Makosso_Gabon_Lunion-150x150.webp",150,150,true],"medium":["https:\/\/www.lesportif.info\/wp-content\/uploads\/2026\/08\/Sebastien_Migne_Curty_-Makosso_Gabon_Lunion-300x200.webp",300,200,true],"medium_large":["https:\/\/www.lesportif.info\/wp-content\/uploads\/2026\/08\/Sebastien_Migne_Curty_-Makosso_Gabon_Lunion.webp",650,433,false],"large":["https:\/\/www.lesportif.info\/wp-content\/uploads\/2026\/08\/Sebastien_Migne_Curty_-Makosso_Gabon_Lunion.webp",650,433,false],"1536x1536":["https:\/\/www.lesportif.info\/wp-content\/uploads\/2026\/08\/Sebastien_Migne_Curty_-Makosso_Gabon_Lunion.webp",750,500,false],"2048x2048":["https:\/\/www.lesportif.info\/wp-content\/uploads\/2026\/08\/Sebastien_Migne_Curty_-Makosso_Gabon_Lunion.webp",750,500,false],"smart-post-landscape":["https:\/\/www.lesportif.info\/wp-content\/uploads\/2026\/08\/Sebastien_Migne_Curty_-Makosso_Gabon_Lunion.webp",750,500,false],"smart-post-portrait":["https:\/\/www.lesportif.info\/wp-content\/uploads\/2026\/08\/Sebastien_Migne_Curty_-Makosso_Gabon_Lunion-600x500.webp",600,500,true],"sportspress-crop-medium":["https:\/\/www.lesportif.info\/wp-content\/uploads\/2026\/08\/Sebastien_Migne_Curty_-Makosso_Gabon_Lunion-300x300.webp",300,300,true],"sportspress-fit-medium":["https:\/\/www.lesportif.info\/wp-content\/uploads\/2026\/08\/Sebastien_Migne_Curty_-Makosso_Gabon_Lunion-300x200.webp",300,200,true],"sportspress-fit-icon":["https:\/\/www.lesportif.info\/wp-content\/uploads\/2026\/08\/Sebastien_Migne_Curty_-Makosso_Gabon_Lunion-128x85.webp",128,85,true],"sportspress-fit-mini":["https:\/\/www.lesportif.info\/wp-content\/uploads\/2026\/08\/Sebastien_Migne_Curty_-Makosso_Gabon_Lunion-32x21.webp",32,21,true],"ultp_layout_landscape_large":["https:\/\/www.lesportif.info\/wp-content\/uploads\/2026\/08\/Sebastien_Migne_Curty_-Makosso_Gabon_Lunion.webp",750,500,false],"ultp_layout_landscape":["https:\/\/www.lesportif.info\/wp-content\/uploads\/2026\/08\/Sebastien_Migne_Curty_-Makosso_Gabon_Lunion.webp",750,500,false],"ultp_layout_portrait":["https:\/\/www.lesportif.info\/wp-content\/uploads\/2026\/08\/Sebastien_Migne_Curty_-Makosso_Gabon_Lunion-600x500.webp",600,500,true],"ultp_layout_square":["https:\/\/www.lesportif.info\/wp-content\/uploads\/2026\/08\/Sebastien_Migne_Curty_-Makosso_Gabon_Lunion-600x500.webp",600,500,true]},"uagb_author_info":{"display_name":"Claude Mbadinga MOMBO","author_link":"https:\/\/www.lesportif.info\/?author=12"},"uagb_comment_info":0,"uagb_excerpt":"Le s\u00e9lectionneur des Panth\u00e8res, S\u00e9bastien Mign\u00e9, poursuit sa tourn\u00e9e europ\u00e9enne en vue de sa premi\u00e8re liste.","featured_image_urls":{"full":["https:\/\/www.lesportif.info\/wp-content\/uploads\/2026\/08\/Sebastien_Migne_Curty_-Makosso_Gabon_Lunion.webp",750,500,false],"thumbnail":["https:\/\/www.lesportif.info\/wp-content\/uploads\/2026\/08\/Sebastien_Migne_Curty_-Makosso_Gabon_Lunion-150x150.webp",150,150,true],"medium":["https:\/\/www.lesportif.info\/wp-content\/uploads\/2026\/08\/Sebastien_Migne_Curty_-Makosso_Gabon_Lunion-300x200.webp",300,200,true],"medium_large":["https:\/\/www.lesportif.info\/wp-content\/uploads\/2026\/08\/Sebastien_Migne_Curty_-Makosso_Gabon_Lunion.webp",650,433,false],"large":["https:\/\/www.lesportif.info\/wp-content\/uploads\/2026\/08\/Sebastien_Migne_Curty_-Makosso_Gabon_Lunion.webp",650,433,false],"1536x1536":["https:\/\/www.lesportif.info\/wp-content\/uploads\/2026\/08\/Sebastien_Migne_Curty_-Makosso_Gabon_Lunion.webp",750,500,false],"2048x2048":["https:\/\/www.lesportif.info\/wp-content\/uploads\/2026\/08\/Sebastien_Migne_Curty_-Makosso_Gabon_Lunion.webp",750,500,false],"smart-post-landscape":["https:\/\/www.lesportif.info\/wp-content\/uploads\/2026\/08\/Sebastien_Migne_Curty_-Makosso_Gabon_Lunion.webp",750,500,false],"smart-post-portrait":["https:\/\/www.lesportif.info\/wp-content\/uploads\/2026\/08\/Sebastien_Migne_Curty_-Makosso_Gabon_Lunion-600x500.webp",600,500,true],"sportspress-crop-medium":["https:\/\/www.lesportif.info\/wp-content\/uploads\/2026\/08\/Sebastien_Migne_Curty_-Makosso_Gabon_Lunion-300x300.webp",300,300,true],"sportspress-fit-medium":["https:\/\/www.lesportif.info\/wp-content\/uploads\/2026\/08\/Sebastien_Migne_Curty_-Makosso_Gabon_Lunion-300x200.webp",300,200,true],"sportspress-fit-icon":["https:\/\/www.lesportif.info\/wp-content\/uploads\/2026\/08\/Sebastien_Migne_Curty_-Makosso_Gabon_Lunion-128x85.webp",128,85,true],"sportspress-fit-mini":["https:\/\/www.lesportif.info\/wp-content\/uploads\/2026\/08\/Sebastien_Migne_Curty_-Makosso_Gabon_Lunion-32x21.webp",32,21,true],"ultp_layout_landscape_large":["https:\/\/www.lesportif.info\/wp-content\/uploads\/2026\/08\/Sebastien_Migne_Curty_-Makosso_Gabon_Lunion.webp",750,500,false],"ultp_layout_landscape":["https:\/\/www.lesportif.info\/wp-content\/uploads\/2026\/08\/Sebastien_Migne_Curty_-Makosso_Gabon_Lunion.webp",750,500,false],"ultp_layout_portrait":["https:\/\/www.lesportif.info\/wp-content\/uploads\/2026\/08\/Sebastien_Migne_Curty_-Makosso_Gabon_Lunion-600x500.webp",600,500,true],"ultp_layout_square":["https:\/\/www.lesportif.info\/wp-content\/uploads\/2026\/08\/Sebastien_Migne_Curty_-Makosso_Gabon_Lunion-600x500.webp",600,500,true]},"author_info":{"display_name":"Claude Mbadinga MOMBO","author_link":"https:\/\/www.lesportif.info\/?author=12"},"category_info":"<a href=\"https:\/\/www.lesportif.info\/?cat=75\" rel=\"category\">A LA UNE<\/a> <a href=\"https:\/\/www.lesportif.info\/?cat=93\" rel=\"category\">FEGAFOOT<\/a> <a href=\"https:\/\/www.lesportif.info\/?cat=28\" rel=\"category\">FOOTBALL<\/a> <a href=\"https:\/\/www.lesportif.info\/?cat=4\" rel=\"category\">Gabon<\/a> <a href=\"https:\/\/www.lesportif.info\/?cat=84\" rel=\"category\">Panth\u00e8res A<\/a>","tag_info":"Panth\u00e8res A","comment_count":"0","rttpg_featured_image_url":{"full":["https:\/\/www.lesportif.info\/wp-content\/uploads\/2026\/08\/Sebastien_Migne_Curty_-Makosso_Gabon_Lunion.webp",750,500,false],"landscape":["https:\/\/www.lesportif.info\/wp-content\/uploads\/2026\/08\/Sebastien_Migne_Curty_-Makosso_Gabon_Lunion.webp",750,500,false],"portraits":["https:\/\/www.lesportif.info\/wp-content\/uploads\/2026\/08\/Sebastien_Migne_Curty_-Makosso_Gabon_Lunion.webp",750,500,false],"thumbnail":["https:\/\/www.lesportif.info\/wp-content\/uploads\/2026\/08\/Sebastien_Migne_Curty_-Makosso_Gabon_Lunion-150x150.webp",150,150,true],"medium":["https:\/\/www.lesportif.info\/wp-content\/uploads\/2026\/08\/Sebastien_Migne_Curty_-Makosso_Gabon_Lunion-300x200.webp",300,200,true],"large":["https:\/\/www.lesportif.info\/wp-content\/uploads\/2026\/08\/Sebastien_Migne_Curty_-Makosso_Gabon_Lunion.webp",650,433,false],"1536x1536":["https:\/\/www.lesportif.info\/wp-content\/uploads\/2026\/08\/Sebastien_Migne_Curty_-Makosso_Gabon_Lunion.webp",750,500,false],"2048x2048":["https:\/\/www.lesportif.info\/wp-content\/uploads\/2026\/08\/Sebastien_Migne_Curty_-Makosso_Gabon_Lunion.webp",750,500,false],"smart-post-landscape":["https:\/\/www.lesportif.info\/wp-content\/uploads\/2026\/08\/Sebastien_Migne_Curty_-Makosso_Gabon_Lunion.webp",750,500,false],"smart-post-portrait":["https:\/\/www.lesportif.info\/wp-content\/uploads\/2026\/08\/Sebastien_Migne_Curty_-Makosso_Gabon_Lunion-600x500.webp",600,500,true],"sportspress-crop-medium":["https:\/\/www.lesportif.info\/wp-content\/uploads\/2026\/08\/Sebastien_Migne_Curty_-Makosso_Gabon_Lunion-300x300.webp",300,300,true],"sportspress-fit-medium":["https:\/\/www.lesportif.info\/wp-content\/uploads\/2026\/08\/Sebastien_Migne_Curty_-Makosso_Gabon_Lunion-300x200.webp",300,200,true],"sportspress-fit-icon":["https:\/\/www.lesportif.info\/wp-content\/uploads\/2026\/08\/Sebastien_Migne_Curty_-Makosso_Gabon_Lunion-128x85.webp",128,85,true],"sportspress-fit-mini":["https:\/\/www.lesportif.info\/wp-content\/uploads\/2026\/08\/Sebastien_Migne_Curty_-Makosso_Gabon_Lunion-32x21.webp",32,21,true],"ultp_layout_landscape_large":["https:\/\/www.lesportif.info\/wp-content\/uploads\/2026\/08\/Sebastien_Migne_Curty_-Makosso_Gabon_Lunion.webp",750,500,false],"ultp_layout_landscape":["https:\/\/www.lesportif.info\/wp-content\/uploads\/2026\/08\/Sebastien_Migne_Curty_-Makosso_Gabon_Lunion.webp",750,500,false],"ultp_layout_portrait":["https:\/\/www.lesportif.info\/wp-content\/uploads\/2026\/08\/Sebastien_Migne_Curty_-Makosso_Gabon_Lunion-600x500.webp",600,500,true],"ultp_layout_square":["https:\/\/www.lesportif.info\/wp-content\/uploads\/2026\/08\/Sebastien_Migne_Curty_-Makosso_Gabon_Lunion-600x500.webp",600,500,true]},"rttpg_author":{"display_name":"Claude Mbadinga MOMBO","author_link":"https:\/\/www.lesportif.info\/?author=12"},"rttpg_comment":0,"rttpg_category":"<a href=\"https:\/\/www.lesportif.info\/?cat=75\" rel=\"category\">A LA UNE<\/a> <a href=\"https:\/\/www.lesportif.info\/?cat=93\" rel=\"category\">FEGAFOOT<\/a> <a href=\"https:\/\/www.lesportif.info\/?cat=28\" rel=\"category\">FOOTBALL<\/a> <a href=\"https:\/\/www.lesportif.info\/?cat=4\" rel=\"category\">Gabon<\/a> <a href=\"https:\/\/www.lesportif.info\/?cat=84\" rel=\"category\">Panth\u00e8res A<\/a>","rttpg_excerpt":"Le s\u00e9lectionneur des Panth\u00e8res, S\u00e9bastien Mign\u00e9, poursuit sa tourn\u00e9e europ\u00e9enne en vue de sa premi\u00e8re liste.","_links":{"self":[{"href":"https:\/\/www.lesportif.info\/index.php?rest_route=\/wp\/v2\/posts\/104418","targetHints":{"allow":["GET"]}}],"collection":[{"href":"https:\/\/www.lesportif.info\/index.php?rest_route=\/wp\/v2\/posts"}],"about":[{"href":"https:\/\/www.lesportif.info\/index.php?rest_route=\/wp\/v2\/types\/post"}],"author":[{"embeddable":true,"href":"https:\/\/www.lesportif.info\/index.php?rest_route=\/wp\/v2\/users\/12"}],"replies":[{"embeddable":true,"href":"https:\/\/www.lesportif.info\/index.php?rest_route=%2Fwp%2Fv2%2Fcomments&post=104418"}],"version-history":[{"count":1,"href":"https:\/\/www.lesportif.info\/index.php?rest_route=\/wp\/v2\/posts\/104418\/revisions"}],"predecessor-version":[{"id":104421,"href":"https:\/\/www.lesportif.info\/index.php?rest_route=\/wp\/v2\/posts\/104418\/revisions\/104421"}],"wp:featuredmedia":[{"embeddable":true,"href":"https:\/\/www.lesportif.info\/index.php?rest_route=\/wp\/v2\/media\/104419"}],"wp:attachment":[{"href":"https:\/\/www.lesportif.info\/index.php?rest_route=%2Fwp%2Fv2%2Fmedia&parent=104418"}],"wp:term":[{"taxonomy":"category","embeddable":true,"href":"https:\/\/www.lesportif.info\/index.php?rest_route=%2Fwp%2Fv2%2Fcategories&post=104418"},{"taxonomy":"post_tag","embeddable":true,"href":"https:\/\/www.lesportif.info\/index.php?rest_route=%2Fwp%2Fv2%2Ftags&post=104418"}],"curies":[{"name":"wp","href":"https:\/\/api.w.org\/{rel}","templated":true}]}}