{"id":104415,"date":"2026-08-29T10:20:15","date_gmt":"2026-08-29T09:20:15","guid":{"rendered":"https:\/\/www.lesportif.info\/?p=104415"},"modified":"2026-08-29T10:20:17","modified_gmt":"2026-08-29T09:20:17","slug":"national-foot-presidents-des-clubs-champions-de-la-versatilite","status":"publish","type":"post","link":"https:\/\/www.lesportif.info\/?p=104415","title":{"rendered":"National-Foot : Pr\u00e9sidents des clubs, champions de la versatilit\u00e9 !"},"content":{"rendered":"\n<p class=\"wp-block-paragraph\"><strong>Depuis la mise en place de l\u2019Association des clubs de D1 et de D2, une r\u00e9alit\u00e9 saute de plus en plus aux yeux les pr\u00e9sidents des clubs gabonais peinent \u00e0 parler d\u2019une seule voix.<\/strong><\/p>\n\n\n\n<figure class=\"wp-block-image size-full is-resized\"><img fetchpriority=\"high\" decoding=\"async\" width=\"728\" height=\"90\" src=\"https:\/\/www.lesportif.info\/wp-content\/uploads\/2024\/10\/100511_4023471002_6cc6d198df555faf58750c7baaa415c4.jpg\" alt=\"\" class=\"wp-image-101302\" style=\"width:840px;height:auto\" srcset=\"https:\/\/www.lesportif.info\/wp-content\/uploads\/2024\/10\/100511_4023471002_6cc6d198df555faf58750c7baaa415c4.jpg 728w, https:\/\/www.lesportif.info\/wp-content\/uploads\/2024\/10\/100511_4023471002_6cc6d198df555faf58750c7baaa415c4-300x37.jpg 300w, https:\/\/www.lesportif.info\/wp-content\/uploads\/2024\/10\/100511_4023471002_6cc6d198df555faf58750c7baaa415c4-128x16.jpg 128w, https:\/\/www.lesportif.info\/wp-content\/uploads\/2024\/10\/100511_4023471002_6cc6d198df555faf58750c7baaa415c4-32x4.jpg 32w\" sizes=\"(max-width: 728px) 100vw, 728px\" \/><\/figure>\n\n\n\n<figure class=\"wp-block-image size-large\"><img decoding=\"async\" width=\"1024\" height=\"683\" src=\"https:\/\/www.lesportif.info\/wp-content\/uploads\/2024\/06\/438223812_458323983212409_8500238613229691178_n-1024x683.jpg\" alt=\"\" class=\"wp-image-100704\" srcset=\"https:\/\/www.lesportif.info\/wp-content\/uploads\/2024\/06\/438223812_458323983212409_8500238613229691178_n-1024x683.jpg 1024w, https:\/\/www.lesportif.info\/wp-content\/uploads\/2024\/06\/438223812_458323983212409_8500238613229691178_n-300x200.jpg 300w, https:\/\/www.lesportif.info\/wp-content\/uploads\/2024\/06\/438223812_458323983212409_8500238613229691178_n-768x512.jpg 768w, https:\/\/www.lesportif.info\/wp-content\/uploads\/2024\/06\/438223812_458323983212409_8500238613229691178_n-128x85.jpg 128w, https:\/\/www.lesportif.info\/wp-content\/uploads\/2024\/06\/438223812_458323983212409_8500238613229691178_n-32x21.jpg 32w, https:\/\/www.lesportif.info\/wp-content\/uploads\/2024\/06\/438223812_458323983212409_8500238613229691178_n.jpg 1080w\" sizes=\"(max-width: 1024px) 100vw, 1024px\" \/><\/figure>\n\n\n\n<p class=\"wp-block-paragraph\">Pourtant, l\u2019objectif d\u2019une telle association devrait \u00eatre clair, d\u00e9fendre les int\u00e9r\u00eats communs des clubs, porter leurs revendications et surtout cr\u00e9er un v\u00e9ritable rapport de force collectif avec les diff\u00e9rentes instances du football.<\/p>\n\n\n\n<p class=\"wp-block-paragraph\">Mais dans les faits, le constat est tout autre.<\/p>\n\n\n\n<figure class=\"wp-block-image size-large\"><img decoding=\"async\" width=\"1024\" height=\"683\" src=\"https:\/\/www.lesportif.info\/wp-content\/uploads\/2024\/09\/ab0576a0-c01c-4f5d-bb65-f0fe1121938f-1024x683.jpeg\" alt=\"\" class=\"wp-image-101145\" srcset=\"https:\/\/www.lesportif.info\/wp-content\/uploads\/2024\/09\/ab0576a0-c01c-4f5d-bb65-f0fe1121938f-1024x683.jpeg 1024w, https:\/\/www.lesportif.info\/wp-content\/uploads\/2024\/09\/ab0576a0-c01c-4f5d-bb65-f0fe1121938f-300x200.jpeg 300w, https:\/\/www.lesportif.info\/wp-content\/uploads\/2024\/09\/ab0576a0-c01c-4f5d-bb65-f0fe1121938f-768x512.jpeg 768w, https:\/\/www.lesportif.info\/wp-content\/uploads\/2024\/09\/ab0576a0-c01c-4f5d-bb65-f0fe1121938f-128x85.jpeg 128w, https:\/\/www.lesportif.info\/wp-content\/uploads\/2024\/09\/ab0576a0-c01c-4f5d-bb65-f0fe1121938f-32x21.jpeg 32w, https:\/\/www.lesportif.info\/wp-content\/uploads\/2024\/09\/ab0576a0-c01c-4f5d-bb65-f0fe1121938f.jpeg 1080w\" sizes=\"(max-width: 1024px) 100vw, 1024px\" \/><\/figure>\n\n\n\n<p class=\"wp-block-paragraph\"><strong>Chacun semble pr\u00eacher pour sa chapelle.<\/strong> Lorsqu\u2019une situation ne concerne pas directement un club, certains pr\u00e9f\u00e8rent rester en retrait. Et lorsqu\u2019elle devient avantageuse pour leur propre structure, ils n\u2019h\u00e9sitent plus \u00e0 monter au cr\u00e9neau. Une attitude qui alimente une v\u00e9ritable culture de la versatilit\u00e9 dans la gestion des int\u00e9r\u00eats du football national.<\/p>\n\n\n\n<p class=\"wp-block-paragraph\">Le probl\u00e8me est donc moins l\u2019absence de revendications que <strong>l\u2019absence d\u2019une v\u00e9ritable solidarit\u00e9 entre les dirigeants.<\/strong><\/p>\n\n\n\n<figure class=\"wp-block-image size-large\"><img loading=\"lazy\" decoding=\"async\" width=\"1024\" height=\"132\" src=\"https:\/\/www.lesportif.info\/wp-content\/uploads\/2026\/03\/REVEAL-PUB-_-AFG_Bandeau-GMT-729x94-1-2048x264-5-1024x132.png\" alt=\"\" class=\"wp-image-104136\" srcset=\"https:\/\/www.lesportif.info\/wp-content\/uploads\/2026\/03\/REVEAL-PUB-_-AFG_Bandeau-GMT-729x94-1-2048x264-5-1024x132.png 1024w, https:\/\/www.lesportif.info\/wp-content\/uploads\/2026\/03\/REVEAL-PUB-_-AFG_Bandeau-GMT-729x94-1-2048x264-5-300x39.png 300w, https:\/\/www.lesportif.info\/wp-content\/uploads\/2026\/03\/REVEAL-PUB-_-AFG_Bandeau-GMT-729x94-1-2048x264-5-768x99.png 768w, https:\/\/www.lesportif.info\/wp-content\/uploads\/2026\/03\/REVEAL-PUB-_-AFG_Bandeau-GMT-729x94-1-2048x264-5-1536x198.png 1536w, https:\/\/www.lesportif.info\/wp-content\/uploads\/2026\/03\/REVEAL-PUB-_-AFG_Bandeau-GMT-729x94-1-2048x264-5-128x17.png 128w, https:\/\/www.lesportif.info\/wp-content\/uploads\/2026\/03\/REVEAL-PUB-_-AFG_Bandeau-GMT-729x94-1-2048x264-5-32x4.png 32w, https:\/\/www.lesportif.info\/wp-content\/uploads\/2026\/03\/REVEAL-PUB-_-AFG_Bandeau-GMT-729x94-1-2048x264-5.png 2048w\" sizes=\"(max-width: 1024px) 100vw, 1024px\" \/><\/figure>\n\n\n\n<p class=\"wp-block-paragraph\">Aujourd\u2019hui, certains pr\u00e9sidents prennent des initiatives collectives, mais se retrouvent parfois seuls au moment de les d\u00e9fendre. D\u2019autres h\u00e9sitent \u00e0 assumer publiquement des positions pourtant discut\u00e9es en groupe. R\u00e9sultat, les d\u00e9marches perdent en force, les revendications sont fragilis\u00e9es et ceux qui osent parler au nom de tous peuvent rapidement se retrouver isol\u00e9s.<\/p>\n\n\n\n<p class=\"wp-block-paragraph\"><strong>Pourquoi cette division ?<\/strong><\/p>\n\n\n\n<figure class=\"wp-block-image size-large\"><img loading=\"lazy\" decoding=\"async\" width=\"1024\" height=\"682\" src=\"https:\/\/www.lesportif.info\/wp-content\/uploads\/2023\/10\/4be5dc32-e084-40e2-ab3b-8ffb0a54c8c0-1024x682.jpeg\" alt=\"\" class=\"wp-image-99715\" srcset=\"https:\/\/www.lesportif.info\/wp-content\/uploads\/2023\/10\/4be5dc32-e084-40e2-ab3b-8ffb0a54c8c0-1024x682.jpeg 1024w, https:\/\/www.lesportif.info\/wp-content\/uploads\/2023\/10\/4be5dc32-e084-40e2-ab3b-8ffb0a54c8c0-300x200.jpeg 300w, https:\/\/www.lesportif.info\/wp-content\/uploads\/2023\/10\/4be5dc32-e084-40e2-ab3b-8ffb0a54c8c0-768x512.jpeg 768w, https:\/\/www.lesportif.info\/wp-content\/uploads\/2023\/10\/4be5dc32-e084-40e2-ab3b-8ffb0a54c8c0-128x85.jpeg 128w, https:\/\/www.lesportif.info\/wp-content\/uploads\/2023\/10\/4be5dc32-e084-40e2-ab3b-8ffb0a54c8c0-32x21.jpeg 32w, https:\/\/www.lesportif.info\/wp-content\/uploads\/2023\/10\/4be5dc32-e084-40e2-ab3b-8ffb0a54c8c0-1200x800.jpeg 1200w, https:\/\/www.lesportif.info\/wp-content\/uploads\/2023\/10\/4be5dc32-e084-40e2-ab3b-8ffb0a54c8c0.jpeg 1280w\" sizes=\"(max-width: 1024px) 100vw, 1024px\" \/><\/figure>\n\n\n\n<p class=\"wp-block-paragraph\">Est-ce une question de strat\u00e9gie ? De peur de repr\u00e9sailles ? D\u2019int\u00e9r\u00eats personnels ? Ou simplement d\u2019un manque de confiance entre dirigeants ? Car dans un championnat professionnel, les clubs ne peuvent pas durablement avancer en ordre dispers\u00e9.<\/p>\n\n\n\n<p class=\"wp-block-paragraph\">Il suffit parfois de convaincre ou de manipuler un ou deux dirigeants pour affaiblir une revendication qui, au d\u00e9part, para\u00eet pourtant l\u00e9gitime. Et lorsqu\u2019un collectif n\u2019est pas suffisamment soud\u00e9, il devient facile de diviser pour mieux r\u00e9gner.<\/p>\n\n\n\n<figure class=\"wp-block-image size-large\"><img loading=\"lazy\" decoding=\"async\" width=\"1024\" height=\"796\" src=\"https:\/\/www.lesportif.info\/wp-content\/uploads\/2026\/03\/WhatsApp-Image-2025-10-11-a-12.12.10_8f62f793-1-1024x796.jpg\" alt=\"\" class=\"wp-image-104091\" srcset=\"https:\/\/www.lesportif.info\/wp-content\/uploads\/2026\/03\/WhatsApp-Image-2025-10-11-a-12.12.10_8f62f793-1-1024x796.jpg 1024w, https:\/\/www.lesportif.info\/wp-content\/uploads\/2026\/03\/WhatsApp-Image-2025-10-11-a-12.12.10_8f62f793-1-300x233.jpg 300w, https:\/\/www.lesportif.info\/wp-content\/uploads\/2026\/03\/WhatsApp-Image-2025-10-11-a-12.12.10_8f62f793-1-768x597.jpg 768w, https:\/\/www.lesportif.info\/wp-content\/uploads\/2026\/03\/WhatsApp-Image-2025-10-11-a-12.12.10_8f62f793-1-128x100.jpg 128w, https:\/\/www.lesportif.info\/wp-content\/uploads\/2026\/03\/WhatsApp-Image-2025-10-11-a-12.12.10_8f62f793-1-32x25.jpg 32w, https:\/\/www.lesportif.info\/wp-content\/uploads\/2026\/03\/WhatsApp-Image-2025-10-11-a-12.12.10_8f62f793-1.jpg 1280w\" sizes=\"(max-width: 1024px) 100vw, 1024px\" \/><\/figure>\n\n\n\n<p class=\"wp-block-paragraph\"><strong>Le football gabonais est aujourd\u2019hui victime de ses propres contradictions.<\/strong><\/p>\n\n\n\n<p class=\"wp-block-paragraph\">Les clubs r\u00e9clament davantage de moyens, de transparence, de respect des engagements et de meilleures conditions de travail. Mais pour \u00eatre entendus, encore faut-il qu\u2019ils soient capables de construire une position commune et surtout de la d\u00e9fendre jusqu\u2019au bout.<\/p>\n\n\n\n<p class=\"wp-block-paragraph\">Le v\u00e9ritable enjeu est donc l\u00e0, <strong>passer d\u2019une association de pr\u00e9sidents \u00e0 un v\u00e9ritable collectif de clubs.<\/strong><\/p>\n\n\n\n<p class=\"wp-block-paragraph\">Un collectif o\u00f9 les d\u00e9cisions ne seraient pas prises uniquement en fonction des int\u00e9r\u00eats individuels, mais dans l\u2019int\u00e9r\u00eat g\u00e9n\u00e9ral du football gabonais.<\/p>\n\n\n\n<p class=\"wp-block-paragraph\">Car, au fond, une question m\u00e9rite d\u2019\u00eatre pos\u00e9e, <strong>comment les clubs peuvent-ils exiger de la gouvernance, de la transparence et de la solidarit\u00e9 des autres acteurs du football, s\u2019ils peinent eux-m\u00eames \u00e0 faire preuve d\u2019unit\u00e9 ?<\/strong><\/p>\n\n\n\n<p class=\"wp-block-paragraph\">Le temps est peut-\u00eatre venu pour les pr\u00e9sidents de clubs de d\u00e9passer les querelles de chapelle, de faire preuve de courage et surtout de comprendre une chose, <strong>seuls, les clubs peuvent protester.<br>Ensemble, ils peuvent r\u00e9ellement peser.<\/strong><\/p>\n","protected":false},"excerpt":{"rendered":"<p>Depuis la mise en place de l\u2019Association des clubs de D1 et de D2, une r\u00e9alit\u00e9 saute de plus en plus aux yeux les pr\u00e9sidents des clubs gabonais peinent \u00e0 parler d\u2019une seule voix.<\/p>\n","protected":false},"author":11,"featured_media":100706,"comment_status":"open","ping_status":"open","sticky":false,"template":"","format":"standard","meta":{"_uag_custom_page_level_css":"","footnotes":""},"categories":[75,28,4,95],"tags":[],"class_list":["post-104415","post","type-post","status-publish","format-standard","has-post-thumbnail","hentry","category-a-la-une","category-football","category-gabon","category-national-foot-1"],"yoast_head":"<!-- This site is optimized with the Yoast SEO plugin v28.2 - https:\/\/yoast.com\/product\/yoast-seo-wordpress\/ -->\n<title>National-Foot : Pr\u00e9sidents des clubs, champions de la versatilit\u00e9 ! - Lesportif<\/title>\n<meta name=\"robots\" content=\"index, follow, max-snippet:-1, max-image-preview:large, max-video-preview:-1\" \/>\n<link rel=\"canonical\" href=\"https:\/\/www.lesportif.info\/?p=104415\" \/>\n<meta property=\"og:locale\" content=\"fr_FR\" \/>\n<meta property=\"og:type\" content=\"article\" \/>\n<meta property=\"og:title\" content=\"National-Foot : Pr\u00e9sidents des clubs, champions de la versatilit\u00e9 ! - Lesportif\" \/>\n<meta property=\"og:description\" content=\"Depuis la mise en place de l\u2019Association des clubs de D1 et de D2, une r\u00e9alit\u00e9 saute de plus en plus aux yeux les pr\u00e9sidents des clubs gabonais peinent \u00e0 parler d\u2019une seule voix.\" \/>\n<meta property=\"og:url\" content=\"https:\/\/www.lesportif.info\/?p=104415\" \/>\n<meta property=\"og:site_name\" content=\"Lesportif\" \/>\n<meta property=\"article:publisher\" content=\"https:\/\/www.facebook.com\/lesportif.site\/\" \/>\n<meta property=\"article:published_time\" content=\"2026-08-29T09:20:15+00:00\" \/>\n<meta property=\"article:modified_time\" content=\"2026-08-29T09:20:17+00:00\" \/>\n<meta property=\"og:image\" content=\"https:\/\/www.lesportif.info\/wp-content\/uploads\/2024\/06\/434174523_444738314570976_2161415756330132917_n-1.jpg\" \/>\n\t<meta property=\"og:image:width\" content=\"1080\" \/>\n\t<meta property=\"og:image:height\" content=\"720\" \/>\n\t<meta property=\"og:image:type\" content=\"image\/jpeg\" \/>\n<meta name=\"author\" content=\"Moutsinga Gabrielle Nathalie\" \/>\n<meta name=\"twitter:card\" content=\"summary_large_image\" \/>\n<meta name=\"twitter:label1\" content=\"\u00c9crit par\" \/>\n\t<meta name=\"twitter:data1\" content=\"Moutsinga Gabrielle Nathalie\" \/>\n\t<meta name=\"twitter:label2\" content=\"Dur\u00e9e de lecture estim\u00e9e\" \/>\n\t<meta name=\"twitter:data2\" content=\"4 minutes\" \/>\n<script type=\"application\/ld+json\" class=\"yoast-schema-graph\">{\"@context\":\"https:\\\/\\\/schema.org\",\"@graph\":[{\"@type\":\"Article\",\"@id\":\"https:\\\/\\\/www.lesportif.info\\\/?p=104415#article\",\"isPartOf\":{\"@id\":\"https:\\\/\\\/www.lesportif.info\\\/?p=104415\"},\"author\":{\"name\":\"Moutsinga Gabrielle Nathalie\",\"@id\":\"https:\\\/\\\/www.lesportif.info\\\/#\\\/schema\\\/person\\\/e7da024defe46a0372c31b61b8608bab\"},\"headline\":\"National-Foot : Pr\u00e9sidents des clubs, champions de la versatilit\u00e9 !\",\"datePublished\":\"2026-08-29T09:20:15+00:00\",\"dateModified\":\"2026-08-29T09:20:17+00:00\",\"mainEntityOfPage\":{\"@id\":\"https:\\\/\\\/www.lesportif.info\\\/?p=104415\"},\"wordCount\":510,\"commentCount\":0,\"publisher\":{\"@id\":\"https:\\\/\\\/www.lesportif.info\\\/#organization\"},\"image\":{\"@id\":\"https:\\\/\\\/www.lesportif.info\\\/?p=104415#primaryimage\"},\"thumbnailUrl\":\"https:\\\/\\\/www.lesportif.info\\\/wp-content\\\/uploads\\\/2024\\\/06\\\/434174523_444738314570976_2161415756330132917_n-1.jpg\",\"articleSection\":[\"A LA UNE\",\"FOOTBALL\",\"Gabon\",\"NATIONAL FOOT 1\"],\"inLanguage\":\"fr-FR\",\"potentialAction\":[{\"@type\":\"CommentAction\",\"name\":\"Comment\",\"target\":[\"https:\\\/\\\/www.lesportif.info\\\/?p=104415#respond\"]}]},{\"@type\":\"WebPage\",\"@id\":\"https:\\\/\\\/www.lesportif.info\\\/?p=104415\",\"url\":\"https:\\\/\\\/www.lesportif.info\\\/?p=104415\",\"name\":\"National-Foot : Pr\u00e9sidents des clubs, champions de la versatilit\u00e9 ! - Lesportif\",\"isPartOf\":{\"@id\":\"https:\\\/\\\/www.lesportif.info\\\/#website\"},\"primaryImageOfPage\":{\"@id\":\"https:\\\/\\\/www.lesportif.info\\\/?p=104415#primaryimage\"},\"image\":{\"@id\":\"https:\\\/\\\/www.lesportif.info\\\/?p=104415#primaryimage\"},\"thumbnailUrl\":\"https:\\\/\\\/www.lesportif.info\\\/wp-content\\\/uploads\\\/2024\\\/06\\\/434174523_444738314570976_2161415756330132917_n-1.jpg\",\"datePublished\":\"2026-08-29T09:20:15+00:00\",\"dateModified\":\"2026-08-29T09:20:17+00:00\",\"breadcrumb\":{\"@id\":\"https:\\\/\\\/www.lesportif.info\\\/?p=104415#breadcrumb\"},\"inLanguage\":\"fr-FR\",\"potentialAction\":[{\"@type\":\"ReadAction\",\"target\":[\"https:\\\/\\\/www.lesportif.info\\\/?p=104415\"]}]},{\"@type\":\"ImageObject\",\"inLanguage\":\"fr-FR\",\"@id\":\"https:\\\/\\\/www.lesportif.info\\\/?p=104415#primaryimage\",\"url\":\"https:\\\/\\\/www.lesportif.info\\\/wp-content\\\/uploads\\\/2024\\\/06\\\/434174523_444738314570976_2161415756330132917_n-1.jpg\",\"contentUrl\":\"https:\\\/\\\/www.lesportif.info\\\/wp-content\\\/uploads\\\/2024\\\/06\\\/434174523_444738314570976_2161415756330132917_n-1.jpg\",\"width\":1080,\"height\":720},{\"@type\":\"BreadcrumbList\",\"@id\":\"https:\\\/\\\/www.lesportif.info\\\/?p=104415#breadcrumb\",\"itemListElement\":[{\"@type\":\"ListItem\",\"position\":1,\"name\":\"Accueil\",\"item\":\"https:\\\/\\\/www.lesportif.info\\\/\"},{\"@type\":\"ListItem\",\"position\":2,\"name\":\"National-Foot : Pr\u00e9sidents des clubs, champions de la versatilit\u00e9 !\"}]},{\"@type\":\"WebSite\",\"@id\":\"https:\\\/\\\/www.lesportif.info\\\/#website\",\"url\":\"https:\\\/\\\/www.lesportif.info\\\/\",\"name\":\"www.lesportif:info\",\"description\":\"L&#039;information juste et v\u00e9rifi\u00e9e\",\"publisher\":{\"@id\":\"https:\\\/\\\/www.lesportif.info\\\/#organization\"},\"alternateName\":\"Lesportif\",\"potentialAction\":[{\"@type\":\"SearchAction\",\"target\":{\"@type\":\"EntryPoint\",\"urlTemplate\":\"https:\\\/\\\/www.lesportif.info\\\/?s={search_term_string}\"},\"query-input\":{\"@type\":\"PropertyValueSpecification\",\"valueRequired\":true,\"valueName\":\"search_term_string\"}}],\"inLanguage\":\"fr-FR\"},{\"@type\":\"Organization\",\"@id\":\"https:\\\/\\\/www.lesportif.info\\\/#organization\",\"name\":\"Lesportif\",\"alternateName\":\"Lesportif\",\"url\":\"https:\\\/\\\/www.lesportif.info\\\/\",\"logo\":{\"@type\":\"ImageObject\",\"inLanguage\":\"fr-FR\",\"@id\":\"https:\\\/\\\/www.lesportif.info\\\/#\\\/schema\\\/logo\\\/image\\\/\",\"url\":\"https:\\\/\\\/www.lesportif.info\\\/wp-content\\\/uploads\\\/2023\\\/12\\\/cropped-logo-noel-removebg-preview.png\",\"contentUrl\":\"https:\\\/\\\/www.lesportif.info\\\/wp-content\\\/uploads\\\/2023\\\/12\\\/cropped-logo-noel-removebg-preview.png\",\"width\":482,\"height\":482,\"caption\":\"Lesportif\"},\"image\":{\"@id\":\"https:\\\/\\\/www.lesportif.info\\\/#\\\/schema\\\/logo\\\/image\\\/\"},\"sameAs\":[\"https:\\\/\\\/www.facebook.com\\\/lesportif.site\\\/\"]},{\"@type\":\"Person\",\"@id\":\"https:\\\/\\\/www.lesportif.info\\\/#\\\/schema\\\/person\\\/e7da024defe46a0372c31b61b8608bab\",\"name\":\"Moutsinga Gabrielle Nathalie\",\"image\":{\"@type\":\"ImageObject\",\"inLanguage\":\"fr-FR\",\"@id\":\"https:\\\/\\\/secure.gravatar.com\\\/avatar\\\/1e02fe86c61f30824d3e0fe2aea0ad97405a3b5c8a92e1d21335b8d1393c9ac7?s=96&d=mm&r=g\",\"url\":\"https:\\\/\\\/secure.gravatar.com\\\/avatar\\\/1e02fe86c61f30824d3e0fe2aea0ad97405a3b5c8a92e1d21335b8d1393c9ac7?s=96&d=mm&r=g\",\"contentUrl\":\"https:\\\/\\\/secure.gravatar.com\\\/avatar\\\/1e02fe86c61f30824d3e0fe2aea0ad97405a3b5c8a92e1d21335b8d1393c9ac7?s=96&d=mm&r=g\",\"caption\":\"Moutsinga Gabrielle Nathalie\"},\"url\":\"https:\\\/\\\/www.lesportif.info\\\/?author=11\"}]}<\/script>\n<!-- \/ Yoast SEO plugin. -->","yoast_head_json":{"title":"National-Foot : Pr\u00e9sidents des clubs, champions de la versatilit\u00e9 ! - Lesportif","robots":{"index":"index","follow":"follow","max-snippet":"max-snippet:-1","max-image-preview":"max-image-preview:large","max-video-preview":"max-video-preview:-1"},"canonical":"https:\/\/www.lesportif.info\/?p=104415","og_locale":"fr_FR","og_type":"article","og_title":"National-Foot : Pr\u00e9sidents des clubs, champions de la versatilit\u00e9 ! - Lesportif","og_description":"Depuis la mise en place de l\u2019Association des clubs de D1 et de D2, une r\u00e9alit\u00e9 saute de plus en plus aux yeux les pr\u00e9sidents des clubs gabonais peinent \u00e0 parler d\u2019une seule voix.","og_url":"https:\/\/www.lesportif.info\/?p=104415","og_site_name":"Lesportif","article_publisher":"https:\/\/www.facebook.com\/lesportif.site\/","article_published_time":"2026-08-29T09:20:15+00:00","article_modified_time":"2026-08-29T09:20:17+00:00","og_image":[{"width":1080,"height":720,"url":"https:\/\/www.lesportif.info\/wp-content\/uploads\/2024\/06\/434174523_444738314570976_2161415756330132917_n-1.jpg","type":"image\/jpeg"}],"author":"Moutsinga Gabrielle Nathalie","twitter_card":"summary_large_image","twitter_misc":{"\u00c9crit par":"Moutsinga Gabrielle Nathalie","Dur\u00e9e de lecture estim\u00e9e":"4 minutes"},"schema":{"@context":"https:\/\/schema.org","@graph":[{"@type":"Article","@id":"https:\/\/www.lesportif.info\/?p=104415#article","isPartOf":{"@id":"https:\/\/www.lesportif.info\/?p=104415"},"author":{"name":"Moutsinga Gabrielle Nathalie","@id":"https:\/\/www.lesportif.info\/#\/schema\/person\/e7da024defe46a0372c31b61b8608bab"},"headline":"National-Foot : Pr\u00e9sidents des clubs, champions de la versatilit\u00e9 !","datePublished":"2026-08-29T09:20:15+00:00","dateModified":"2026-08-29T09:20:17+00:00","mainEntityOfPage":{"@id":"https:\/\/www.lesportif.info\/?p=104415"},"wordCount":510,"commentCount":0,"publisher":{"@id":"https:\/\/www.lesportif.info\/#organization"},"image":{"@id":"https:\/\/www.lesportif.info\/?p=104415#primaryimage"},"thumbnailUrl":"https:\/\/www.lesportif.info\/wp-content\/uploads\/2024\/06\/434174523_444738314570976_2161415756330132917_n-1.jpg","articleSection":["A LA UNE","FOOTBALL","Gabon","NATIONAL FOOT 1"],"inLanguage":"fr-FR","potentialAction":[{"@type":"CommentAction","name":"Comment","target":["https:\/\/www.lesportif.info\/?p=104415#respond"]}]},{"@type":"WebPage","@id":"https:\/\/www.lesportif.info\/?p=104415","url":"https:\/\/www.lesportif.info\/?p=104415","name":"National-Foot : Pr\u00e9sidents des clubs, champions de la versatilit\u00e9 ! - Lesportif","isPartOf":{"@id":"https:\/\/www.lesportif.info\/#website"},"primaryImageOfPage":{"@id":"https:\/\/www.lesportif.info\/?p=104415#primaryimage"},"image":{"@id":"https:\/\/www.lesportif.info\/?p=104415#primaryimage"},"thumbnailUrl":"https:\/\/www.lesportif.info\/wp-content\/uploads\/2024\/06\/434174523_444738314570976_2161415756330132917_n-1.jpg","datePublished":"2026-08-29T09:20:15+00:00","dateModified":"2026-08-29T09:20:17+00:00","breadcrumb":{"@id":"https:\/\/www.lesportif.info\/?p=104415#breadcrumb"},"inLanguage":"fr-FR","potentialAction":[{"@type":"ReadAction","target":["https:\/\/www.lesportif.info\/?p=104415"]}]},{"@type":"ImageObject","inLanguage":"fr-FR","@id":"https:\/\/www.lesportif.info\/?p=104415#primaryimage","url":"https:\/\/www.lesportif.info\/wp-content\/uploads\/2024\/06\/434174523_444738314570976_2161415756330132917_n-1.jpg","contentUrl":"https:\/\/www.lesportif.info\/wp-content\/uploads\/2024\/06\/434174523_444738314570976_2161415756330132917_n-1.jpg","width":1080,"height":720},{"@type":"BreadcrumbList","@id":"https:\/\/www.lesportif.info\/?p=104415#breadcrumb","itemListElement":[{"@type":"ListItem","position":1,"name":"Accueil","item":"https:\/\/www.lesportif.info\/"},{"@type":"ListItem","position":2,"name":"National-Foot : Pr\u00e9sidents des clubs, champions de la versatilit\u00e9 !"}]},{"@type":"WebSite","@id":"https:\/\/www.lesportif.info\/#website","url":"https:\/\/www.lesportif.info\/","name":"www.lesportif:info","description":"L&#039;information juste et v\u00e9rifi\u00e9e","publisher":{"@id":"https:\/\/www.lesportif.info\/#organization"},"alternateName":"Lesportif","potentialAction":[{"@type":"SearchAction","target":{"@type":"EntryPoint","urlTemplate":"https:\/\/www.lesportif.info\/?s={search_term_string}"},"query-input":{"@type":"PropertyValueSpecification","valueRequired":true,"valueName":"search_term_string"}}],"inLanguage":"fr-FR"},{"@type":"Organization","@id":"https:\/\/www.lesportif.info\/#organization","name":"Lesportif","alternateName":"Lesportif","url":"https:\/\/www.lesportif.info\/","logo":{"@type":"ImageObject","inLanguage":"fr-FR","@id":"https:\/\/www.lesportif.info\/#\/schema\/logo\/image\/","url":"https:\/\/www.lesportif.info\/wp-content\/uploads\/2023\/12\/cropped-logo-noel-removebg-preview.png","contentUrl":"https:\/\/www.lesportif.info\/wp-content\/uploads\/2023\/12\/cropped-logo-noel-removebg-preview.png","width":482,"height":482,"caption":"Lesportif"},"image":{"@id":"https:\/\/www.lesportif.info\/#\/schema\/logo\/image\/"},"sameAs":["https:\/\/www.facebook.com\/lesportif.site\/"]},{"@type":"Person","@id":"https:\/\/www.lesportif.info\/#\/schema\/person\/e7da024defe46a0372c31b61b8608bab","name":"Moutsinga Gabrielle Nathalie","image":{"@type":"ImageObject","inLanguage":"fr-FR","@id":"https:\/\/secure.gravatar.com\/avatar\/1e02fe86c61f30824d3e0fe2aea0ad97405a3b5c8a92e1d21335b8d1393c9ac7?s=96&d=mm&r=g","url":"https:\/\/secure.gravatar.com\/avatar\/1e02fe86c61f30824d3e0fe2aea0ad97405a3b5c8a92e1d21335b8d1393c9ac7?s=96&d=mm&r=g","contentUrl":"https:\/\/secure.gravatar.com\/avatar\/1e02fe86c61f30824d3e0fe2aea0ad97405a3b5c8a92e1d21335b8d1393c9ac7?s=96&d=mm&r=g","caption":"Moutsinga Gabrielle Nathalie"},"url":"https:\/\/www.lesportif.info\/?author=11"}]}},"uagb_featured_image_src":{"full":["https:\/\/www.lesportif.info\/wp-content\/uploads\/2024\/06\/434174523_444738314570976_2161415756330132917_n-1.jpg",1080,720,false],"thumbnail":["https:\/\/www.lesportif.info\/wp-content\/uploads\/2024\/06\/434174523_444738314570976_2161415756330132917_n-1-150x150.jpg",150,150,true],"medium":["https:\/\/www.lesportif.info\/wp-content\/uploads\/2024\/06\/434174523_444738314570976_2161415756330132917_n-1-300x200.jpg",300,200,true],"medium_large":["https:\/\/www.lesportif.info\/wp-content\/uploads\/2024\/06\/434174523_444738314570976_2161415756330132917_n-1-768x512.jpg",650,433,true],"large":["https:\/\/www.lesportif.info\/wp-content\/uploads\/2024\/06\/434174523_444738314570976_2161415756330132917_n-1-1024x683.jpg",650,434,true],"1536x1536":["https:\/\/www.lesportif.info\/wp-content\/uploads\/2024\/06\/434174523_444738314570976_2161415756330132917_n-1.jpg",1080,720,false],"2048x2048":["https:\/\/www.lesportif.info\/wp-content\/uploads\/2024\/06\/434174523_444738314570976_2161415756330132917_n-1.jpg",1080,720,false],"smart-post-landscape":["https:\/\/www.lesportif.info\/wp-content\/uploads\/2024\/06\/434174523_444738314570976_2161415756330132917_n-1.jpg",855,570,false],"smart-post-portrait":["https:\/\/www.lesportif.info\/wp-content\/uploads\/2024\/06\/434174523_444738314570976_2161415756330132917_n-1.jpg",600,400,false],"sportspress-crop-medium":["https:\/\/www.lesportif.info\/wp-content\/uploads\/2024\/06\/434174523_444738314570976_2161415756330132917_n-1-300x300.jpg",300,300,true],"sportspress-fit-medium":["https:\/\/www.lesportif.info\/wp-content\/uploads\/2024\/06\/434174523_444738314570976_2161415756330132917_n-1-300x200.jpg",300,200,true],"sportspress-fit-icon":["https:\/\/www.lesportif.info\/wp-content\/uploads\/2024\/06\/434174523_444738314570976_2161415756330132917_n-1-128x85.jpg",128,85,true],"sportspress-fit-mini":["https:\/\/www.lesportif.info\/wp-content\/uploads\/2024\/06\/434174523_444738314570976_2161415756330132917_n-1-32x21.jpg",32,21,true],"ultp_layout_landscape_large":["https:\/\/www.lesportif.info\/wp-content\/uploads\/2024\/06\/434174523_444738314570976_2161415756330132917_n-1.jpg",1080,720,false],"ultp_layout_landscape":["https:\/\/www.lesportif.info\/wp-content\/uploads\/2024\/06\/434174523_444738314570976_2161415756330132917_n-1-870x570.jpg",870,570,true],"ultp_layout_portrait":["https:\/\/www.lesportif.info\/wp-content\/uploads\/2024\/06\/434174523_444738314570976_2161415756330132917_n-1-600x720.jpg",600,720,true],"ultp_layout_square":["https:\/\/www.lesportif.info\/wp-content\/uploads\/2024\/06\/434174523_444738314570976_2161415756330132917_n-1-600x600.jpg",600,600,true]},"uagb_author_info":{"display_name":"Moutsinga Gabrielle Nathalie","author_link":"https:\/\/www.lesportif.info\/?author=11"},"uagb_comment_info":0,"uagb_excerpt":"Depuis la mise en place de l\u2019Association des clubs de D1 et de D2, une r\u00e9alit\u00e9 saute de plus en plus aux yeux les pr\u00e9sidents des clubs gabonais peinent \u00e0 parler d\u2019une seule voix.","featured_image_urls":{"full":["https:\/\/www.lesportif.info\/wp-content\/uploads\/2024\/06\/434174523_444738314570976_2161415756330132917_n-1.jpg",1080,720,false],"thumbnail":["https:\/\/www.lesportif.info\/wp-content\/uploads\/2024\/06\/434174523_444738314570976_2161415756330132917_n-1-150x150.jpg",150,150,true],"medium":["https:\/\/www.lesportif.info\/wp-content\/uploads\/2024\/06\/434174523_444738314570976_2161415756330132917_n-1-300x200.jpg",300,200,true],"medium_large":["https:\/\/www.lesportif.info\/wp-content\/uploads\/2024\/06\/434174523_444738314570976_2161415756330132917_n-1-768x512.jpg",650,433,true],"large":["https:\/\/www.lesportif.info\/wp-content\/uploads\/2024\/06\/434174523_444738314570976_2161415756330132917_n-1-1024x683.jpg",650,434,true],"1536x1536":["https:\/\/www.lesportif.info\/wp-content\/uploads\/2024\/06\/434174523_444738314570976_2161415756330132917_n-1.jpg",1080,720,false],"2048x2048":["https:\/\/www.lesportif.info\/wp-content\/uploads\/2024\/06\/434174523_444738314570976_2161415756330132917_n-1.jpg",1080,720,false],"smart-post-landscape":["https:\/\/www.lesportif.info\/wp-content\/uploads\/2024\/06\/434174523_444738314570976_2161415756330132917_n-1.jpg",855,570,false],"smart-post-portrait":["https:\/\/www.lesportif.info\/wp-content\/uploads\/2024\/06\/434174523_444738314570976_2161415756330132917_n-1.jpg",600,400,false],"sportspress-crop-medium":["https:\/\/www.lesportif.info\/wp-content\/uploads\/2024\/06\/434174523_444738314570976_2161415756330132917_n-1-300x300.jpg",300,300,true],"sportspress-fit-medium":["https:\/\/www.lesportif.info\/wp-content\/uploads\/2024\/06\/434174523_444738314570976_2161415756330132917_n-1-300x200.jpg",300,200,true],"sportspress-fit-icon":["https:\/\/www.lesportif.info\/wp-content\/uploads\/2024\/06\/434174523_444738314570976_2161415756330132917_n-1-128x85.jpg",128,85,true],"sportspress-fit-mini":["https:\/\/www.lesportif.info\/wp-content\/uploads\/2024\/06\/434174523_444738314570976_2161415756330132917_n-1-32x21.jpg",32,21,true],"ultp_layout_landscape_large":["https:\/\/www.lesportif.info\/wp-content\/uploads\/2024\/06\/434174523_444738314570976_2161415756330132917_n-1.jpg",1080,720,false],"ultp_layout_landscape":["https:\/\/www.lesportif.info\/wp-content\/uploads\/2024\/06\/434174523_444738314570976_2161415756330132917_n-1-870x570.jpg",870,570,true],"ultp_layout_portrait":["https:\/\/www.lesportif.info\/wp-content\/uploads\/2024\/06\/434174523_444738314570976_2161415756330132917_n-1-600x720.jpg",600,720,true],"ultp_layout_square":["https:\/\/www.lesportif.info\/wp-content\/uploads\/2024\/06\/434174523_444738314570976_2161415756330132917_n-1-600x600.jpg",600,600,true]},"author_info":{"display_name":"Moutsinga Gabrielle Nathalie","author_link":"https:\/\/www.lesportif.info\/?author=11"},"category_info":"<a href=\"https:\/\/www.lesportif.info\/?cat=75\" rel=\"category\">A LA UNE<\/a> <a href=\"https:\/\/www.lesportif.info\/?cat=28\" rel=\"category\">FOOTBALL<\/a> <a href=\"https:\/\/www.lesportif.info\/?cat=4\" rel=\"category\">Gabon<\/a> <a href=\"https:\/\/www.lesportif.info\/?cat=95\" rel=\"category\">NATIONAL FOOT 1<\/a>","tag_info":"NATIONAL FOOT 1","comment_count":"0","rttpg_featured_image_url":{"full":["https:\/\/www.lesportif.info\/wp-content\/uploads\/2024\/06\/434174523_444738314570976_2161415756330132917_n-1.jpg",1080,720,false],"landscape":["https:\/\/www.lesportif.info\/wp-content\/uploads\/2024\/06\/434174523_444738314570976_2161415756330132917_n-1.jpg",1080,720,false],"portraits":["https:\/\/www.lesportif.info\/wp-content\/uploads\/2024\/06\/434174523_444738314570976_2161415756330132917_n-1.jpg",1080,720,false],"thumbnail":["https:\/\/www.lesportif.info\/wp-content\/uploads\/2024\/06\/434174523_444738314570976_2161415756330132917_n-1-150x150.jpg",150,150,true],"medium":["https:\/\/www.lesportif.info\/wp-content\/uploads\/2024\/06\/434174523_444738314570976_2161415756330132917_n-1-300x200.jpg",300,200,true],"large":["https:\/\/www.lesportif.info\/wp-content\/uploads\/2024\/06\/434174523_444738314570976_2161415756330132917_n-1-1024x683.jpg",650,434,true],"1536x1536":["https:\/\/www.lesportif.info\/wp-content\/uploads\/2024\/06\/434174523_444738314570976_2161415756330132917_n-1.jpg",1080,720,false],"2048x2048":["https:\/\/www.lesportif.info\/wp-content\/uploads\/2024\/06\/434174523_444738314570976_2161415756330132917_n-1.jpg",1080,720,false],"smart-post-landscape":["https:\/\/www.lesportif.info\/wp-content\/uploads\/2024\/06\/434174523_444738314570976_2161415756330132917_n-1.jpg",855,570,false],"smart-post-portrait":["https:\/\/www.lesportif.info\/wp-content\/uploads\/2024\/06\/434174523_444738314570976_2161415756330132917_n-1.jpg",600,400,false],"sportspress-crop-medium":["https:\/\/www.lesportif.info\/wp-content\/uploads\/2024\/06\/434174523_444738314570976_2161415756330132917_n-1-300x300.jpg",300,300,true],"sportspress-fit-medium":["https:\/\/www.lesportif.info\/wp-content\/uploads\/2024\/06\/434174523_444738314570976_2161415756330132917_n-1-300x200.jpg",300,200,true],"sportspress-fit-icon":["https:\/\/www.lesportif.info\/wp-content\/uploads\/2024\/06\/434174523_444738314570976_2161415756330132917_n-1-128x85.jpg",128,85,true],"sportspress-fit-mini":["https:\/\/www.lesportif.info\/wp-content\/uploads\/2024\/06\/434174523_444738314570976_2161415756330132917_n-1-32x21.jpg",32,21,true],"ultp_layout_landscape_large":["https:\/\/www.lesportif.info\/wp-content\/uploads\/2024\/06\/434174523_444738314570976_2161415756330132917_n-1.jpg",1080,720,false],"ultp_layout_landscape":["https:\/\/www.lesportif.info\/wp-content\/uploads\/2024\/06\/434174523_444738314570976_2161415756330132917_n-1-870x570.jpg",870,570,true],"ultp_layout_portrait":["https:\/\/www.lesportif.info\/wp-content\/uploads\/2024\/06\/434174523_444738314570976_2161415756330132917_n-1-600x720.jpg",600,720,true],"ultp_layout_square":["https:\/\/www.lesportif.info\/wp-content\/uploads\/2024\/06\/434174523_444738314570976_2161415756330132917_n-1-600x600.jpg",600,600,true]},"rttpg_author":{"display_name":"Moutsinga Gabrielle Nathalie","author_link":"https:\/\/www.lesportif.info\/?author=11"},"rttpg_comment":0,"rttpg_category":"<a href=\"https:\/\/www.lesportif.info\/?cat=75\" rel=\"category\">A LA UNE<\/a> <a href=\"https:\/\/www.lesportif.info\/?cat=28\" rel=\"category\">FOOTBALL<\/a> <a href=\"https:\/\/www.lesportif.info\/?cat=4\" rel=\"category\">Gabon<\/a> <a href=\"https:\/\/www.lesportif.info\/?cat=95\" rel=\"category\">NATIONAL FOOT 1<\/a>","rttpg_excerpt":"Depuis la mise en place de l\u2019Association des clubs de D1 et de D2, une r\u00e9alit\u00e9 saute de plus en plus aux yeux les pr\u00e9sidents des clubs gabonais peinent \u00e0 parler d\u2019une seule voix.","_links":{"self":[{"href":"https:\/\/www.lesportif.info\/index.php?rest_route=\/wp\/v2\/posts\/104415","targetHints":{"allow":["GET"]}}],"collection":[{"href":"https:\/\/www.lesportif.info\/index.php?rest_route=\/wp\/v2\/posts"}],"about":[{"href":"https:\/\/www.lesportif.info\/index.php?rest_route=\/wp\/v2\/types\/post"}],"author":[{"embeddable":true,"href":"https:\/\/www.lesportif.info\/index.php?rest_route=\/wp\/v2\/users\/11"}],"replies":[{"embeddable":true,"href":"https:\/\/www.lesportif.info\/index.php?rest_route=%2Fwp%2Fv2%2Fcomments&post=104415"}],"version-history":[{"count":1,"href":"https:\/\/www.lesportif.info\/index.php?rest_route=\/wp\/v2\/posts\/104415\/revisions"}],"predecessor-version":[{"id":104416,"href":"https:\/\/www.lesportif.info\/index.php?rest_route=\/wp\/v2\/posts\/104415\/revisions\/104416"}],"wp:featuredmedia":[{"embeddable":true,"href":"https:\/\/www.lesportif.info\/index.php?rest_route=\/wp\/v2\/media\/100706"}],"wp:attachment":[{"href":"https:\/\/www.lesportif.info\/index.php?rest_route=%2Fwp%2Fv2%2Fmedia&parent=104415"}],"wp:term":[{"taxonomy":"category","embeddable":true,"href":"https:\/\/www.lesportif.info\/index.php?rest_route=%2Fwp%2Fv2%2Fcategories&post=104415"},{"taxonomy":"post_tag","embeddable":true,"href":"https:\/\/www.lesportif.info\/index.php?rest_route=%2Fwp%2Fv2%2Ftags&post=104415"}],"curies":[{"name":"wp","href":"https:\/\/api.w.org\/{rel}","templated":true}]}}