{"id":104014,"date":"2026-03-09T22:12:01","date_gmt":"2026-03-09T21:12:01","guid":{"rendered":"https:\/\/www.lesportif.info\/?p=104014"},"modified":"2026-03-09T22:12:02","modified_gmt":"2026-03-09T21:12:02","slug":"election-a-la-fegafoot-axel-tire-la-sonnette-dalarme","status":"publish","type":"post","link":"https:\/\/www.lesportif.info\/?p=104014","title":{"rendered":"\u00c9lection \u00e0 la FEGAFOOT : Axel tire la sonnette d\u2019alarme !"},"content":{"rendered":"\n<p><strong>\u00c0 peine le processus \u00e9lectoral lanc\u00e9 pour le renouvellement du comit\u00e9 ex\u00e9cutif de la F\u00e9d\u00e9ration Gabonaise de Football (FEGAFOOT), les premi\u00e8res contestations \u00e9mergent. En cause : le calendrier publi\u00e9 par la Commission \u00e9lectorale, jug\u00e9 trop court par certains acteurs du football gabonais.<\/strong><\/p>\n\n\n\n<figure class=\"wp-block-image size-full is-resized\"><img fetchpriority=\"high\" decoding=\"async\" width=\"728\" height=\"90\" src=\"https:\/\/www.lesportif.info\/wp-content\/uploads\/2025\/11\/Votre-pub.png\" alt=\"\" class=\"wp-image-103507\" style=\"aspect-ratio:8.090119812467442;width:840px;height:auto\" srcset=\"https:\/\/www.lesportif.info\/wp-content\/uploads\/2025\/11\/Votre-pub.png 728w, https:\/\/www.lesportif.info\/wp-content\/uploads\/2025\/11\/Votre-pub-300x37.png 300w, https:\/\/www.lesportif.info\/wp-content\/uploads\/2025\/11\/Votre-pub-128x16.png 128w, https:\/\/www.lesportif.info\/wp-content\/uploads\/2025\/11\/Votre-pub-32x4.png 32w\" sizes=\"(max-width: 728px) 100vw, 728px\" \/><\/figure>\n\n\n\n<figure class=\"wp-block-image size-large\"><img decoding=\"async\" width=\"1024\" height=\"576\" src=\"https:\/\/www.lesportif.info\/wp-content\/uploads\/2026\/03\/56-1024x576.jpg\" alt=\"\" class=\"wp-image-104016\" srcset=\"https:\/\/www.lesportif.info\/wp-content\/uploads\/2026\/03\/56-1024x576.jpg 1024w, https:\/\/www.lesportif.info\/wp-content\/uploads\/2026\/03\/56-300x169.jpg 300w, https:\/\/www.lesportif.info\/wp-content\/uploads\/2026\/03\/56-768x432.jpg 768w, https:\/\/www.lesportif.info\/wp-content\/uploads\/2026\/03\/56-1536x864.jpg 1536w, https:\/\/www.lesportif.info\/wp-content\/uploads\/2026\/03\/56-128x72.jpg 128w, https:\/\/www.lesportif.info\/wp-content\/uploads\/2026\/03\/56-32x18.jpg 32w, https:\/\/www.lesportif.info\/wp-content\/uploads\/2026\/03\/56.jpg 2048w\" sizes=\"(max-width: 1024px) 100vw, 1024px\" \/><\/figure>\n\n\n\n<p>Parmi les voix qui se sont \u00e9lev\u00e9es figure celle du Dr Axel Nguema Edou, candidat d\u00e9clar\u00e9 \u00e0 la pr\u00e9sidence de la FEGAFOOT. Lors d\u2019un point de presse organis\u00e9 ce matin devant la presse nationale et internationale, il a exprim\u00e9 ses inqui\u00e9tudes concernant le calendrier \u00e9lectoral \u00e9tabli par la commission charg\u00e9e de l\u2019organisation du scrutin pr\u00e9vu le <strong>18 avril prochain<\/strong>.<\/p>\n\n\n\n<p>Dans son intervention, le candidat a indiqu\u00e9 avoir adress\u00e9 une requ\u00eate au pr\u00e9sident de la Commission \u00e9lectorale afin d\u2019attirer l\u2019attention sur certaines limites du processus.<\/p>\n\n\n\n<figure class=\"wp-block-image size-full is-resized\"><img decoding=\"async\" width=\"728\" height=\"90\" src=\"https:\/\/www.lesportif.info\/wp-content\/uploads\/2025\/11\/167307_3550548934_bb7211d682c22735d0a2e8bcb4d26238-1.png\" alt=\"\" class=\"wp-image-103521\" style=\"aspect-ratio:8.090119812467442;width:840px;height:auto\" srcset=\"https:\/\/www.lesportif.info\/wp-content\/uploads\/2025\/11\/167307_3550548934_bb7211d682c22735d0a2e8bcb4d26238-1.png 728w, https:\/\/www.lesportif.info\/wp-content\/uploads\/2025\/11\/167307_3550548934_bb7211d682c22735d0a2e8bcb4d26238-1-300x37.png 300w, https:\/\/www.lesportif.info\/wp-content\/uploads\/2025\/11\/167307_3550548934_bb7211d682c22735d0a2e8bcb4d26238-1-128x16.png 128w, https:\/\/www.lesportif.info\/wp-content\/uploads\/2025\/11\/167307_3550548934_bb7211d682c22735d0a2e8bcb4d26238-1-32x4.png 32w\" sizes=\"(max-width: 728px) 100vw, 728px\" \/><\/figure>\n\n\n\n<figure class=\"wp-block-image size-full\"><img loading=\"lazy\" decoding=\"async\" width=\"996\" height=\"664\" src=\"https:\/\/www.lesportif.info\/wp-content\/uploads\/2026\/03\/38.jpg\" alt=\"\" class=\"wp-image-104018\" srcset=\"https:\/\/www.lesportif.info\/wp-content\/uploads\/2026\/03\/38.jpg 996w, https:\/\/www.lesportif.info\/wp-content\/uploads\/2026\/03\/38-300x200.jpg 300w, https:\/\/www.lesportif.info\/wp-content\/uploads\/2026\/03\/38-768x512.jpg 768w, https:\/\/www.lesportif.info\/wp-content\/uploads\/2026\/03\/38-128x85.jpg 128w, https:\/\/www.lesportif.info\/wp-content\/uploads\/2026\/03\/38-32x21.jpg 32w\" sizes=\"(max-width: 996px) 100vw, 996px\" \/><\/figure>\n\n\n\n<blockquote class=\"wp-block-quote is-layout-flow wp-block-quote-is-layout-flow\">\n<p>\u00ab<em> J\u2019ai adress\u00e9 une requ\u00eate au pr\u00e9sident de la Commission \u00e9lectorale pour signaler certaines limites qui, si elles ne sont pas corrig\u00e9es, pourraient fragiliser la transparence et l\u2019\u00e9quit\u00e9 du processus \u00e9lectoral. Notre pays traverse une \u00e9tape d\u00e9cisive pour l\u2019avenir de son football. C\u2019est pourquoi j\u2019ai tenu \u00e0 rendre publique cette d\u00e9marche citoyenne <\/em>\u00bb, a-t-il d\u00e9clar\u00e9.<\/p>\n<\/blockquote>\n\n\n\n<figure class=\"wp-block-image size-full is-resized\"><img loading=\"lazy\" decoding=\"async\" width=\"728\" height=\"90\" src=\"https:\/\/www.lesportif.info\/wp-content\/uploads\/2025\/10\/WhatsApp-Image-2025-10-10-a-15.05.44_42d8126a.jpg\" alt=\"\" class=\"wp-image-103265\" style=\"aspect-ratio:8.090119812467442;width:840px;height:auto\" srcset=\"https:\/\/www.lesportif.info\/wp-content\/uploads\/2025\/10\/WhatsApp-Image-2025-10-10-a-15.05.44_42d8126a.jpg 728w, https:\/\/www.lesportif.info\/wp-content\/uploads\/2025\/10\/WhatsApp-Image-2025-10-10-a-15.05.44_42d8126a-300x37.jpg 300w, https:\/\/www.lesportif.info\/wp-content\/uploads\/2025\/10\/WhatsApp-Image-2025-10-10-a-15.05.44_42d8126a-128x16.jpg 128w, https:\/\/www.lesportif.info\/wp-content\/uploads\/2025\/10\/WhatsApp-Image-2025-10-10-a-15.05.44_42d8126a-32x4.jpg 32w\" sizes=\"(max-width: 728px) 100vw, 728px\" \/><\/figure>\n\n\n\n<p>Le Dr Nguema Edou d\u00e9plore \u00e9galement un manque de clart\u00e9 concernant les <strong>modalit\u00e9s de parrainage des candidats<\/strong>.<\/p>\n\n\n\n<figure class=\"wp-block-image size-large\"><img loading=\"lazy\" decoding=\"async\" width=\"1024\" height=\"683\" src=\"https:\/\/www.lesportif.info\/wp-content\/uploads\/2026\/03\/09-1024x683.jpg\" alt=\"\" class=\"wp-image-104019\" srcset=\"https:\/\/www.lesportif.info\/wp-content\/uploads\/2026\/03\/09-1024x683.jpg 1024w, https:\/\/www.lesportif.info\/wp-content\/uploads\/2026\/03\/09-300x200.jpg 300w, https:\/\/www.lesportif.info\/wp-content\/uploads\/2026\/03\/09-768x512.jpg 768w, https:\/\/www.lesportif.info\/wp-content\/uploads\/2026\/03\/09-1536x1024.jpg 1536w, https:\/\/www.lesportif.info\/wp-content\/uploads\/2026\/03\/09-128x85.jpg 128w, https:\/\/www.lesportif.info\/wp-content\/uploads\/2026\/03\/09-32x21.jpg 32w, https:\/\/www.lesportif.info\/wp-content\/uploads\/2026\/03\/09-1200x800.jpg 1200w, https:\/\/www.lesportif.info\/wp-content\/uploads\/2026\/03\/09.jpg 2048w\" sizes=\"(max-width: 1024px) 100vw, 1024px\" \/><\/figure>\n\n\n\n<blockquote class=\"wp-block-quote is-layout-flow wp-block-quote-is-layout-flow\">\n<p>\u00ab <em>\u00c0 cela s\u2019ajoute un flou pr\u00e9occupant autour des standards de parrainage : formulaire type, modalit\u00e9s de v\u00e9rification\u2026 rien n\u2019est clairement d\u00e9fini, ce qui expose les candidats \u00e0 une ins\u00e9curit\u00e9 juridique inacceptable <\/em>\u00bb, a-t-il soulign\u00e9.<\/p>\n<\/blockquote>\n\n\n\n<figure class=\"wp-block-image size-large\"><img loading=\"lazy\" decoding=\"async\" width=\"1024\" height=\"132\" src=\"https:\/\/www.lesportif.info\/wp-content\/uploads\/2025\/01\/REVEAL-PUB-_-AFG_Bandeau-GMT-729x94-1-1024x132.png\" alt=\"\" class=\"wp-image-102063\" srcset=\"https:\/\/www.lesportif.info\/wp-content\/uploads\/2025\/01\/REVEAL-PUB-_-AFG_Bandeau-GMT-729x94-1-1024x132.png 1024w, https:\/\/www.lesportif.info\/wp-content\/uploads\/2025\/01\/REVEAL-PUB-_-AFG_Bandeau-GMT-729x94-1-300x39.png 300w, https:\/\/www.lesportif.info\/wp-content\/uploads\/2025\/01\/REVEAL-PUB-_-AFG_Bandeau-GMT-729x94-1-768x99.png 768w, https:\/\/www.lesportif.info\/wp-content\/uploads\/2025\/01\/REVEAL-PUB-_-AFG_Bandeau-GMT-729x94-1-1536x198.png 1536w, https:\/\/www.lesportif.info\/wp-content\/uploads\/2025\/01\/REVEAL-PUB-_-AFG_Bandeau-GMT-729x94-1-2048x264.png 2048w, https:\/\/www.lesportif.info\/wp-content\/uploads\/2025\/01\/REVEAL-PUB-_-AFG_Bandeau-GMT-729x94-1-128x17.png 128w, https:\/\/www.lesportif.info\/wp-content\/uploads\/2025\/01\/REVEAL-PUB-_-AFG_Bandeau-GMT-729x94-1-32x4.png 32w\" sizes=\"(max-width: 1024px) 100vw, 1024px\" \/><\/figure>\n\n\n\n<p>Face \u00e0 cette situation, le candidat appelle la Commission \u00e9lectorale de la FEGAFOOT, dirig\u00e9e par Jean\u2011Luc Ndong, \u00e0 prendre plusieurs mesures afin de garantir un processus \u00e9lectoral \u00e9quitable et transparent :<\/p>\n\n\n\n<ul class=\"wp-block-list\">\n<li><strong>Publier sans d\u00e9lai la liste officielle et actualis\u00e9e des membres du congr\u00e8s<\/strong>, afin que chaque candidat puisse identifier clairement les parrains potentiels.<\/li>\n\n\n\n<li><strong>Prolonger le d\u00e9lai de d\u00e9p\u00f4t des candidatures d\u2019au moins vingt-cinq jours ouvr\u00e9s<\/strong>, \u00e0 compter de la publication de cette liste, afin de permettre une campagne de parrainage effective sur l\u2019ensemble du territoire.<\/li>\n\n\n\n<li><strong>\u00c9tablir et diffuser des standards de parrainage clairs<\/strong>, incluant un formulaire type et une proc\u00e9dure de validation transparente, afin d\u2019\u00e9viter tout rejet de dossier pour des motifs techniques.<\/li>\n<\/ul>\n\n\n\n<figure class=\"wp-block-image size-large\"><img loading=\"lazy\" decoding=\"async\" width=\"1024\" height=\"796\" src=\"https:\/\/www.lesportif.info\/wp-content\/uploads\/2025\/10\/WhatsApp-Image-2025-10-11-a-12.12.10_8f62f793-1024x796.jpg\" alt=\"\" class=\"wp-image-103289\" srcset=\"https:\/\/www.lesportif.info\/wp-content\/uploads\/2025\/10\/WhatsApp-Image-2025-10-11-a-12.12.10_8f62f793-1024x796.jpg 1024w, https:\/\/www.lesportif.info\/wp-content\/uploads\/2025\/10\/WhatsApp-Image-2025-10-11-a-12.12.10_8f62f793-300x233.jpg 300w, https:\/\/www.lesportif.info\/wp-content\/uploads\/2025\/10\/WhatsApp-Image-2025-10-11-a-12.12.10_8f62f793-768x597.jpg 768w, https:\/\/www.lesportif.info\/wp-content\/uploads\/2025\/10\/WhatsApp-Image-2025-10-11-a-12.12.10_8f62f793-128x100.jpg 128w, https:\/\/www.lesportif.info\/wp-content\/uploads\/2025\/10\/WhatsApp-Image-2025-10-11-a-12.12.10_8f62f793-32x25.jpg 32w, https:\/\/www.lesportif.info\/wp-content\/uploads\/2025\/10\/WhatsApp-Image-2025-10-11-a-12.12.10_8f62f793.jpg 1280w\" sizes=\"(max-width: 1024px) 100vw, 1024px\" \/><\/figure>\n\n\n\n<p>Pour Axel Nguema Edou, la d\u00e9marche d\u00e9passe la d\u00e9fense d\u2019une candidature personnelle.<\/p>\n\n\n\n<figure class=\"wp-block-image size-large\"><img loading=\"lazy\" decoding=\"async\" width=\"1024\" height=\"683\" src=\"https:\/\/www.lesportif.info\/wp-content\/uploads\/2026\/03\/89-1024x683.jpg\" alt=\"\" class=\"wp-image-104020\" srcset=\"https:\/\/www.lesportif.info\/wp-content\/uploads\/2026\/03\/89-1024x683.jpg 1024w, https:\/\/www.lesportif.info\/wp-content\/uploads\/2026\/03\/89-300x200.jpg 300w, https:\/\/www.lesportif.info\/wp-content\/uploads\/2026\/03\/89-768x512.jpg 768w, https:\/\/www.lesportif.info\/wp-content\/uploads\/2026\/03\/89-1536x1024.jpg 1536w, https:\/\/www.lesportif.info\/wp-content\/uploads\/2026\/03\/89-128x85.jpg 128w, https:\/\/www.lesportif.info\/wp-content\/uploads\/2026\/03\/89-32x21.jpg 32w, https:\/\/www.lesportif.info\/wp-content\/uploads\/2026\/03\/89-1200x800.jpg 1200w, https:\/\/www.lesportif.info\/wp-content\/uploads\/2026\/03\/89.jpg 2048w\" sizes=\"(max-width: 1024px) 100vw, 1024px\" \/><\/figure>\n\n\n\n<blockquote class=\"wp-block-quote is-layout-flow wp-block-quote-is-layout-flow\">\n<p>\u00ab <em>Il ne s\u2019agit pas de d\u00e9fendre une candidature particuli\u00e8re, mais de poser les bases d\u2019un processus \u00e9lectoral cr\u00e9dible, conforme aux aspirations des Gabonaises et des Gabonais. Nous devons tourner la page des pratiques de la quatri\u00e8me R\u00e9publique et nous engager r\u00e9solument dans la voie de la refondation, de la transparence et de l\u2019excellence <\/em>\u00bb, a-t-il conclu.<\/p>\n<\/blockquote>\n","protected":false},"excerpt":{"rendered":"<p>\u00c0 peine le processus \u00e9lectoral lanc\u00e9 pour le renouvellement du comit\u00e9 ex\u00e9cutif de la F\u00e9d\u00e9ration Gabonaise de Football (FEGAFOOT), les premi\u00e8res contestations \u00e9mergent. En cause : le calendrier publi\u00e9 par la Commission \u00e9lectorale, jug\u00e9 trop court par certains acteurs du football gabonais.<\/p>\n","protected":false},"author":12,"featured_media":104015,"comment_status":"open","ping_status":"open","sticky":false,"template":"","format":"standard","meta":{"_uag_custom_page_level_css":"","footnotes":""},"categories":[75,93,28,4],"tags":[],"class_list":["post-104014","post","type-post","status-publish","format-standard","has-post-thumbnail","hentry","category-a-la-une","category-fegafoot","category-football","category-gabon"],"yoast_head":"<!-- This site is optimized with the Yoast SEO plugin v26.6 - https:\/\/yoast.com\/wordpress\/plugins\/seo\/ -->\n<title>\u00c9lection \u00e0 la FEGAFOOT : Axel tire la sonnette d\u2019alarme ! - Lesportif<\/title>\n<meta name=\"description\" content=\"\u00c0 peine le processus \u00e9lectoral lanc\u00e9 pour le renouvellement du comit\u00e9 ex\u00e9cutif de la F\u00e9d\u00e9ration Gabonaise de Football (FEGAFOOT), les premi\u00e8res contestations \u00e9mergent. En cause : le calendrier publi\u00e9 par la Commission \u00e9lectorale, jug\u00e9 trop court par certains acteurs du football gabonais.\" \/>\n<meta name=\"robots\" content=\"index, follow, max-snippet:-1, max-image-preview:large, max-video-preview:-1\" \/>\n<link rel=\"canonical\" href=\"https:\/\/www.lesportif.info\/?p=104014\" \/>\n<meta property=\"og:locale\" content=\"fr_FR\" \/>\n<meta property=\"og:type\" content=\"article\" \/>\n<meta property=\"og:title\" content=\"\u00c9lection \u00e0 la FEGAFOOT : Axel tire la sonnette d\u2019alarme ! - Lesportif\" \/>\n<meta property=\"og:description\" content=\"\u00c0 peine le processus \u00e9lectoral lanc\u00e9 pour le renouvellement du comit\u00e9 ex\u00e9cutif de la F\u00e9d\u00e9ration Gabonaise de Football (FEGAFOOT), les premi\u00e8res contestations \u00e9mergent. En cause : le calendrier publi\u00e9 par la Commission \u00e9lectorale, jug\u00e9 trop court par certains acteurs du football gabonais.\" \/>\n<meta property=\"og:url\" content=\"https:\/\/www.lesportif.info\/?p=104014\" \/>\n<meta property=\"og:site_name\" content=\"Lesportif\" \/>\n<meta property=\"article:publisher\" content=\"https:\/\/www.facebook.com\/lesportif.site\/\" \/>\n<meta property=\"article:published_time\" content=\"2026-03-09T21:12:01+00:00\" \/>\n<meta property=\"article:modified_time\" content=\"2026-03-09T21:12:02+00:00\" \/>\n<meta property=\"og:image\" content=\"https:\/\/www.lesportif.info\/wp-content\/uploads\/2026\/03\/Axel-Nguema-Edou-01.jpg\" \/>\n\t<meta property=\"og:image:width\" content=\"2048\" \/>\n\t<meta property=\"og:image:height\" content=\"1365\" \/>\n\t<meta property=\"og:image:type\" content=\"image\/jpeg\" \/>\n<meta name=\"author\" content=\"Claude Mbadinga MOMBO\" \/>\n<meta name=\"twitter:card\" content=\"summary_large_image\" \/>\n<meta name=\"twitter:label1\" content=\"\u00c9crit par\" \/>\n\t<meta name=\"twitter:data1\" content=\"Claude Mbadinga MOMBO\" \/>\n\t<meta name=\"twitter:label2\" content=\"Dur\u00e9e de lecture estim\u00e9e\" \/>\n\t<meta name=\"twitter:data2\" content=\"4 minutes\" \/>\n<script type=\"application\/ld+json\" class=\"yoast-schema-graph\">{\"@context\":\"https:\/\/schema.org\",\"@graph\":[{\"@type\":\"Article\",\"@id\":\"https:\/\/www.lesportif.info\/?p=104014#article\",\"isPartOf\":{\"@id\":\"https:\/\/www.lesportif.info\/?p=104014\"},\"author\":{\"name\":\"Claude Mbadinga MOMBO\",\"@id\":\"https:\/\/www.lesportif.info\/#\/schema\/person\/8352bb06f8997a7ea0255c21b9c05b1b\"},\"headline\":\"\u00c9lection \u00e0 la FEGAFOOT : Axel tire la sonnette d\u2019alarme !\",\"datePublished\":\"2026-03-09T21:12:01+00:00\",\"dateModified\":\"2026-03-09T21:12:02+00:00\",\"mainEntityOfPage\":{\"@id\":\"https:\/\/www.lesportif.info\/?p=104014\"},\"wordCount\":468,\"commentCount\":0,\"publisher\":{\"@id\":\"https:\/\/www.lesportif.info\/#organization\"},\"image\":{\"@id\":\"https:\/\/www.lesportif.info\/?p=104014#primaryimage\"},\"thumbnailUrl\":\"https:\/\/www.lesportif.info\/wp-content\/uploads\/2026\/03\/Axel-Nguema-Edou-01.jpg\",\"articleSection\":[\"A LA UNE\",\"FEGAFOOT\",\"FOOTBALL\",\"Gabon\"],\"inLanguage\":\"fr-FR\",\"potentialAction\":[{\"@type\":\"CommentAction\",\"name\":\"Comment\",\"target\":[\"https:\/\/www.lesportif.info\/?p=104014#respond\"]}]},{\"@type\":\"WebPage\",\"@id\":\"https:\/\/www.lesportif.info\/?p=104014\",\"url\":\"https:\/\/www.lesportif.info\/?p=104014\",\"name\":\"\u00c9lection \u00e0 la FEGAFOOT : Axel tire la sonnette d\u2019alarme ! - Lesportif\",\"isPartOf\":{\"@id\":\"https:\/\/www.lesportif.info\/#website\"},\"primaryImageOfPage\":{\"@id\":\"https:\/\/www.lesportif.info\/?p=104014#primaryimage\"},\"image\":{\"@id\":\"https:\/\/www.lesportif.info\/?p=104014#primaryimage\"},\"thumbnailUrl\":\"https:\/\/www.lesportif.info\/wp-content\/uploads\/2026\/03\/Axel-Nguema-Edou-01.jpg\",\"datePublished\":\"2026-03-09T21:12:01+00:00\",\"dateModified\":\"2026-03-09T21:12:02+00:00\",\"description\":\"\u00c0 peine le processus \u00e9lectoral lanc\u00e9 pour le renouvellement du comit\u00e9 ex\u00e9cutif de la F\u00e9d\u00e9ration Gabonaise de Football (FEGAFOOT), les premi\u00e8res contestations \u00e9mergent. En cause : le calendrier publi\u00e9 par la Commission \u00e9lectorale, jug\u00e9 trop court par certains acteurs du football gabonais.\",\"breadcrumb\":{\"@id\":\"https:\/\/www.lesportif.info\/?p=104014#breadcrumb\"},\"inLanguage\":\"fr-FR\",\"potentialAction\":[{\"@type\":\"ReadAction\",\"target\":[\"https:\/\/www.lesportif.info\/?p=104014\"]}]},{\"@type\":\"ImageObject\",\"inLanguage\":\"fr-FR\",\"@id\":\"https:\/\/www.lesportif.info\/?p=104014#primaryimage\",\"url\":\"https:\/\/www.lesportif.info\/wp-content\/uploads\/2026\/03\/Axel-Nguema-Edou-01.jpg\",\"contentUrl\":\"https:\/\/www.lesportif.info\/wp-content\/uploads\/2026\/03\/Axel-Nguema-Edou-01.jpg\",\"width\":2048,\"height\":1365},{\"@type\":\"BreadcrumbList\",\"@id\":\"https:\/\/www.lesportif.info\/?p=104014#breadcrumb\",\"itemListElement\":[{\"@type\":\"ListItem\",\"position\":1,\"name\":\"Accueil\",\"item\":\"https:\/\/www.lesportif.info\/\"},{\"@type\":\"ListItem\",\"position\":2,\"name\":\"\u00c9lection \u00e0 la FEGAFOOT : Axel tire la sonnette d\u2019alarme !\"}]},{\"@type\":\"WebSite\",\"@id\":\"https:\/\/www.lesportif.info\/#website\",\"url\":\"https:\/\/www.lesportif.info\/\",\"name\":\"www.lesportif:info\",\"description\":\"L&#039;information juste et v\u00e9rifi\u00e9e\",\"publisher\":{\"@id\":\"https:\/\/www.lesportif.info\/#organization\"},\"alternateName\":\"Lesportif\",\"potentialAction\":[{\"@type\":\"SearchAction\",\"target\":{\"@type\":\"EntryPoint\",\"urlTemplate\":\"https:\/\/www.lesportif.info\/?s={search_term_string}\"},\"query-input\":{\"@type\":\"PropertyValueSpecification\",\"valueRequired\":true,\"valueName\":\"search_term_string\"}}],\"inLanguage\":\"fr-FR\"},{\"@type\":\"Organization\",\"@id\":\"https:\/\/www.lesportif.info\/#organization\",\"name\":\"Lesportif\",\"alternateName\":\"Lesportif\",\"url\":\"https:\/\/www.lesportif.info\/\",\"logo\":{\"@type\":\"ImageObject\",\"inLanguage\":\"fr-FR\",\"@id\":\"https:\/\/www.lesportif.info\/#\/schema\/logo\/image\/\",\"url\":\"https:\/\/www.lesportif.info\/wp-content\/uploads\/2023\/12\/cropped-logo-noel-removebg-preview.png\",\"contentUrl\":\"https:\/\/www.lesportif.info\/wp-content\/uploads\/2023\/12\/cropped-logo-noel-removebg-preview.png\",\"width\":482,\"height\":482,\"caption\":\"Lesportif\"},\"image\":{\"@id\":\"https:\/\/www.lesportif.info\/#\/schema\/logo\/image\/\"},\"sameAs\":[\"https:\/\/www.facebook.com\/lesportif.site\/\"]},{\"@type\":\"Person\",\"@id\":\"https:\/\/www.lesportif.info\/#\/schema\/person\/8352bb06f8997a7ea0255c21b9c05b1b\",\"name\":\"Claude Mbadinga MOMBO\",\"image\":{\"@type\":\"ImageObject\",\"inLanguage\":\"fr-FR\",\"@id\":\"https:\/\/www.lesportif.info\/#\/schema\/person\/image\/\",\"url\":\"https:\/\/secure.gravatar.com\/avatar\/ad879f46115567a7fd0310b5e57d8d520a9cc56a98eed65794fac0baa064cc1c?s=96&d=mm&r=g\",\"contentUrl\":\"https:\/\/secure.gravatar.com\/avatar\/ad879f46115567a7fd0310b5e57d8d520a9cc56a98eed65794fac0baa064cc1c?s=96&d=mm&r=g\",\"caption\":\"Claude Mbadinga MOMBO\"},\"url\":\"https:\/\/www.lesportif.info\/?author=12\"}]}<\/script>\n<!-- \/ Yoast SEO plugin. -->","yoast_head_json":{"title":"\u00c9lection \u00e0 la FEGAFOOT : Axel tire la sonnette d\u2019alarme ! - Lesportif","description":"\u00c0 peine le processus \u00e9lectoral lanc\u00e9 pour le renouvellement du comit\u00e9 ex\u00e9cutif de la F\u00e9d\u00e9ration Gabonaise de Football (FEGAFOOT), les premi\u00e8res contestations \u00e9mergent. En cause : le calendrier publi\u00e9 par la Commission \u00e9lectorale, jug\u00e9 trop court par certains acteurs du football gabonais.","robots":{"index":"index","follow":"follow","max-snippet":"max-snippet:-1","max-image-preview":"max-image-preview:large","max-video-preview":"max-video-preview:-1"},"canonical":"https:\/\/www.lesportif.info\/?p=104014","og_locale":"fr_FR","og_type":"article","og_title":"\u00c9lection \u00e0 la FEGAFOOT : Axel tire la sonnette d\u2019alarme ! - Lesportif","og_description":"\u00c0 peine le processus \u00e9lectoral lanc\u00e9 pour le renouvellement du comit\u00e9 ex\u00e9cutif de la F\u00e9d\u00e9ration Gabonaise de Football (FEGAFOOT), les premi\u00e8res contestations \u00e9mergent. En cause : le calendrier publi\u00e9 par la Commission \u00e9lectorale, jug\u00e9 trop court par certains acteurs du football gabonais.","og_url":"https:\/\/www.lesportif.info\/?p=104014","og_site_name":"Lesportif","article_publisher":"https:\/\/www.facebook.com\/lesportif.site\/","article_published_time":"2026-03-09T21:12:01+00:00","article_modified_time":"2026-03-09T21:12:02+00:00","og_image":[{"width":2048,"height":1365,"url":"https:\/\/www.lesportif.info\/wp-content\/uploads\/2026\/03\/Axel-Nguema-Edou-01.jpg","type":"image\/jpeg"}],"author":"Claude Mbadinga MOMBO","twitter_card":"summary_large_image","twitter_misc":{"\u00c9crit par":"Claude Mbadinga MOMBO","Dur\u00e9e de lecture estim\u00e9e":"4 minutes"},"schema":{"@context":"https:\/\/schema.org","@graph":[{"@type":"Article","@id":"https:\/\/www.lesportif.info\/?p=104014#article","isPartOf":{"@id":"https:\/\/www.lesportif.info\/?p=104014"},"author":{"name":"Claude Mbadinga MOMBO","@id":"https:\/\/www.lesportif.info\/#\/schema\/person\/8352bb06f8997a7ea0255c21b9c05b1b"},"headline":"\u00c9lection \u00e0 la FEGAFOOT : Axel tire la sonnette d\u2019alarme !","datePublished":"2026-03-09T21:12:01+00:00","dateModified":"2026-03-09T21:12:02+00:00","mainEntityOfPage":{"@id":"https:\/\/www.lesportif.info\/?p=104014"},"wordCount":468,"commentCount":0,"publisher":{"@id":"https:\/\/www.lesportif.info\/#organization"},"image":{"@id":"https:\/\/www.lesportif.info\/?p=104014#primaryimage"},"thumbnailUrl":"https:\/\/www.lesportif.info\/wp-content\/uploads\/2026\/03\/Axel-Nguema-Edou-01.jpg","articleSection":["A LA UNE","FEGAFOOT","FOOTBALL","Gabon"],"inLanguage":"fr-FR","potentialAction":[{"@type":"CommentAction","name":"Comment","target":["https:\/\/www.lesportif.info\/?p=104014#respond"]}]},{"@type":"WebPage","@id":"https:\/\/www.lesportif.info\/?p=104014","url":"https:\/\/www.lesportif.info\/?p=104014","name":"\u00c9lection \u00e0 la FEGAFOOT : Axel tire la sonnette d\u2019alarme ! - Lesportif","isPartOf":{"@id":"https:\/\/www.lesportif.info\/#website"},"primaryImageOfPage":{"@id":"https:\/\/www.lesportif.info\/?p=104014#primaryimage"},"image":{"@id":"https:\/\/www.lesportif.info\/?p=104014#primaryimage"},"thumbnailUrl":"https:\/\/www.lesportif.info\/wp-content\/uploads\/2026\/03\/Axel-Nguema-Edou-01.jpg","datePublished":"2026-03-09T21:12:01+00:00","dateModified":"2026-03-09T21:12:02+00:00","description":"\u00c0 peine le processus \u00e9lectoral lanc\u00e9 pour le renouvellement du comit\u00e9 ex\u00e9cutif de la F\u00e9d\u00e9ration Gabonaise de Football (FEGAFOOT), les premi\u00e8res contestations \u00e9mergent. En cause : le calendrier publi\u00e9 par la Commission \u00e9lectorale, jug\u00e9 trop court par certains acteurs du football gabonais.","breadcrumb":{"@id":"https:\/\/www.lesportif.info\/?p=104014#breadcrumb"},"inLanguage":"fr-FR","potentialAction":[{"@type":"ReadAction","target":["https:\/\/www.lesportif.info\/?p=104014"]}]},{"@type":"ImageObject","inLanguage":"fr-FR","@id":"https:\/\/www.lesportif.info\/?p=104014#primaryimage","url":"https:\/\/www.lesportif.info\/wp-content\/uploads\/2026\/03\/Axel-Nguema-Edou-01.jpg","contentUrl":"https:\/\/www.lesportif.info\/wp-content\/uploads\/2026\/03\/Axel-Nguema-Edou-01.jpg","width":2048,"height":1365},{"@type":"BreadcrumbList","@id":"https:\/\/www.lesportif.info\/?p=104014#breadcrumb","itemListElement":[{"@type":"ListItem","position":1,"name":"Accueil","item":"https:\/\/www.lesportif.info\/"},{"@type":"ListItem","position":2,"name":"\u00c9lection \u00e0 la FEGAFOOT : Axel tire la sonnette d\u2019alarme !"}]},{"@type":"WebSite","@id":"https:\/\/www.lesportif.info\/#website","url":"https:\/\/www.lesportif.info\/","name":"www.lesportif:info","description":"L&#039;information juste et v\u00e9rifi\u00e9e","publisher":{"@id":"https:\/\/www.lesportif.info\/#organization"},"alternateName":"Lesportif","potentialAction":[{"@type":"SearchAction","target":{"@type":"EntryPoint","urlTemplate":"https:\/\/www.lesportif.info\/?s={search_term_string}"},"query-input":{"@type":"PropertyValueSpecification","valueRequired":true,"valueName":"search_term_string"}}],"inLanguage":"fr-FR"},{"@type":"Organization","@id":"https:\/\/www.lesportif.info\/#organization","name":"Lesportif","alternateName":"Lesportif","url":"https:\/\/www.lesportif.info\/","logo":{"@type":"ImageObject","inLanguage":"fr-FR","@id":"https:\/\/www.lesportif.info\/#\/schema\/logo\/image\/","url":"https:\/\/www.lesportif.info\/wp-content\/uploads\/2023\/12\/cropped-logo-noel-removebg-preview.png","contentUrl":"https:\/\/www.lesportif.info\/wp-content\/uploads\/2023\/12\/cropped-logo-noel-removebg-preview.png","width":482,"height":482,"caption":"Lesportif"},"image":{"@id":"https:\/\/www.lesportif.info\/#\/schema\/logo\/image\/"},"sameAs":["https:\/\/www.facebook.com\/lesportif.site\/"]},{"@type":"Person","@id":"https:\/\/www.lesportif.info\/#\/schema\/person\/8352bb06f8997a7ea0255c21b9c05b1b","name":"Claude Mbadinga MOMBO","image":{"@type":"ImageObject","inLanguage":"fr-FR","@id":"https:\/\/www.lesportif.info\/#\/schema\/person\/image\/","url":"https:\/\/secure.gravatar.com\/avatar\/ad879f46115567a7fd0310b5e57d8d520a9cc56a98eed65794fac0baa064cc1c?s=96&d=mm&r=g","contentUrl":"https:\/\/secure.gravatar.com\/avatar\/ad879f46115567a7fd0310b5e57d8d520a9cc56a98eed65794fac0baa064cc1c?s=96&d=mm&r=g","caption":"Claude Mbadinga MOMBO"},"url":"https:\/\/www.lesportif.info\/?author=12"}]}},"uagb_featured_image_src":{"full":["https:\/\/www.lesportif.info\/wp-content\/uploads\/2026\/03\/Axel-Nguema-Edou-01.jpg",2048,1365,false],"thumbnail":["https:\/\/www.lesportif.info\/wp-content\/uploads\/2026\/03\/Axel-Nguema-Edou-01-150x150.jpg",150,150,true],"medium":["https:\/\/www.lesportif.info\/wp-content\/uploads\/2026\/03\/Axel-Nguema-Edou-01-300x200.jpg",300,200,true],"medium_large":["https:\/\/www.lesportif.info\/wp-content\/uploads\/2026\/03\/Axel-Nguema-Edou-01-768x512.jpg",650,433,true],"large":["https:\/\/www.lesportif.info\/wp-content\/uploads\/2026\/03\/Axel-Nguema-Edou-01-1024x683.jpg",650,434,true],"1536x1536":["https:\/\/www.lesportif.info\/wp-content\/uploads\/2026\/03\/Axel-Nguema-Edou-01-1536x1024.jpg",1536,1024,true],"2048x2048":["https:\/\/www.lesportif.info\/wp-content\/uploads\/2026\/03\/Axel-Nguema-Edou-01.jpg",2048,1365,false],"sportspress-crop-medium":["https:\/\/www.lesportif.info\/wp-content\/uploads\/2026\/03\/Axel-Nguema-Edou-01-300x300.jpg",300,300,true],"sportspress-fit-medium":["https:\/\/www.lesportif.info\/wp-content\/uploads\/2026\/03\/Axel-Nguema-Edou-01-300x200.jpg",300,200,true],"sportspress-fit-icon":["https:\/\/www.lesportif.info\/wp-content\/uploads\/2026\/03\/Axel-Nguema-Edou-01-128x85.jpg",128,85,true],"sportspress-fit-mini":["https:\/\/www.lesportif.info\/wp-content\/uploads\/2026\/03\/Axel-Nguema-Edou-01-32x21.jpg",32,21,true],"ultp_layout_landscape_large":["https:\/\/www.lesportif.info\/wp-content\/uploads\/2026\/03\/Axel-Nguema-Edou-01-1200x800.jpg",1200,800,true],"ultp_layout_landscape":["https:\/\/www.lesportif.info\/wp-content\/uploads\/2026\/03\/Axel-Nguema-Edou-01-870x570.jpg",870,570,true],"ultp_layout_portrait":["https:\/\/www.lesportif.info\/wp-content\/uploads\/2026\/03\/Axel-Nguema-Edou-01-600x900.jpg",600,900,true],"ultp_layout_square":["https:\/\/www.lesportif.info\/wp-content\/uploads\/2026\/03\/Axel-Nguema-Edou-01-600x600.jpg",600,600,true]},"uagb_author_info":{"display_name":"Claude Mbadinga MOMBO","author_link":"https:\/\/www.lesportif.info\/?author=12"},"uagb_comment_info":0,"uagb_excerpt":"\u00c0 peine le processus \u00e9lectoral lanc\u00e9 pour le renouvellement du comit\u00e9 ex\u00e9cutif de la F\u00e9d\u00e9ration Gabonaise de Football (FEGAFOOT), les premi\u00e8res contestations \u00e9mergent. En cause : le calendrier publi\u00e9 par la Commission \u00e9lectorale, jug\u00e9 trop court par certains acteurs du football gabonais.","featured_image_urls":{"full":["https:\/\/www.lesportif.info\/wp-content\/uploads\/2026\/03\/Axel-Nguema-Edou-01.jpg",2048,1365,false],"thumbnail":["https:\/\/www.lesportif.info\/wp-content\/uploads\/2026\/03\/Axel-Nguema-Edou-01-150x150.jpg",150,150,true],"medium":["https:\/\/www.lesportif.info\/wp-content\/uploads\/2026\/03\/Axel-Nguema-Edou-01-300x200.jpg",300,200,true],"medium_large":["https:\/\/www.lesportif.info\/wp-content\/uploads\/2026\/03\/Axel-Nguema-Edou-01-768x512.jpg",650,433,true],"large":["https:\/\/www.lesportif.info\/wp-content\/uploads\/2026\/03\/Axel-Nguema-Edou-01-1024x683.jpg",650,434,true],"1536x1536":["https:\/\/www.lesportif.info\/wp-content\/uploads\/2026\/03\/Axel-Nguema-Edou-01-1536x1024.jpg",1536,1024,true],"2048x2048":["https:\/\/www.lesportif.info\/wp-content\/uploads\/2026\/03\/Axel-Nguema-Edou-01.jpg",2048,1365,false],"sportspress-crop-medium":["https:\/\/www.lesportif.info\/wp-content\/uploads\/2026\/03\/Axel-Nguema-Edou-01-300x300.jpg",300,300,true],"sportspress-fit-medium":["https:\/\/www.lesportif.info\/wp-content\/uploads\/2026\/03\/Axel-Nguema-Edou-01-300x200.jpg",300,200,true],"sportspress-fit-icon":["https:\/\/www.lesportif.info\/wp-content\/uploads\/2026\/03\/Axel-Nguema-Edou-01-128x85.jpg",128,85,true],"sportspress-fit-mini":["https:\/\/www.lesportif.info\/wp-content\/uploads\/2026\/03\/Axel-Nguema-Edou-01-32x21.jpg",32,21,true],"ultp_layout_landscape_large":["https:\/\/www.lesportif.info\/wp-content\/uploads\/2026\/03\/Axel-Nguema-Edou-01-1200x800.jpg",1200,800,true],"ultp_layout_landscape":["https:\/\/www.lesportif.info\/wp-content\/uploads\/2026\/03\/Axel-Nguema-Edou-01-870x570.jpg",870,570,true],"ultp_layout_portrait":["https:\/\/www.lesportif.info\/wp-content\/uploads\/2026\/03\/Axel-Nguema-Edou-01-600x900.jpg",600,900,true],"ultp_layout_square":["https:\/\/www.lesportif.info\/wp-content\/uploads\/2026\/03\/Axel-Nguema-Edou-01-600x600.jpg",600,600,true]},"author_info":{"display_name":"Claude Mbadinga MOMBO","author_link":"https:\/\/www.lesportif.info\/?author=12"},"category_info":"<a href=\"https:\/\/www.lesportif.info\/?cat=75\" rel=\"category\">A LA UNE<\/a> <a href=\"https:\/\/www.lesportif.info\/?cat=93\" rel=\"category\">FEGAFOOT<\/a> <a href=\"https:\/\/www.lesportif.info\/?cat=28\" rel=\"category\">FOOTBALL<\/a> <a href=\"https:\/\/www.lesportif.info\/?cat=4\" rel=\"category\">Gabon<\/a>","tag_info":"Gabon","comment_count":"0","rttpg_featured_image_url":{"full":["https:\/\/www.lesportif.info\/wp-content\/uploads\/2026\/03\/Axel-Nguema-Edou-01.jpg",2048,1365,false],"landscape":["https:\/\/www.lesportif.info\/wp-content\/uploads\/2026\/03\/Axel-Nguema-Edou-01.jpg",2048,1365,false],"portraits":["https:\/\/www.lesportif.info\/wp-content\/uploads\/2026\/03\/Axel-Nguema-Edou-01.jpg",2048,1365,false],"thumbnail":["https:\/\/www.lesportif.info\/wp-content\/uploads\/2026\/03\/Axel-Nguema-Edou-01-150x150.jpg",150,150,true],"medium":["https:\/\/www.lesportif.info\/wp-content\/uploads\/2026\/03\/Axel-Nguema-Edou-01-300x200.jpg",300,200,true],"large":["https:\/\/www.lesportif.info\/wp-content\/uploads\/2026\/03\/Axel-Nguema-Edou-01-1024x683.jpg",650,434,true],"1536x1536":["https:\/\/www.lesportif.info\/wp-content\/uploads\/2026\/03\/Axel-Nguema-Edou-01-1536x1024.jpg",1536,1024,true],"2048x2048":["https:\/\/www.lesportif.info\/wp-content\/uploads\/2026\/03\/Axel-Nguema-Edou-01.jpg",2048,1365,false],"sportspress-crop-medium":["https:\/\/www.lesportif.info\/wp-content\/uploads\/2026\/03\/Axel-Nguema-Edou-01-300x300.jpg",300,300,true],"sportspress-fit-medium":["https:\/\/www.lesportif.info\/wp-content\/uploads\/2026\/03\/Axel-Nguema-Edou-01-300x200.jpg",300,200,true],"sportspress-fit-icon":["https:\/\/www.lesportif.info\/wp-content\/uploads\/2026\/03\/Axel-Nguema-Edou-01-128x85.jpg",128,85,true],"sportspress-fit-mini":["https:\/\/www.lesportif.info\/wp-content\/uploads\/2026\/03\/Axel-Nguema-Edou-01-32x21.jpg",32,21,true],"ultp_layout_landscape_large":["https:\/\/www.lesportif.info\/wp-content\/uploads\/2026\/03\/Axel-Nguema-Edou-01-1200x800.jpg",1200,800,true],"ultp_layout_landscape":["https:\/\/www.lesportif.info\/wp-content\/uploads\/2026\/03\/Axel-Nguema-Edou-01-870x570.jpg",870,570,true],"ultp_layout_portrait":["https:\/\/www.lesportif.info\/wp-content\/uploads\/2026\/03\/Axel-Nguema-Edou-01-600x900.jpg",600,900,true],"ultp_layout_square":["https:\/\/www.lesportif.info\/wp-content\/uploads\/2026\/03\/Axel-Nguema-Edou-01-600x600.jpg",600,600,true]},"rttpg_author":{"display_name":"Claude Mbadinga MOMBO","author_link":"https:\/\/www.lesportif.info\/?author=12"},"rttpg_comment":0,"rttpg_category":"<a href=\"https:\/\/www.lesportif.info\/?cat=75\" rel=\"category\">A LA UNE<\/a> <a href=\"https:\/\/www.lesportif.info\/?cat=93\" rel=\"category\">FEGAFOOT<\/a> <a href=\"https:\/\/www.lesportif.info\/?cat=28\" rel=\"category\">FOOTBALL<\/a> <a href=\"https:\/\/www.lesportif.info\/?cat=4\" rel=\"category\">Gabon<\/a>","rttpg_excerpt":"\u00c0 peine le processus \u00e9lectoral lanc\u00e9 pour le renouvellement du comit\u00e9 ex\u00e9cutif de la F\u00e9d\u00e9ration Gabonaise de Football (FEGAFOOT), les premi\u00e8res contestations \u00e9mergent. En cause : le calendrier publi\u00e9 par la Commission \u00e9lectorale, jug\u00e9 trop court par certains acteurs du football gabonais.","_links":{"self":[{"href":"https:\/\/www.lesportif.info\/index.php?rest_route=\/wp\/v2\/posts\/104014","targetHints":{"allow":["GET"]}}],"collection":[{"href":"https:\/\/www.lesportif.info\/index.php?rest_route=\/wp\/v2\/posts"}],"about":[{"href":"https:\/\/www.lesportif.info\/index.php?rest_route=\/wp\/v2\/types\/post"}],"author":[{"embeddable":true,"href":"https:\/\/www.lesportif.info\/index.php?rest_route=\/wp\/v2\/users\/12"}],"replies":[{"embeddable":true,"href":"https:\/\/www.lesportif.info\/index.php?rest_route=%2Fwp%2Fv2%2Fcomments&post=104014"}],"version-history":[{"count":1,"href":"https:\/\/www.lesportif.info\/index.php?rest_route=\/wp\/v2\/posts\/104014\/revisions"}],"predecessor-version":[{"id":104021,"href":"https:\/\/www.lesportif.info\/index.php?rest_route=\/wp\/v2\/posts\/104014\/revisions\/104021"}],"wp:featuredmedia":[{"embeddable":true,"href":"https:\/\/www.lesportif.info\/index.php?rest_route=\/wp\/v2\/media\/104015"}],"wp:attachment":[{"href":"https:\/\/www.lesportif.info\/index.php?rest_route=%2Fwp%2Fv2%2Fmedia&parent=104014"}],"wp:term":[{"taxonomy":"category","embeddable":true,"href":"https:\/\/www.lesportif.info\/index.php?rest_route=%2Fwp%2Fv2%2Fcategories&post=104014"},{"taxonomy":"post_tag","embeddable":true,"href":"https:\/\/www.lesportif.info\/index.php?rest_route=%2Fwp%2Fv2%2Ftags&post=104014"}],"curies":[{"name":"wp","href":"https:\/\/api.w.org\/{rel}","templated":true}]}}