{"id":104006,"date":"2026-03-09T08:54:23","date_gmt":"2026-03-09T07:54:23","guid":{"rendered":"https:\/\/www.lesportif.info\/?p=104006"},"modified":"2026-03-09T08:54:24","modified_gmt":"2026-03-09T07:54:24","slug":"stade-migoveen-vs-mangasport-maice-nguele-homme-du-match","status":"publish","type":"post","link":"https:\/\/www.lesportif.info\/?p=104006","title":{"rendered":"Stade Migov\u00e9en vs Mangasport : Maice Ngu\u00e9l\u00e9 homme du match !"},"content":{"rendered":"\n<p><strong>Apr\u00e8s neuf mois d\u2019arr\u00eat, le National-Foot a officiellement repris ce week-end du c\u00f4t\u00e9 de Lambar\u00e9n\u00e9 \u00e0 l\u2019occasion de la premi\u00e8re journ\u00e9e du championnat national de premi\u00e8re division.<\/strong><\/p>\n\n\n\n<figure class=\"wp-block-image size-full is-resized\"><img fetchpriority=\"high\" decoding=\"async\" width=\"728\" height=\"90\" src=\"https:\/\/www.lesportif.info\/wp-content\/uploads\/2025\/11\/Votre-pub.png\" alt=\"\" class=\"wp-image-103507\" style=\"aspect-ratio:8.090119812467442;width:840px;height:auto\" srcset=\"https:\/\/www.lesportif.info\/wp-content\/uploads\/2025\/11\/Votre-pub.png 728w, https:\/\/www.lesportif.info\/wp-content\/uploads\/2025\/11\/Votre-pub-300x37.png 300w, https:\/\/www.lesportif.info\/wp-content\/uploads\/2025\/11\/Votre-pub-128x16.png 128w, https:\/\/www.lesportif.info\/wp-content\/uploads\/2025\/11\/Votre-pub-32x4.png 32w\" sizes=\"(max-width: 728px) 100vw, 728px\" \/><\/figure>\n\n\n\n<figure class=\"wp-block-image size-large\"><img decoding=\"async\" width=\"1024\" height=\"683\" src=\"https:\/\/www.lesportif.info\/wp-content\/uploads\/2026\/03\/MANGA-5-1024x683.jpg\" alt=\"\" class=\"wp-image-104008\" srcset=\"https:\/\/www.lesportif.info\/wp-content\/uploads\/2026\/03\/MANGA-5-1024x683.jpg 1024w, https:\/\/www.lesportif.info\/wp-content\/uploads\/2026\/03\/MANGA-5-300x200.jpg 300w, https:\/\/www.lesportif.info\/wp-content\/uploads\/2026\/03\/MANGA-5-768x512.jpg 768w, https:\/\/www.lesportif.info\/wp-content\/uploads\/2026\/03\/MANGA-5-128x85.jpg 128w, https:\/\/www.lesportif.info\/wp-content\/uploads\/2026\/03\/MANGA-5-32x21.jpg 32w, https:\/\/www.lesportif.info\/wp-content\/uploads\/2026\/03\/MANGA-5-1200x800.jpg 1200w, https:\/\/www.lesportif.info\/wp-content\/uploads\/2026\/03\/MANGA-5.jpg 1440w\" sizes=\"(max-width: 1024px) 100vw, 1024px\" \/><\/figure>\n\n\n\n<p>Le champion en titre, Mangasport de Moanda, ouvrait le bal ce samedi face \u00e0 la formation du Stade Migov\u00e9en. Au terme d\u2019une rencontre disput\u00e9e, le club de Moanda s\u2019est impos\u00e9 sur la plus petite des marges (1-0).<\/p>\n\n\n\n<p>L\u2019unique but de la rencontre a \u00e9t\u00e9 inscrit par l\u2019attaquant Maice Ngu\u00e9l\u00e9. <strong>rempla\u00e7ant<\/strong>  au coup d\u2019envoi, il s\u2019est illustr\u00e9 par son efficacit\u00e9 offensive et a logiquement \u00e9t\u00e9 d\u00e9sign\u00e9 <strong>homme du match<\/strong> par le comit\u00e9 charg\u00e9 de cette distinction \u00e0 l\u2019issue de la rencontre.<\/p>\n\n\n\n<figure class=\"wp-block-image size-full is-resized\"><img decoding=\"async\" width=\"728\" height=\"90\" src=\"https:\/\/www.lesportif.info\/wp-content\/uploads\/2025\/11\/167307_3550548934_bb7211d682c22735d0a2e8bcb4d26238.png\" alt=\"\" class=\"wp-image-103508\" style=\"aspect-ratio:8.090119812467442;width:840px;height:auto\" srcset=\"https:\/\/www.lesportif.info\/wp-content\/uploads\/2025\/11\/167307_3550548934_bb7211d682c22735d0a2e8bcb4d26238.png 728w, https:\/\/www.lesportif.info\/wp-content\/uploads\/2025\/11\/167307_3550548934_bb7211d682c22735d0a2e8bcb4d26238-300x37.png 300w, https:\/\/www.lesportif.info\/wp-content\/uploads\/2025\/11\/167307_3550548934_bb7211d682c22735d0a2e8bcb4d26238-128x16.png 128w, https:\/\/www.lesportif.info\/wp-content\/uploads\/2025\/11\/167307_3550548934_bb7211d682c22735d0a2e8bcb4d26238-32x4.png 32w\" sizes=\"(max-width: 728px) 100vw, 728px\" \/><\/figure>\n\n\n\n<figure class=\"wp-block-image size-large is-resized\"><img loading=\"lazy\" decoding=\"async\" width=\"683\" height=\"1024\" src=\"https:\/\/www.lesportif.info\/wp-content\/uploads\/2026\/03\/Nguele-683x1024.jpeg\" alt=\"\" class=\"wp-image-104009\" style=\"aspect-ratio:0.6669871061264973;width:840px;height:auto\" srcset=\"https:\/\/www.lesportif.info\/wp-content\/uploads\/2026\/03\/Nguele-683x1024.jpeg 683w, https:\/\/www.lesportif.info\/wp-content\/uploads\/2026\/03\/Nguele-200x300.jpeg 200w, https:\/\/www.lesportif.info\/wp-content\/uploads\/2026\/03\/Nguele-768x1152.jpeg 768w, https:\/\/www.lesportif.info\/wp-content\/uploads\/2026\/03\/Nguele-85x128.jpeg 85w, https:\/\/www.lesportif.info\/wp-content\/uploads\/2026\/03\/Nguele-21x32.jpeg 21w, https:\/\/www.lesportif.info\/wp-content\/uploads\/2026\/03\/Nguele-600x900.jpeg 600w, https:\/\/www.lesportif.info\/wp-content\/uploads\/2026\/03\/Nguele.jpeg 960w\" sizes=\"(max-width: 683px) 100vw, 683px\" \/><\/figure>\n\n\n\n<p>\u00c0 33 ans, Maice Ngu\u00e9l\u00e9 est reconnu comme un attaquant efficace du championnat gabonais. En 2022, alors qu\u2019il \u00e9voluait sous les couleurs de l\u2019Union Sportive de Bitam (US Bitam), il avait notamment inscrit le but de la victoire face \u00e0 l\u2019AS Dikaki (1-0) en championnat.<\/p>\n\n\n\n<figure class=\"wp-block-image size-full is-resized\"><img loading=\"lazy\" decoding=\"async\" width=\"728\" height=\"90\" src=\"https:\/\/www.lesportif.info\/wp-content\/uploads\/2025\/10\/WhatsApp-Image-2025-10-10-a-15.05.44_42d8126a.jpg\" alt=\"\" class=\"wp-image-103265\" style=\"aspect-ratio:8.090119812467442;width:840px;height:auto\" srcset=\"https:\/\/www.lesportif.info\/wp-content\/uploads\/2025\/10\/WhatsApp-Image-2025-10-10-a-15.05.44_42d8126a.jpg 728w, https:\/\/www.lesportif.info\/wp-content\/uploads\/2025\/10\/WhatsApp-Image-2025-10-10-a-15.05.44_42d8126a-300x37.jpg 300w, https:\/\/www.lesportif.info\/wp-content\/uploads\/2025\/10\/WhatsApp-Image-2025-10-10-a-15.05.44_42d8126a-128x16.jpg 128w, https:\/\/www.lesportif.info\/wp-content\/uploads\/2025\/10\/WhatsApp-Image-2025-10-10-a-15.05.44_42d8126a-32x4.jpg 32w\" sizes=\"(max-width: 728px) 100vw, 728px\" \/><\/figure>\n\n\n\n<p>En 2025, il rejoint l\u2019AS Mangasport apr\u00e8s une saison remarquable avec Lambar\u00e9n\u00e9 AC, o\u00f9 il avait inscrit 11 buts en 24 matchs en National-Foot 1.<\/p>\n\n\n\n<figure class=\"wp-block-image size-large\"><img loading=\"lazy\" decoding=\"async\" width=\"1024\" height=\"682\" src=\"https:\/\/www.lesportif.info\/wp-content\/uploads\/2026\/03\/Nguele-2-1024x682.jpeg\" alt=\"\" class=\"wp-image-104011\" srcset=\"https:\/\/www.lesportif.info\/wp-content\/uploads\/2026\/03\/Nguele-2-1024x682.jpeg 1024w, https:\/\/www.lesportif.info\/wp-content\/uploads\/2026\/03\/Nguele-2-300x200.jpeg 300w, https:\/\/www.lesportif.info\/wp-content\/uploads\/2026\/03\/Nguele-2-768x512.jpeg 768w, https:\/\/www.lesportif.info\/wp-content\/uploads\/2026\/03\/Nguele-2-128x85.jpeg 128w, https:\/\/www.lesportif.info\/wp-content\/uploads\/2026\/03\/Nguele-2-32x21.jpeg 32w, https:\/\/www.lesportif.info\/wp-content\/uploads\/2026\/03\/Nguele-2-1200x800.jpeg 1200w, https:\/\/www.lesportif.info\/wp-content\/uploads\/2026\/03\/Nguele-2.jpeg 1280w\" sizes=\"(max-width: 1024px) 100vw, 1024px\" \/><\/figure>\n\n\n\n<p>Au cours de sa carri\u00e8re, Maice Ngu\u00e9l\u00e9 a \u00e9volu\u00e9 dans plusieurs clubs du championnat gabonais, notamment Bouenguidi Sport, l\u2019Union Sportive de Bitam et aujourd\u2019hui l\u2019AS Mangasport, avec lequel il continue de se distinguer.<\/p>\n","protected":false},"excerpt":{"rendered":"<p>Apr\u00e8s neuf mois d\u2019arr\u00eat, le National-Foot a officiellement repris ce week-end du c\u00f4t\u00e9 de Lambar\u00e9n\u00e9 \u00e0 l\u2019occasion de la premi\u00e8re journ\u00e9e du championnat national de premi\u00e8re division.<\/p>\n","protected":false},"author":11,"featured_media":104010,"comment_status":"open","ping_status":"open","sticky":false,"template":"","format":"standard","meta":{"_uag_custom_page_level_css":"","footnotes":""},"categories":[75,93,28,4,95],"tags":[],"class_list":["post-104006","post","type-post","status-publish","format-standard","has-post-thumbnail","hentry","category-a-la-une","category-fegafoot","category-football","category-gabon","category-national-foot-1"],"yoast_head":"<!-- This site is optimized with the Yoast SEO plugin v26.6 - https:\/\/yoast.com\/wordpress\/plugins\/seo\/ -->\n<title>Stade Migov\u00e9en vs Mangasport : Maice Ngu\u00e9l\u00e9 homme du match ! - Lesportif<\/title>\n<meta name=\"description\" content=\"Apr\u00e8s neuf mois d\u2019arr\u00eat, le National-Foot a officiellement repris ce week-end du c\u00f4t\u00e9 de Lambar\u00e9n\u00e9 \u00e0 l\u2019occasion de la premi\u00e8re journ\u00e9e du championnat national de premi\u00e8re division.\" \/>\n<meta name=\"robots\" content=\"index, follow, max-snippet:-1, max-image-preview:large, max-video-preview:-1\" \/>\n<link rel=\"canonical\" href=\"https:\/\/www.lesportif.info\/?p=104006\" \/>\n<meta property=\"og:locale\" content=\"fr_FR\" \/>\n<meta property=\"og:type\" content=\"article\" \/>\n<meta property=\"og:title\" content=\"Stade Migov\u00e9en vs Mangasport : Maice Ngu\u00e9l\u00e9 homme du match ! - Lesportif\" \/>\n<meta property=\"og:description\" content=\"Apr\u00e8s neuf mois d\u2019arr\u00eat, le National-Foot a officiellement repris ce week-end du c\u00f4t\u00e9 de Lambar\u00e9n\u00e9 \u00e0 l\u2019occasion de la premi\u00e8re journ\u00e9e du championnat national de premi\u00e8re division.\" \/>\n<meta property=\"og:url\" content=\"https:\/\/www.lesportif.info\/?p=104006\" \/>\n<meta property=\"og:site_name\" content=\"Lesportif\" \/>\n<meta property=\"article:publisher\" content=\"https:\/\/www.facebook.com\/lesportif.site\/\" \/>\n<meta property=\"article:published_time\" content=\"2026-03-09T07:54:23+00:00\" \/>\n<meta property=\"article:modified_time\" content=\"2026-03-09T07:54:24+00:00\" \/>\n<meta property=\"og:image\" content=\"https:\/\/www.lesportif.info\/wp-content\/uploads\/2026\/03\/WhatsApp-Image-2026-03-08-at-21.31.47.jpeg\" \/>\n\t<meta property=\"og:image:width\" content=\"1280\" \/>\n\t<meta property=\"og:image:height\" content=\"853\" \/>\n\t<meta property=\"og:image:type\" content=\"image\/jpeg\" \/>\n<meta name=\"author\" content=\"Moutsinga Gabrielle Nathalie\" \/>\n<meta name=\"twitter:card\" content=\"summary_large_image\" \/>\n<meta name=\"twitter:label1\" content=\"\u00c9crit par\" \/>\n\t<meta name=\"twitter:data1\" content=\"Moutsinga Gabrielle Nathalie\" \/>\n\t<meta name=\"twitter:label2\" content=\"Dur\u00e9e de lecture estim\u00e9e\" \/>\n\t<meta name=\"twitter:data2\" content=\"3 minutes\" \/>\n<script type=\"application\/ld+json\" class=\"yoast-schema-graph\">{\"@context\":\"https:\/\/schema.org\",\"@graph\":[{\"@type\":\"Article\",\"@id\":\"https:\/\/www.lesportif.info\/?p=104006#article\",\"isPartOf\":{\"@id\":\"https:\/\/www.lesportif.info\/?p=104006\"},\"author\":{\"name\":\"Moutsinga Gabrielle Nathalie\",\"@id\":\"https:\/\/www.lesportif.info\/#\/schema\/person\/e7da024defe46a0372c31b61b8608bab\"},\"headline\":\"Stade Migov\u00e9en vs Mangasport : Maice Ngu\u00e9l\u00e9 homme du match !\",\"datePublished\":\"2026-03-09T07:54:23+00:00\",\"dateModified\":\"2026-03-09T07:54:24+00:00\",\"mainEntityOfPage\":{\"@id\":\"https:\/\/www.lesportif.info\/?p=104006\"},\"wordCount\":243,\"commentCount\":0,\"publisher\":{\"@id\":\"https:\/\/www.lesportif.info\/#organization\"},\"image\":{\"@id\":\"https:\/\/www.lesportif.info\/?p=104006#primaryimage\"},\"thumbnailUrl\":\"https:\/\/www.lesportif.info\/wp-content\/uploads\/2026\/03\/WhatsApp-Image-2026-03-08-at-21.31.47.jpeg\",\"articleSection\":[\"A LA UNE\",\"FEGAFOOT\",\"FOOTBALL\",\"Gabon\",\"NATIONAL FOOT 1\"],\"inLanguage\":\"fr-FR\",\"potentialAction\":[{\"@type\":\"CommentAction\",\"name\":\"Comment\",\"target\":[\"https:\/\/www.lesportif.info\/?p=104006#respond\"]}]},{\"@type\":\"WebPage\",\"@id\":\"https:\/\/www.lesportif.info\/?p=104006\",\"url\":\"https:\/\/www.lesportif.info\/?p=104006\",\"name\":\"Stade Migov\u00e9en vs Mangasport : Maice Ngu\u00e9l\u00e9 homme du match ! - Lesportif\",\"isPartOf\":{\"@id\":\"https:\/\/www.lesportif.info\/#website\"},\"primaryImageOfPage\":{\"@id\":\"https:\/\/www.lesportif.info\/?p=104006#primaryimage\"},\"image\":{\"@id\":\"https:\/\/www.lesportif.info\/?p=104006#primaryimage\"},\"thumbnailUrl\":\"https:\/\/www.lesportif.info\/wp-content\/uploads\/2026\/03\/WhatsApp-Image-2026-03-08-at-21.31.47.jpeg\",\"datePublished\":\"2026-03-09T07:54:23+00:00\",\"dateModified\":\"2026-03-09T07:54:24+00:00\",\"description\":\"Apr\u00e8s neuf mois d\u2019arr\u00eat, le National-Foot a officiellement repris ce week-end du c\u00f4t\u00e9 de Lambar\u00e9n\u00e9 \u00e0 l\u2019occasion de la premi\u00e8re journ\u00e9e du championnat national de premi\u00e8re division.\",\"breadcrumb\":{\"@id\":\"https:\/\/www.lesportif.info\/?p=104006#breadcrumb\"},\"inLanguage\":\"fr-FR\",\"potentialAction\":[{\"@type\":\"ReadAction\",\"target\":[\"https:\/\/www.lesportif.info\/?p=104006\"]}]},{\"@type\":\"ImageObject\",\"inLanguage\":\"fr-FR\",\"@id\":\"https:\/\/www.lesportif.info\/?p=104006#primaryimage\",\"url\":\"https:\/\/www.lesportif.info\/wp-content\/uploads\/2026\/03\/WhatsApp-Image-2026-03-08-at-21.31.47.jpeg\",\"contentUrl\":\"https:\/\/www.lesportif.info\/wp-content\/uploads\/2026\/03\/WhatsApp-Image-2026-03-08-at-21.31.47.jpeg\",\"width\":1280,\"height\":853},{\"@type\":\"BreadcrumbList\",\"@id\":\"https:\/\/www.lesportif.info\/?p=104006#breadcrumb\",\"itemListElement\":[{\"@type\":\"ListItem\",\"position\":1,\"name\":\"Accueil\",\"item\":\"https:\/\/www.lesportif.info\/\"},{\"@type\":\"ListItem\",\"position\":2,\"name\":\"Stade Migov\u00e9en vs Mangasport : Maice Ngu\u00e9l\u00e9 homme du match !\"}]},{\"@type\":\"WebSite\",\"@id\":\"https:\/\/www.lesportif.info\/#website\",\"url\":\"https:\/\/www.lesportif.info\/\",\"name\":\"www.lesportif:info\",\"description\":\"L&#039;information juste et v\u00e9rifi\u00e9e\",\"publisher\":{\"@id\":\"https:\/\/www.lesportif.info\/#organization\"},\"alternateName\":\"Lesportif\",\"potentialAction\":[{\"@type\":\"SearchAction\",\"target\":{\"@type\":\"EntryPoint\",\"urlTemplate\":\"https:\/\/www.lesportif.info\/?s={search_term_string}\"},\"query-input\":{\"@type\":\"PropertyValueSpecification\",\"valueRequired\":true,\"valueName\":\"search_term_string\"}}],\"inLanguage\":\"fr-FR\"},{\"@type\":\"Organization\",\"@id\":\"https:\/\/www.lesportif.info\/#organization\",\"name\":\"Lesportif\",\"alternateName\":\"Lesportif\",\"url\":\"https:\/\/www.lesportif.info\/\",\"logo\":{\"@type\":\"ImageObject\",\"inLanguage\":\"fr-FR\",\"@id\":\"https:\/\/www.lesportif.info\/#\/schema\/logo\/image\/\",\"url\":\"https:\/\/www.lesportif.info\/wp-content\/uploads\/2023\/12\/cropped-logo-noel-removebg-preview.png\",\"contentUrl\":\"https:\/\/www.lesportif.info\/wp-content\/uploads\/2023\/12\/cropped-logo-noel-removebg-preview.png\",\"width\":482,\"height\":482,\"caption\":\"Lesportif\"},\"image\":{\"@id\":\"https:\/\/www.lesportif.info\/#\/schema\/logo\/image\/\"},\"sameAs\":[\"https:\/\/www.facebook.com\/lesportif.site\/\"]},{\"@type\":\"Person\",\"@id\":\"https:\/\/www.lesportif.info\/#\/schema\/person\/e7da024defe46a0372c31b61b8608bab\",\"name\":\"Moutsinga Gabrielle Nathalie\",\"image\":{\"@type\":\"ImageObject\",\"inLanguage\":\"fr-FR\",\"@id\":\"https:\/\/www.lesportif.info\/#\/schema\/person\/image\/\",\"url\":\"https:\/\/secure.gravatar.com\/avatar\/1e02fe86c61f30824d3e0fe2aea0ad97405a3b5c8a92e1d21335b8d1393c9ac7?s=96&d=mm&r=g\",\"contentUrl\":\"https:\/\/secure.gravatar.com\/avatar\/1e02fe86c61f30824d3e0fe2aea0ad97405a3b5c8a92e1d21335b8d1393c9ac7?s=96&d=mm&r=g\",\"caption\":\"Moutsinga Gabrielle Nathalie\"},\"url\":\"https:\/\/www.lesportif.info\/?author=11\"}]}<\/script>\n<!-- \/ Yoast SEO plugin. -->","yoast_head_json":{"title":"Stade Migov\u00e9en vs Mangasport : Maice Ngu\u00e9l\u00e9 homme du match ! - Lesportif","description":"Apr\u00e8s neuf mois d\u2019arr\u00eat, le National-Foot a officiellement repris ce week-end du c\u00f4t\u00e9 de Lambar\u00e9n\u00e9 \u00e0 l\u2019occasion de la premi\u00e8re journ\u00e9e du championnat national de premi\u00e8re division.","robots":{"index":"index","follow":"follow","max-snippet":"max-snippet:-1","max-image-preview":"max-image-preview:large","max-video-preview":"max-video-preview:-1"},"canonical":"https:\/\/www.lesportif.info\/?p=104006","og_locale":"fr_FR","og_type":"article","og_title":"Stade Migov\u00e9en vs Mangasport : Maice Ngu\u00e9l\u00e9 homme du match ! - Lesportif","og_description":"Apr\u00e8s neuf mois d\u2019arr\u00eat, le National-Foot a officiellement repris ce week-end du c\u00f4t\u00e9 de Lambar\u00e9n\u00e9 \u00e0 l\u2019occasion de la premi\u00e8re journ\u00e9e du championnat national de premi\u00e8re division.","og_url":"https:\/\/www.lesportif.info\/?p=104006","og_site_name":"Lesportif","article_publisher":"https:\/\/www.facebook.com\/lesportif.site\/","article_published_time":"2026-03-09T07:54:23+00:00","article_modified_time":"2026-03-09T07:54:24+00:00","og_image":[{"width":1280,"height":853,"url":"https:\/\/www.lesportif.info\/wp-content\/uploads\/2026\/03\/WhatsApp-Image-2026-03-08-at-21.31.47.jpeg","type":"image\/jpeg"}],"author":"Moutsinga Gabrielle Nathalie","twitter_card":"summary_large_image","twitter_misc":{"\u00c9crit par":"Moutsinga Gabrielle Nathalie","Dur\u00e9e de lecture estim\u00e9e":"3 minutes"},"schema":{"@context":"https:\/\/schema.org","@graph":[{"@type":"Article","@id":"https:\/\/www.lesportif.info\/?p=104006#article","isPartOf":{"@id":"https:\/\/www.lesportif.info\/?p=104006"},"author":{"name":"Moutsinga Gabrielle Nathalie","@id":"https:\/\/www.lesportif.info\/#\/schema\/person\/e7da024defe46a0372c31b61b8608bab"},"headline":"Stade Migov\u00e9en vs Mangasport : Maice Ngu\u00e9l\u00e9 homme du match !","datePublished":"2026-03-09T07:54:23+00:00","dateModified":"2026-03-09T07:54:24+00:00","mainEntityOfPage":{"@id":"https:\/\/www.lesportif.info\/?p=104006"},"wordCount":243,"commentCount":0,"publisher":{"@id":"https:\/\/www.lesportif.info\/#organization"},"image":{"@id":"https:\/\/www.lesportif.info\/?p=104006#primaryimage"},"thumbnailUrl":"https:\/\/www.lesportif.info\/wp-content\/uploads\/2026\/03\/WhatsApp-Image-2026-03-08-at-21.31.47.jpeg","articleSection":["A LA UNE","FEGAFOOT","FOOTBALL","Gabon","NATIONAL FOOT 1"],"inLanguage":"fr-FR","potentialAction":[{"@type":"CommentAction","name":"Comment","target":["https:\/\/www.lesportif.info\/?p=104006#respond"]}]},{"@type":"WebPage","@id":"https:\/\/www.lesportif.info\/?p=104006","url":"https:\/\/www.lesportif.info\/?p=104006","name":"Stade Migov\u00e9en vs Mangasport : Maice Ngu\u00e9l\u00e9 homme du match ! - Lesportif","isPartOf":{"@id":"https:\/\/www.lesportif.info\/#website"},"primaryImageOfPage":{"@id":"https:\/\/www.lesportif.info\/?p=104006#primaryimage"},"image":{"@id":"https:\/\/www.lesportif.info\/?p=104006#primaryimage"},"thumbnailUrl":"https:\/\/www.lesportif.info\/wp-content\/uploads\/2026\/03\/WhatsApp-Image-2026-03-08-at-21.31.47.jpeg","datePublished":"2026-03-09T07:54:23+00:00","dateModified":"2026-03-09T07:54:24+00:00","description":"Apr\u00e8s neuf mois d\u2019arr\u00eat, le National-Foot a officiellement repris ce week-end du c\u00f4t\u00e9 de Lambar\u00e9n\u00e9 \u00e0 l\u2019occasion de la premi\u00e8re journ\u00e9e du championnat national de premi\u00e8re division.","breadcrumb":{"@id":"https:\/\/www.lesportif.info\/?p=104006#breadcrumb"},"inLanguage":"fr-FR","potentialAction":[{"@type":"ReadAction","target":["https:\/\/www.lesportif.info\/?p=104006"]}]},{"@type":"ImageObject","inLanguage":"fr-FR","@id":"https:\/\/www.lesportif.info\/?p=104006#primaryimage","url":"https:\/\/www.lesportif.info\/wp-content\/uploads\/2026\/03\/WhatsApp-Image-2026-03-08-at-21.31.47.jpeg","contentUrl":"https:\/\/www.lesportif.info\/wp-content\/uploads\/2026\/03\/WhatsApp-Image-2026-03-08-at-21.31.47.jpeg","width":1280,"height":853},{"@type":"BreadcrumbList","@id":"https:\/\/www.lesportif.info\/?p=104006#breadcrumb","itemListElement":[{"@type":"ListItem","position":1,"name":"Accueil","item":"https:\/\/www.lesportif.info\/"},{"@type":"ListItem","position":2,"name":"Stade Migov\u00e9en vs Mangasport : Maice Ngu\u00e9l\u00e9 homme du match !"}]},{"@type":"WebSite","@id":"https:\/\/www.lesportif.info\/#website","url":"https:\/\/www.lesportif.info\/","name":"www.lesportif:info","description":"L&#039;information juste et v\u00e9rifi\u00e9e","publisher":{"@id":"https:\/\/www.lesportif.info\/#organization"},"alternateName":"Lesportif","potentialAction":[{"@type":"SearchAction","target":{"@type":"EntryPoint","urlTemplate":"https:\/\/www.lesportif.info\/?s={search_term_string}"},"query-input":{"@type":"PropertyValueSpecification","valueRequired":true,"valueName":"search_term_string"}}],"inLanguage":"fr-FR"},{"@type":"Organization","@id":"https:\/\/www.lesportif.info\/#organization","name":"Lesportif","alternateName":"Lesportif","url":"https:\/\/www.lesportif.info\/","logo":{"@type":"ImageObject","inLanguage":"fr-FR","@id":"https:\/\/www.lesportif.info\/#\/schema\/logo\/image\/","url":"https:\/\/www.lesportif.info\/wp-content\/uploads\/2023\/12\/cropped-logo-noel-removebg-preview.png","contentUrl":"https:\/\/www.lesportif.info\/wp-content\/uploads\/2023\/12\/cropped-logo-noel-removebg-preview.png","width":482,"height":482,"caption":"Lesportif"},"image":{"@id":"https:\/\/www.lesportif.info\/#\/schema\/logo\/image\/"},"sameAs":["https:\/\/www.facebook.com\/lesportif.site\/"]},{"@type":"Person","@id":"https:\/\/www.lesportif.info\/#\/schema\/person\/e7da024defe46a0372c31b61b8608bab","name":"Moutsinga Gabrielle Nathalie","image":{"@type":"ImageObject","inLanguage":"fr-FR","@id":"https:\/\/www.lesportif.info\/#\/schema\/person\/image\/","url":"https:\/\/secure.gravatar.com\/avatar\/1e02fe86c61f30824d3e0fe2aea0ad97405a3b5c8a92e1d21335b8d1393c9ac7?s=96&d=mm&r=g","contentUrl":"https:\/\/secure.gravatar.com\/avatar\/1e02fe86c61f30824d3e0fe2aea0ad97405a3b5c8a92e1d21335b8d1393c9ac7?s=96&d=mm&r=g","caption":"Moutsinga Gabrielle Nathalie"},"url":"https:\/\/www.lesportif.info\/?author=11"}]}},"uagb_featured_image_src":{"full":["https:\/\/www.lesportif.info\/wp-content\/uploads\/2026\/03\/WhatsApp-Image-2026-03-08-at-21.31.47.jpeg",1280,853,false],"thumbnail":["https:\/\/www.lesportif.info\/wp-content\/uploads\/2026\/03\/WhatsApp-Image-2026-03-08-at-21.31.47-150x150.jpeg",150,150,true],"medium":["https:\/\/www.lesportif.info\/wp-content\/uploads\/2026\/03\/WhatsApp-Image-2026-03-08-at-21.31.47-300x200.jpeg",300,200,true],"medium_large":["https:\/\/www.lesportif.info\/wp-content\/uploads\/2026\/03\/WhatsApp-Image-2026-03-08-at-21.31.47-768x512.jpeg",650,433,true],"large":["https:\/\/www.lesportif.info\/wp-content\/uploads\/2026\/03\/WhatsApp-Image-2026-03-08-at-21.31.47-1024x682.jpeg",650,433,true],"1536x1536":["https:\/\/www.lesportif.info\/wp-content\/uploads\/2026\/03\/WhatsApp-Image-2026-03-08-at-21.31.47.jpeg",1280,853,false],"2048x2048":["https:\/\/www.lesportif.info\/wp-content\/uploads\/2026\/03\/WhatsApp-Image-2026-03-08-at-21.31.47.jpeg",1280,853,false],"sportspress-crop-medium":["https:\/\/www.lesportif.info\/wp-content\/uploads\/2026\/03\/WhatsApp-Image-2026-03-08-at-21.31.47-300x300.jpeg",300,300,true],"sportspress-fit-medium":["https:\/\/www.lesportif.info\/wp-content\/uploads\/2026\/03\/WhatsApp-Image-2026-03-08-at-21.31.47-300x200.jpeg",300,200,true],"sportspress-fit-icon":["https:\/\/www.lesportif.info\/wp-content\/uploads\/2026\/03\/WhatsApp-Image-2026-03-08-at-21.31.47-128x85.jpeg",128,85,true],"sportspress-fit-mini":["https:\/\/www.lesportif.info\/wp-content\/uploads\/2026\/03\/WhatsApp-Image-2026-03-08-at-21.31.47-32x21.jpeg",32,21,true],"ultp_layout_landscape_large":["https:\/\/www.lesportif.info\/wp-content\/uploads\/2026\/03\/WhatsApp-Image-2026-03-08-at-21.31.47-1200x800.jpeg",1200,800,true],"ultp_layout_landscape":["https:\/\/www.lesportif.info\/wp-content\/uploads\/2026\/03\/WhatsApp-Image-2026-03-08-at-21.31.47-870x570.jpeg",870,570,true],"ultp_layout_portrait":["https:\/\/www.lesportif.info\/wp-content\/uploads\/2026\/03\/WhatsApp-Image-2026-03-08-at-21.31.47-600x853.jpeg",600,853,true],"ultp_layout_square":["https:\/\/www.lesportif.info\/wp-content\/uploads\/2026\/03\/WhatsApp-Image-2026-03-08-at-21.31.47-600x600.jpeg",600,600,true]},"uagb_author_info":{"display_name":"Moutsinga Gabrielle Nathalie","author_link":"https:\/\/www.lesportif.info\/?author=11"},"uagb_comment_info":0,"uagb_excerpt":"Apr\u00e8s neuf mois d\u2019arr\u00eat, le National-Foot a officiellement repris ce week-end du c\u00f4t\u00e9 de Lambar\u00e9n\u00e9 \u00e0 l\u2019occasion de la premi\u00e8re journ\u00e9e du championnat national de premi\u00e8re division.","featured_image_urls":{"full":["https:\/\/www.lesportif.info\/wp-content\/uploads\/2026\/03\/WhatsApp-Image-2026-03-08-at-21.31.47.jpeg",1280,853,false],"thumbnail":["https:\/\/www.lesportif.info\/wp-content\/uploads\/2026\/03\/WhatsApp-Image-2026-03-08-at-21.31.47-150x150.jpeg",150,150,true],"medium":["https:\/\/www.lesportif.info\/wp-content\/uploads\/2026\/03\/WhatsApp-Image-2026-03-08-at-21.31.47-300x200.jpeg",300,200,true],"medium_large":["https:\/\/www.lesportif.info\/wp-content\/uploads\/2026\/03\/WhatsApp-Image-2026-03-08-at-21.31.47-768x512.jpeg",650,433,true],"large":["https:\/\/www.lesportif.info\/wp-content\/uploads\/2026\/03\/WhatsApp-Image-2026-03-08-at-21.31.47-1024x682.jpeg",650,433,true],"1536x1536":["https:\/\/www.lesportif.info\/wp-content\/uploads\/2026\/03\/WhatsApp-Image-2026-03-08-at-21.31.47.jpeg",1280,853,false],"2048x2048":["https:\/\/www.lesportif.info\/wp-content\/uploads\/2026\/03\/WhatsApp-Image-2026-03-08-at-21.31.47.jpeg",1280,853,false],"sportspress-crop-medium":["https:\/\/www.lesportif.info\/wp-content\/uploads\/2026\/03\/WhatsApp-Image-2026-03-08-at-21.31.47-300x300.jpeg",300,300,true],"sportspress-fit-medium":["https:\/\/www.lesportif.info\/wp-content\/uploads\/2026\/03\/WhatsApp-Image-2026-03-08-at-21.31.47-300x200.jpeg",300,200,true],"sportspress-fit-icon":["https:\/\/www.lesportif.info\/wp-content\/uploads\/2026\/03\/WhatsApp-Image-2026-03-08-at-21.31.47-128x85.jpeg",128,85,true],"sportspress-fit-mini":["https:\/\/www.lesportif.info\/wp-content\/uploads\/2026\/03\/WhatsApp-Image-2026-03-08-at-21.31.47-32x21.jpeg",32,21,true],"ultp_layout_landscape_large":["https:\/\/www.lesportif.info\/wp-content\/uploads\/2026\/03\/WhatsApp-Image-2026-03-08-at-21.31.47-1200x800.jpeg",1200,800,true],"ultp_layout_landscape":["https:\/\/www.lesportif.info\/wp-content\/uploads\/2026\/03\/WhatsApp-Image-2026-03-08-at-21.31.47-870x570.jpeg",870,570,true],"ultp_layout_portrait":["https:\/\/www.lesportif.info\/wp-content\/uploads\/2026\/03\/WhatsApp-Image-2026-03-08-at-21.31.47-600x853.jpeg",600,853,true],"ultp_layout_square":["https:\/\/www.lesportif.info\/wp-content\/uploads\/2026\/03\/WhatsApp-Image-2026-03-08-at-21.31.47-600x600.jpeg",600,600,true]},"author_info":{"display_name":"Moutsinga Gabrielle Nathalie","author_link":"https:\/\/www.lesportif.info\/?author=11"},"category_info":"<a href=\"https:\/\/www.lesportif.info\/?cat=75\" rel=\"category\">A LA UNE<\/a> <a href=\"https:\/\/www.lesportif.info\/?cat=93\" rel=\"category\">FEGAFOOT<\/a> <a href=\"https:\/\/www.lesportif.info\/?cat=28\" rel=\"category\">FOOTBALL<\/a> <a href=\"https:\/\/www.lesportif.info\/?cat=4\" rel=\"category\">Gabon<\/a> <a href=\"https:\/\/www.lesportif.info\/?cat=95\" rel=\"category\">NATIONAL FOOT 1<\/a>","tag_info":"NATIONAL FOOT 1","comment_count":"0","rttpg_featured_image_url":{"full":["https:\/\/www.lesportif.info\/wp-content\/uploads\/2026\/03\/WhatsApp-Image-2026-03-08-at-21.31.47.jpeg",1280,853,false],"landscape":["https:\/\/www.lesportif.info\/wp-content\/uploads\/2026\/03\/WhatsApp-Image-2026-03-08-at-21.31.47.jpeg",1280,853,false],"portraits":["https:\/\/www.lesportif.info\/wp-content\/uploads\/2026\/03\/WhatsApp-Image-2026-03-08-at-21.31.47.jpeg",1280,853,false],"thumbnail":["https:\/\/www.lesportif.info\/wp-content\/uploads\/2026\/03\/WhatsApp-Image-2026-03-08-at-21.31.47-150x150.jpeg",150,150,true],"medium":["https:\/\/www.lesportif.info\/wp-content\/uploads\/2026\/03\/WhatsApp-Image-2026-03-08-at-21.31.47-300x200.jpeg",300,200,true],"large":["https:\/\/www.lesportif.info\/wp-content\/uploads\/2026\/03\/WhatsApp-Image-2026-03-08-at-21.31.47-1024x682.jpeg",650,433,true],"1536x1536":["https:\/\/www.lesportif.info\/wp-content\/uploads\/2026\/03\/WhatsApp-Image-2026-03-08-at-21.31.47.jpeg",1280,853,false],"2048x2048":["https:\/\/www.lesportif.info\/wp-content\/uploads\/2026\/03\/WhatsApp-Image-2026-03-08-at-21.31.47.jpeg",1280,853,false],"sportspress-crop-medium":["https:\/\/www.lesportif.info\/wp-content\/uploads\/2026\/03\/WhatsApp-Image-2026-03-08-at-21.31.47-300x300.jpeg",300,300,true],"sportspress-fit-medium":["https:\/\/www.lesportif.info\/wp-content\/uploads\/2026\/03\/WhatsApp-Image-2026-03-08-at-21.31.47-300x200.jpeg",300,200,true],"sportspress-fit-icon":["https:\/\/www.lesportif.info\/wp-content\/uploads\/2026\/03\/WhatsApp-Image-2026-03-08-at-21.31.47-128x85.jpeg",128,85,true],"sportspress-fit-mini":["https:\/\/www.lesportif.info\/wp-content\/uploads\/2026\/03\/WhatsApp-Image-2026-03-08-at-21.31.47-32x21.jpeg",32,21,true],"ultp_layout_landscape_large":["https:\/\/www.lesportif.info\/wp-content\/uploads\/2026\/03\/WhatsApp-Image-2026-03-08-at-21.31.47-1200x800.jpeg",1200,800,true],"ultp_layout_landscape":["https:\/\/www.lesportif.info\/wp-content\/uploads\/2026\/03\/WhatsApp-Image-2026-03-08-at-21.31.47-870x570.jpeg",870,570,true],"ultp_layout_portrait":["https:\/\/www.lesportif.info\/wp-content\/uploads\/2026\/03\/WhatsApp-Image-2026-03-08-at-21.31.47-600x853.jpeg",600,853,true],"ultp_layout_square":["https:\/\/www.lesportif.info\/wp-content\/uploads\/2026\/03\/WhatsApp-Image-2026-03-08-at-21.31.47-600x600.jpeg",600,600,true]},"rttpg_author":{"display_name":"Moutsinga Gabrielle Nathalie","author_link":"https:\/\/www.lesportif.info\/?author=11"},"rttpg_comment":0,"rttpg_category":"<a href=\"https:\/\/www.lesportif.info\/?cat=75\" rel=\"category\">A LA UNE<\/a> <a href=\"https:\/\/www.lesportif.info\/?cat=93\" rel=\"category\">FEGAFOOT<\/a> <a href=\"https:\/\/www.lesportif.info\/?cat=28\" rel=\"category\">FOOTBALL<\/a> <a href=\"https:\/\/www.lesportif.info\/?cat=4\" rel=\"category\">Gabon<\/a> <a href=\"https:\/\/www.lesportif.info\/?cat=95\" rel=\"category\">NATIONAL FOOT 1<\/a>","rttpg_excerpt":"Apr\u00e8s neuf mois d\u2019arr\u00eat, le National-Foot a officiellement repris ce week-end du c\u00f4t\u00e9 de Lambar\u00e9n\u00e9 \u00e0 l\u2019occasion de la premi\u00e8re journ\u00e9e du championnat national de premi\u00e8re division.","_links":{"self":[{"href":"https:\/\/www.lesportif.info\/index.php?rest_route=\/wp\/v2\/posts\/104006","targetHints":{"allow":["GET"]}}],"collection":[{"href":"https:\/\/www.lesportif.info\/index.php?rest_route=\/wp\/v2\/posts"}],"about":[{"href":"https:\/\/www.lesportif.info\/index.php?rest_route=\/wp\/v2\/types\/post"}],"author":[{"embeddable":true,"href":"https:\/\/www.lesportif.info\/index.php?rest_route=\/wp\/v2\/users\/11"}],"replies":[{"embeddable":true,"href":"https:\/\/www.lesportif.info\/index.php?rest_route=%2Fwp%2Fv2%2Fcomments&post=104006"}],"version-history":[{"count":1,"href":"https:\/\/www.lesportif.info\/index.php?rest_route=\/wp\/v2\/posts\/104006\/revisions"}],"predecessor-version":[{"id":104012,"href":"https:\/\/www.lesportif.info\/index.php?rest_route=\/wp\/v2\/posts\/104006\/revisions\/104012"}],"wp:featuredmedia":[{"embeddable":true,"href":"https:\/\/www.lesportif.info\/index.php?rest_route=\/wp\/v2\/media\/104010"}],"wp:attachment":[{"href":"https:\/\/www.lesportif.info\/index.php?rest_route=%2Fwp%2Fv2%2Fmedia&parent=104006"}],"wp:term":[{"taxonomy":"category","embeddable":true,"href":"https:\/\/www.lesportif.info\/index.php?rest_route=%2Fwp%2Fv2%2Fcategories&post=104006"},{"taxonomy":"post_tag","embeddable":true,"href":"https:\/\/www.lesportif.info\/index.php?rest_route=%2Fwp%2Fv2%2Ftags&post=104006"}],"curies":[{"name":"wp","href":"https:\/\/api.w.org\/{rel}","templated":true}]}}