{"id":104000,"date":"2026-03-08T18:57:50","date_gmt":"2026-03-08T17:57:50","guid":{"rendered":"https:\/\/www.lesportif.info\/?p=104000"},"modified":"2026-03-08T18:57:51","modified_gmt":"2026-03-08T17:57:51","slug":"ouverture-du-national-foot-guy-nzeng-honore-a-lambarene","status":"publish","type":"post","link":"https:\/\/www.lesportif.info\/?p=104000","title":{"rendered":"Ouverture du National Foot : Guy Nzeng honor\u00e9 \u00e0 Lambar\u00e9n\u00e9 !"},"content":{"rendered":"\n<p><strong>Le championnat national de football de premi\u00e8re division a \u00e9t\u00e9 officiellement lanc\u00e9 \u00e0 Lambar\u00e9n\u00e9 lors de sa premi\u00e8re journ\u00e9e. <\/strong><\/p>\n\n\n\n<figure class=\"wp-block-image size-full is-resized\"><img fetchpriority=\"high\" decoding=\"async\" width=\"728\" height=\"90\" src=\"https:\/\/www.lesportif.info\/wp-content\/uploads\/2025\/11\/Votre-pub.png\" alt=\"\" class=\"wp-image-103507\" style=\"aspect-ratio:8.090119812467442;width:839px;height:auto\" srcset=\"https:\/\/www.lesportif.info\/wp-content\/uploads\/2025\/11\/Votre-pub.png 728w, https:\/\/www.lesportif.info\/wp-content\/uploads\/2025\/11\/Votre-pub-300x37.png 300w, https:\/\/www.lesportif.info\/wp-content\/uploads\/2025\/11\/Votre-pub-128x16.png 128w, https:\/\/www.lesportif.info\/wp-content\/uploads\/2025\/11\/Votre-pub-32x4.png 32w\" sizes=\"(max-width: 728px) 100vw, 728px\" \/><\/figure>\n\n\n\n<p><strong>\u00c0 cette occasion, l\u2019ancien international gabonais Guy-Roger Nzeng, fils de la ville, a \u00e9t\u00e9 honor\u00e9 en donnant le coup d\u2019envoi symbolique de la rencontre inaugurale.<\/strong><\/p>\n\n\n\n<figure class=\"wp-block-image size-large\"><img decoding=\"async\" width=\"1024\" height=\"675\" src=\"https:\/\/www.lesportif.info\/wp-content\/uploads\/2026\/03\/Guy-Nzeng-2-1024x675.jpeg\" alt=\"\" class=\"wp-image-104003\" srcset=\"https:\/\/www.lesportif.info\/wp-content\/uploads\/2026\/03\/Guy-Nzeng-2-1024x675.jpeg 1024w, https:\/\/www.lesportif.info\/wp-content\/uploads\/2026\/03\/Guy-Nzeng-2-300x198.jpeg 300w, https:\/\/www.lesportif.info\/wp-content\/uploads\/2026\/03\/Guy-Nzeng-2-768x506.jpeg 768w, https:\/\/www.lesportif.info\/wp-content\/uploads\/2026\/03\/Guy-Nzeng-2-128x84.jpeg 128w, https:\/\/www.lesportif.info\/wp-content\/uploads\/2026\/03\/Guy-Nzeng-2-32x21.jpeg 32w, https:\/\/www.lesportif.info\/wp-content\/uploads\/2026\/03\/Guy-Nzeng-2.jpeg 1080w\" sizes=\"(max-width: 1024px) 100vw, 1024px\" \/><\/figure>\n\n\n\n<p>C\u2019est donc l\u2019ancien d\u00e9fenseur du National Azingo, Guy-Roger Nzeng, qui a \u00e9t\u00e9 choisi pour lancer officiellement cette nouvelle saison du championnat. Le match d\u2019ouverture a oppos\u00e9 le Stade Migov\u00e9en, champion de deuxi\u00e8me division, \u00e0 la formation de Mangasport, championne en titre de premi\u00e8re division.<\/p>\n\n\n\n<p>Au terme d\u2019une rencontre disput\u00e9e, Mangasport s\u2019est impos\u00e9 difficilement sur le score de 1 but \u00e0 0.<\/p>\n\n\n\n<figure class=\"wp-block-image size-full is-resized\"><img decoding=\"async\" width=\"728\" height=\"90\" src=\"https:\/\/www.lesportif.info\/wp-content\/uploads\/2025\/11\/167307_3550548934_bb7211d682c22735d0a2e8bcb4d26238.png\" alt=\"\" class=\"wp-image-103508\" style=\"aspect-ratio:8.090119812467442;width:839px;height:auto\" srcset=\"https:\/\/www.lesportif.info\/wp-content\/uploads\/2025\/11\/167307_3550548934_bb7211d682c22735d0a2e8bcb4d26238.png 728w, https:\/\/www.lesportif.info\/wp-content\/uploads\/2025\/11\/167307_3550548934_bb7211d682c22735d0a2e8bcb4d26238-300x37.png 300w, https:\/\/www.lesportif.info\/wp-content\/uploads\/2025\/11\/167307_3550548934_bb7211d682c22735d0a2e8bcb4d26238-128x16.png 128w, https:\/\/www.lesportif.info\/wp-content\/uploads\/2025\/11\/167307_3550548934_bb7211d682c22735d0a2e8bcb4d26238-32x4.png 32w\" sizes=\"(max-width: 728px) 100vw, 728px\" \/><\/figure>\n\n\n\n<figure class=\"wp-block-image size-full\"><img loading=\"lazy\" decoding=\"async\" width=\"1024\" height=\"706\" src=\"https:\/\/www.lesportif.info\/wp-content\/uploads\/2026\/03\/Guy-Nzeng-4.jpeg\" alt=\"\" class=\"wp-image-104004\" srcset=\"https:\/\/www.lesportif.info\/wp-content\/uploads\/2026\/03\/Guy-Nzeng-4.jpeg 1024w, https:\/\/www.lesportif.info\/wp-content\/uploads\/2026\/03\/Guy-Nzeng-4-300x207.jpeg 300w, https:\/\/www.lesportif.info\/wp-content\/uploads\/2026\/03\/Guy-Nzeng-4-768x530.jpeg 768w, https:\/\/www.lesportif.info\/wp-content\/uploads\/2026\/03\/Guy-Nzeng-4-128x88.jpeg 128w, https:\/\/www.lesportif.info\/wp-content\/uploads\/2026\/03\/Guy-Nzeng-4-32x22.jpeg 32w\" sizes=\"(max-width: 1024px) 100vw, 1024px\" \/><\/figure>\n\n\n\n<p>Au-del\u00e0 du r\u00e9sultat, les amoureux du football gabonais ont surtout manifest\u00e9 leur joie de revoir Guy-Roger Nzeng, un joueur qui a marqu\u00e9 l\u2019histoire de la s\u00e9lection nationale pendant plus d\u2019une d\u00e9cennie. Ancien d\u00e9fenseur international, il a contribu\u00e9 \u00e0 faire rayonner le football gabonais dans les ann\u00e9es 1990 et 2000 avec le National Azingo.<\/p>\n\n\n\n<figure class=\"wp-block-image size-full is-resized\"><img loading=\"lazy\" decoding=\"async\" width=\"728\" height=\"90\" src=\"https:\/\/www.lesportif.info\/wp-content\/uploads\/2025\/10\/WhatsApp-Image-2025-10-10-a-15.05.44_42d8126a.jpg\" alt=\"\" class=\"wp-image-103265\" style=\"aspect-ratio:8.090119812467442;width:840px;height:auto\" srcset=\"https:\/\/www.lesportif.info\/wp-content\/uploads\/2025\/10\/WhatsApp-Image-2025-10-10-a-15.05.44_42d8126a.jpg 728w, https:\/\/www.lesportif.info\/wp-content\/uploads\/2025\/10\/WhatsApp-Image-2025-10-10-a-15.05.44_42d8126a-300x37.jpg 300w, https:\/\/www.lesportif.info\/wp-content\/uploads\/2025\/10\/WhatsApp-Image-2025-10-10-a-15.05.44_42d8126a-128x16.jpg 128w, https:\/\/www.lesportif.info\/wp-content\/uploads\/2025\/10\/WhatsApp-Image-2025-10-10-a-15.05.44_42d8126a-32x4.jpg 32w\" sizes=\"(max-width: 728px) 100vw, 728px\" \/><\/figure>\n\n\n\n<p>Cet honneur constitue \u00e9galement un hommage \u00e0 un joueur qui a repr\u00e9sent\u00e9 le Gabon lors de grandes comp\u00e9titions africaines, notamment les Coupes d\u2019Afrique des Nations 1996 et 2000. Il faisait partie de cette g\u00e9n\u00e9ration qui a contribu\u00e9 \u00e0 donner davantage de visibilit\u00e9 au football gabonais sur le continent.<\/p>\n\n\n\n<figure class=\"wp-block-image size-large\"><img loading=\"lazy\" decoding=\"async\" width=\"1024\" height=\"683\" src=\"https:\/\/www.lesportif.info\/wp-content\/uploads\/2026\/03\/Guy-Nzeng-3-1024x683.jpeg\" alt=\"\" class=\"wp-image-104002\" srcset=\"https:\/\/www.lesportif.info\/wp-content\/uploads\/2026\/03\/Guy-Nzeng-3-1024x683.jpeg 1024w, https:\/\/www.lesportif.info\/wp-content\/uploads\/2026\/03\/Guy-Nzeng-3-300x200.jpeg 300w, https:\/\/www.lesportif.info\/wp-content\/uploads\/2026\/03\/Guy-Nzeng-3-768x512.jpeg 768w, https:\/\/www.lesportif.info\/wp-content\/uploads\/2026\/03\/Guy-Nzeng-3-128x85.jpeg 128w, https:\/\/www.lesportif.info\/wp-content\/uploads\/2026\/03\/Guy-Nzeng-3-32x21.jpeg 32w, https:\/\/www.lesportif.info\/wp-content\/uploads\/2026\/03\/Guy-Nzeng-3.jpeg 1080w\" sizes=\"(max-width: 1024px) 100vw, 1024px\" \/><\/figure>\n\n\n\n<p>N\u00e9 le 30 mai 1970 \u00e0 Libreville, Guy-Roger Nzeng a \u00e9volu\u00e9 au poste de d\u00e9fenseur et a jou\u00e9 dans plusieurs clubs en Afrique et en Europe. Au cours de sa carri\u00e8re, il a notamment port\u00e9 les couleurs de Shellsport de Port-Gentil (Gabon), Orlando Pirates (Afrique du Sud), Paniliakos FC (Gr\u00e8ce), AmaZulu FC (Afrique du Sud), TP Akwembe (Gabon), FC 105 Libreville, US Oyem et le CF Mounana.<\/p>\n\n\n\n<p>Avec Orlando Pirates, il remporte plusieurs troph\u00e9es nationaux sud-africains et participe \u00e0 la reconnaissance du football gabonais \u00e0 l\u2019\u00e9tranger.<\/p>\n\n\n\n<figure class=\"wp-block-image size-large\"><img loading=\"lazy\" decoding=\"async\" width=\"1024\" height=\"796\" src=\"https:\/\/www.lesportif.info\/wp-content\/uploads\/2025\/10\/WhatsApp-Image-2025-10-11-a-12.12.10_8f62f793-1024x796.jpg\" alt=\"\" class=\"wp-image-103289\" srcset=\"https:\/\/www.lesportif.info\/wp-content\/uploads\/2025\/10\/WhatsApp-Image-2025-10-11-a-12.12.10_8f62f793-1024x796.jpg 1024w, https:\/\/www.lesportif.info\/wp-content\/uploads\/2025\/10\/WhatsApp-Image-2025-10-11-a-12.12.10_8f62f793-300x233.jpg 300w, https:\/\/www.lesportif.info\/wp-content\/uploads\/2025\/10\/WhatsApp-Image-2025-10-11-a-12.12.10_8f62f793-768x597.jpg 768w, https:\/\/www.lesportif.info\/wp-content\/uploads\/2025\/10\/WhatsApp-Image-2025-10-11-a-12.12.10_8f62f793-128x100.jpg 128w, https:\/\/www.lesportif.info\/wp-content\/uploads\/2025\/10\/WhatsApp-Image-2025-10-11-a-12.12.10_8f62f793-32x25.jpg 32w, https:\/\/www.lesportif.info\/wp-content\/uploads\/2025\/10\/WhatsApp-Image-2025-10-11-a-12.12.10_8f62f793.jpg 1280w\" sizes=\"(max-width: 1024px) 100vw, 1024px\" \/><\/figure>\n\n\n\n<p>Depuis la fin de sa carri\u00e8re professionnelle, Guy-Roger Nzeng reste actif dans le milieu sportif au Gabon. Il participe r\u00e9guli\u00e8rement \u00e0 des matchs de gala r\u00e9unissant les anciennes gloires du football gabonais et s\u2019implique dans des activit\u00e9s visant \u00e0 promouvoir le football et encourager la jeunesse.<\/p>\n\n\n\n<p>Pour cette c\u00e9r\u00e9monie d\u2019ouverture \u00e0 Lambar\u00e9n\u00e9, l\u2019ancien international \u00e9tait l\u2019invit\u00e9 du minist\u00e8re des Sports.<\/p>\n\n\n\n<p><\/p>\n","protected":false},"excerpt":{"rendered":"<p>Le championnat national de football de premi\u00e8re division a \u00e9t\u00e9 officiellement lanc\u00e9 \u00e0 Lambar\u00e9n\u00e9 lors de sa premi\u00e8re journ\u00e9e. <\/p>\n","protected":false},"author":11,"featured_media":104001,"comment_status":"open","ping_status":"open","sticky":false,"template":"","format":"standard","meta":{"_uag_custom_page_level_css":"","footnotes":""},"categories":[75,28,4,95],"tags":[],"class_list":["post-104000","post","type-post","status-publish","format-standard","has-post-thumbnail","hentry","category-a-la-une","category-football","category-gabon","category-national-foot-1"],"yoast_head":"<!-- This site is optimized with the Yoast SEO plugin v26.6 - https:\/\/yoast.com\/wordpress\/plugins\/seo\/ -->\n<title>Ouverture du National Foot : Guy Nzeng honor\u00e9 \u00e0 Lambar\u00e9n\u00e9 ! - Lesportif<\/title>\n<meta name=\"description\" content=\"Le championnat national de football de premi\u00e8re division a \u00e9t\u00e9 officiellement lanc\u00e9 \u00e0 Lambar\u00e9n\u00e9 lors de sa premi\u00e8re journ\u00e9e.\" \/>\n<meta name=\"robots\" content=\"index, follow, max-snippet:-1, max-image-preview:large, max-video-preview:-1\" \/>\n<link rel=\"canonical\" href=\"https:\/\/www.lesportif.info\/?p=104000\" \/>\n<meta property=\"og:locale\" content=\"fr_FR\" \/>\n<meta property=\"og:type\" content=\"article\" \/>\n<meta property=\"og:title\" content=\"Ouverture du National Foot : Guy Nzeng honor\u00e9 \u00e0 Lambar\u00e9n\u00e9 ! - Lesportif\" \/>\n<meta property=\"og:description\" content=\"Le championnat national de football de premi\u00e8re division a \u00e9t\u00e9 officiellement lanc\u00e9 \u00e0 Lambar\u00e9n\u00e9 lors de sa premi\u00e8re journ\u00e9e.\" \/>\n<meta property=\"og:url\" content=\"https:\/\/www.lesportif.info\/?p=104000\" \/>\n<meta property=\"og:site_name\" content=\"Lesportif\" \/>\n<meta property=\"article:publisher\" content=\"https:\/\/www.facebook.com\/lesportif.site\/\" \/>\n<meta property=\"article:published_time\" content=\"2026-03-08T17:57:50+00:00\" \/>\n<meta property=\"article:modified_time\" content=\"2026-03-08T17:57:51+00:00\" \/>\n<meta property=\"og:image\" content=\"https:\/\/www.lesportif.info\/wp-content\/uploads\/2026\/03\/Guy-Nzeng-1.jpeg\" \/>\n\t<meta property=\"og:image:width\" content=\"1080\" \/>\n\t<meta property=\"og:image:height\" content=\"710\" \/>\n\t<meta property=\"og:image:type\" content=\"image\/jpeg\" \/>\n<meta name=\"author\" content=\"Moutsinga Gabrielle Nathalie\" \/>\n<meta name=\"twitter:card\" content=\"summary_large_image\" \/>\n<meta name=\"twitter:label1\" content=\"\u00c9crit par\" \/>\n\t<meta name=\"twitter:data1\" content=\"Moutsinga Gabrielle Nathalie\" \/>\n\t<meta name=\"twitter:label2\" content=\"Dur\u00e9e de lecture estim\u00e9e\" \/>\n\t<meta name=\"twitter:data2\" content=\"4 minutes\" \/>\n<script type=\"application\/ld+json\" class=\"yoast-schema-graph\">{\"@context\":\"https:\/\/schema.org\",\"@graph\":[{\"@type\":\"Article\",\"@id\":\"https:\/\/www.lesportif.info\/?p=104000#article\",\"isPartOf\":{\"@id\":\"https:\/\/www.lesportif.info\/?p=104000\"},\"author\":{\"name\":\"Moutsinga Gabrielle Nathalie\",\"@id\":\"https:\/\/www.lesportif.info\/#\/schema\/person\/e7da024defe46a0372c31b61b8608bab\"},\"headline\":\"Ouverture du National Foot : Guy Nzeng honor\u00e9 \u00e0 Lambar\u00e9n\u00e9 !\",\"datePublished\":\"2026-03-08T17:57:50+00:00\",\"dateModified\":\"2026-03-08T17:57:51+00:00\",\"mainEntityOfPage\":{\"@id\":\"https:\/\/www.lesportif.info\/?p=104000\"},\"wordCount\":385,\"commentCount\":0,\"publisher\":{\"@id\":\"https:\/\/www.lesportif.info\/#organization\"},\"image\":{\"@id\":\"https:\/\/www.lesportif.info\/?p=104000#primaryimage\"},\"thumbnailUrl\":\"https:\/\/www.lesportif.info\/wp-content\/uploads\/2026\/03\/Guy-Nzeng-1.jpeg\",\"articleSection\":[\"A LA UNE\",\"FOOTBALL\",\"Gabon\",\"NATIONAL FOOT 1\"],\"inLanguage\":\"fr-FR\",\"potentialAction\":[{\"@type\":\"CommentAction\",\"name\":\"Comment\",\"target\":[\"https:\/\/www.lesportif.info\/?p=104000#respond\"]}]},{\"@type\":\"WebPage\",\"@id\":\"https:\/\/www.lesportif.info\/?p=104000\",\"url\":\"https:\/\/www.lesportif.info\/?p=104000\",\"name\":\"Ouverture du National Foot : Guy Nzeng honor\u00e9 \u00e0 Lambar\u00e9n\u00e9 ! - Lesportif\",\"isPartOf\":{\"@id\":\"https:\/\/www.lesportif.info\/#website\"},\"primaryImageOfPage\":{\"@id\":\"https:\/\/www.lesportif.info\/?p=104000#primaryimage\"},\"image\":{\"@id\":\"https:\/\/www.lesportif.info\/?p=104000#primaryimage\"},\"thumbnailUrl\":\"https:\/\/www.lesportif.info\/wp-content\/uploads\/2026\/03\/Guy-Nzeng-1.jpeg\",\"datePublished\":\"2026-03-08T17:57:50+00:00\",\"dateModified\":\"2026-03-08T17:57:51+00:00\",\"description\":\"Le championnat national de football de premi\u00e8re division a \u00e9t\u00e9 officiellement lanc\u00e9 \u00e0 Lambar\u00e9n\u00e9 lors de sa premi\u00e8re journ\u00e9e.\",\"breadcrumb\":{\"@id\":\"https:\/\/www.lesportif.info\/?p=104000#breadcrumb\"},\"inLanguage\":\"fr-FR\",\"potentialAction\":[{\"@type\":\"ReadAction\",\"target\":[\"https:\/\/www.lesportif.info\/?p=104000\"]}]},{\"@type\":\"ImageObject\",\"inLanguage\":\"fr-FR\",\"@id\":\"https:\/\/www.lesportif.info\/?p=104000#primaryimage\",\"url\":\"https:\/\/www.lesportif.info\/wp-content\/uploads\/2026\/03\/Guy-Nzeng-1.jpeg\",\"contentUrl\":\"https:\/\/www.lesportif.info\/wp-content\/uploads\/2026\/03\/Guy-Nzeng-1.jpeg\",\"width\":1080,\"height\":710},{\"@type\":\"BreadcrumbList\",\"@id\":\"https:\/\/www.lesportif.info\/?p=104000#breadcrumb\",\"itemListElement\":[{\"@type\":\"ListItem\",\"position\":1,\"name\":\"Accueil\",\"item\":\"https:\/\/www.lesportif.info\/\"},{\"@type\":\"ListItem\",\"position\":2,\"name\":\"Ouverture du National Foot : Guy Nzeng honor\u00e9 \u00e0 Lambar\u00e9n\u00e9 !\"}]},{\"@type\":\"WebSite\",\"@id\":\"https:\/\/www.lesportif.info\/#website\",\"url\":\"https:\/\/www.lesportif.info\/\",\"name\":\"www.lesportif:info\",\"description\":\"L&#039;information juste et v\u00e9rifi\u00e9e\",\"publisher\":{\"@id\":\"https:\/\/www.lesportif.info\/#organization\"},\"alternateName\":\"Lesportif\",\"potentialAction\":[{\"@type\":\"SearchAction\",\"target\":{\"@type\":\"EntryPoint\",\"urlTemplate\":\"https:\/\/www.lesportif.info\/?s={search_term_string}\"},\"query-input\":{\"@type\":\"PropertyValueSpecification\",\"valueRequired\":true,\"valueName\":\"search_term_string\"}}],\"inLanguage\":\"fr-FR\"},{\"@type\":\"Organization\",\"@id\":\"https:\/\/www.lesportif.info\/#organization\",\"name\":\"Lesportif\",\"alternateName\":\"Lesportif\",\"url\":\"https:\/\/www.lesportif.info\/\",\"logo\":{\"@type\":\"ImageObject\",\"inLanguage\":\"fr-FR\",\"@id\":\"https:\/\/www.lesportif.info\/#\/schema\/logo\/image\/\",\"url\":\"https:\/\/www.lesportif.info\/wp-content\/uploads\/2023\/12\/cropped-logo-noel-removebg-preview.png\",\"contentUrl\":\"https:\/\/www.lesportif.info\/wp-content\/uploads\/2023\/12\/cropped-logo-noel-removebg-preview.png\",\"width\":482,\"height\":482,\"caption\":\"Lesportif\"},\"image\":{\"@id\":\"https:\/\/www.lesportif.info\/#\/schema\/logo\/image\/\"},\"sameAs\":[\"https:\/\/www.facebook.com\/lesportif.site\/\"]},{\"@type\":\"Person\",\"@id\":\"https:\/\/www.lesportif.info\/#\/schema\/person\/e7da024defe46a0372c31b61b8608bab\",\"name\":\"Moutsinga Gabrielle Nathalie\",\"image\":{\"@type\":\"ImageObject\",\"inLanguage\":\"fr-FR\",\"@id\":\"https:\/\/www.lesportif.info\/#\/schema\/person\/image\/\",\"url\":\"https:\/\/secure.gravatar.com\/avatar\/1e02fe86c61f30824d3e0fe2aea0ad97405a3b5c8a92e1d21335b8d1393c9ac7?s=96&d=mm&r=g\",\"contentUrl\":\"https:\/\/secure.gravatar.com\/avatar\/1e02fe86c61f30824d3e0fe2aea0ad97405a3b5c8a92e1d21335b8d1393c9ac7?s=96&d=mm&r=g\",\"caption\":\"Moutsinga Gabrielle Nathalie\"},\"url\":\"https:\/\/www.lesportif.info\/?author=11\"}]}<\/script>\n<!-- \/ Yoast SEO plugin. -->","yoast_head_json":{"title":"Ouverture du National Foot : Guy Nzeng honor\u00e9 \u00e0 Lambar\u00e9n\u00e9 ! - Lesportif","description":"Le championnat national de football de premi\u00e8re division a \u00e9t\u00e9 officiellement lanc\u00e9 \u00e0 Lambar\u00e9n\u00e9 lors de sa premi\u00e8re journ\u00e9e.","robots":{"index":"index","follow":"follow","max-snippet":"max-snippet:-1","max-image-preview":"max-image-preview:large","max-video-preview":"max-video-preview:-1"},"canonical":"https:\/\/www.lesportif.info\/?p=104000","og_locale":"fr_FR","og_type":"article","og_title":"Ouverture du National Foot : Guy Nzeng honor\u00e9 \u00e0 Lambar\u00e9n\u00e9 ! - Lesportif","og_description":"Le championnat national de football de premi\u00e8re division a \u00e9t\u00e9 officiellement lanc\u00e9 \u00e0 Lambar\u00e9n\u00e9 lors de sa premi\u00e8re journ\u00e9e.","og_url":"https:\/\/www.lesportif.info\/?p=104000","og_site_name":"Lesportif","article_publisher":"https:\/\/www.facebook.com\/lesportif.site\/","article_published_time":"2026-03-08T17:57:50+00:00","article_modified_time":"2026-03-08T17:57:51+00:00","og_image":[{"width":1080,"height":710,"url":"https:\/\/www.lesportif.info\/wp-content\/uploads\/2026\/03\/Guy-Nzeng-1.jpeg","type":"image\/jpeg"}],"author":"Moutsinga Gabrielle Nathalie","twitter_card":"summary_large_image","twitter_misc":{"\u00c9crit par":"Moutsinga Gabrielle Nathalie","Dur\u00e9e de lecture estim\u00e9e":"4 minutes"},"schema":{"@context":"https:\/\/schema.org","@graph":[{"@type":"Article","@id":"https:\/\/www.lesportif.info\/?p=104000#article","isPartOf":{"@id":"https:\/\/www.lesportif.info\/?p=104000"},"author":{"name":"Moutsinga Gabrielle Nathalie","@id":"https:\/\/www.lesportif.info\/#\/schema\/person\/e7da024defe46a0372c31b61b8608bab"},"headline":"Ouverture du National Foot : Guy Nzeng honor\u00e9 \u00e0 Lambar\u00e9n\u00e9 !","datePublished":"2026-03-08T17:57:50+00:00","dateModified":"2026-03-08T17:57:51+00:00","mainEntityOfPage":{"@id":"https:\/\/www.lesportif.info\/?p=104000"},"wordCount":385,"commentCount":0,"publisher":{"@id":"https:\/\/www.lesportif.info\/#organization"},"image":{"@id":"https:\/\/www.lesportif.info\/?p=104000#primaryimage"},"thumbnailUrl":"https:\/\/www.lesportif.info\/wp-content\/uploads\/2026\/03\/Guy-Nzeng-1.jpeg","articleSection":["A LA UNE","FOOTBALL","Gabon","NATIONAL FOOT 1"],"inLanguage":"fr-FR","potentialAction":[{"@type":"CommentAction","name":"Comment","target":["https:\/\/www.lesportif.info\/?p=104000#respond"]}]},{"@type":"WebPage","@id":"https:\/\/www.lesportif.info\/?p=104000","url":"https:\/\/www.lesportif.info\/?p=104000","name":"Ouverture du National Foot : Guy Nzeng honor\u00e9 \u00e0 Lambar\u00e9n\u00e9 ! - Lesportif","isPartOf":{"@id":"https:\/\/www.lesportif.info\/#website"},"primaryImageOfPage":{"@id":"https:\/\/www.lesportif.info\/?p=104000#primaryimage"},"image":{"@id":"https:\/\/www.lesportif.info\/?p=104000#primaryimage"},"thumbnailUrl":"https:\/\/www.lesportif.info\/wp-content\/uploads\/2026\/03\/Guy-Nzeng-1.jpeg","datePublished":"2026-03-08T17:57:50+00:00","dateModified":"2026-03-08T17:57:51+00:00","description":"Le championnat national de football de premi\u00e8re division a \u00e9t\u00e9 officiellement lanc\u00e9 \u00e0 Lambar\u00e9n\u00e9 lors de sa premi\u00e8re journ\u00e9e.","breadcrumb":{"@id":"https:\/\/www.lesportif.info\/?p=104000#breadcrumb"},"inLanguage":"fr-FR","potentialAction":[{"@type":"ReadAction","target":["https:\/\/www.lesportif.info\/?p=104000"]}]},{"@type":"ImageObject","inLanguage":"fr-FR","@id":"https:\/\/www.lesportif.info\/?p=104000#primaryimage","url":"https:\/\/www.lesportif.info\/wp-content\/uploads\/2026\/03\/Guy-Nzeng-1.jpeg","contentUrl":"https:\/\/www.lesportif.info\/wp-content\/uploads\/2026\/03\/Guy-Nzeng-1.jpeg","width":1080,"height":710},{"@type":"BreadcrumbList","@id":"https:\/\/www.lesportif.info\/?p=104000#breadcrumb","itemListElement":[{"@type":"ListItem","position":1,"name":"Accueil","item":"https:\/\/www.lesportif.info\/"},{"@type":"ListItem","position":2,"name":"Ouverture du National Foot : Guy Nzeng honor\u00e9 \u00e0 Lambar\u00e9n\u00e9 !"}]},{"@type":"WebSite","@id":"https:\/\/www.lesportif.info\/#website","url":"https:\/\/www.lesportif.info\/","name":"www.lesportif:info","description":"L&#039;information juste et v\u00e9rifi\u00e9e","publisher":{"@id":"https:\/\/www.lesportif.info\/#organization"},"alternateName":"Lesportif","potentialAction":[{"@type":"SearchAction","target":{"@type":"EntryPoint","urlTemplate":"https:\/\/www.lesportif.info\/?s={search_term_string}"},"query-input":{"@type":"PropertyValueSpecification","valueRequired":true,"valueName":"search_term_string"}}],"inLanguage":"fr-FR"},{"@type":"Organization","@id":"https:\/\/www.lesportif.info\/#organization","name":"Lesportif","alternateName":"Lesportif","url":"https:\/\/www.lesportif.info\/","logo":{"@type":"ImageObject","inLanguage":"fr-FR","@id":"https:\/\/www.lesportif.info\/#\/schema\/logo\/image\/","url":"https:\/\/www.lesportif.info\/wp-content\/uploads\/2023\/12\/cropped-logo-noel-removebg-preview.png","contentUrl":"https:\/\/www.lesportif.info\/wp-content\/uploads\/2023\/12\/cropped-logo-noel-removebg-preview.png","width":482,"height":482,"caption":"Lesportif"},"image":{"@id":"https:\/\/www.lesportif.info\/#\/schema\/logo\/image\/"},"sameAs":["https:\/\/www.facebook.com\/lesportif.site\/"]},{"@type":"Person","@id":"https:\/\/www.lesportif.info\/#\/schema\/person\/e7da024defe46a0372c31b61b8608bab","name":"Moutsinga Gabrielle Nathalie","image":{"@type":"ImageObject","inLanguage":"fr-FR","@id":"https:\/\/www.lesportif.info\/#\/schema\/person\/image\/","url":"https:\/\/secure.gravatar.com\/avatar\/1e02fe86c61f30824d3e0fe2aea0ad97405a3b5c8a92e1d21335b8d1393c9ac7?s=96&d=mm&r=g","contentUrl":"https:\/\/secure.gravatar.com\/avatar\/1e02fe86c61f30824d3e0fe2aea0ad97405a3b5c8a92e1d21335b8d1393c9ac7?s=96&d=mm&r=g","caption":"Moutsinga Gabrielle Nathalie"},"url":"https:\/\/www.lesportif.info\/?author=11"}]}},"uagb_featured_image_src":{"full":["https:\/\/www.lesportif.info\/wp-content\/uploads\/2026\/03\/Guy-Nzeng-1.jpeg",1080,710,false],"thumbnail":["https:\/\/www.lesportif.info\/wp-content\/uploads\/2026\/03\/Guy-Nzeng-1-150x150.jpeg",150,150,true],"medium":["https:\/\/www.lesportif.info\/wp-content\/uploads\/2026\/03\/Guy-Nzeng-1-300x197.jpeg",300,197,true],"medium_large":["https:\/\/www.lesportif.info\/wp-content\/uploads\/2026\/03\/Guy-Nzeng-1-768x505.jpeg",650,427,true],"large":["https:\/\/www.lesportif.info\/wp-content\/uploads\/2026\/03\/Guy-Nzeng-1-1024x673.jpeg",650,427,true],"1536x1536":["https:\/\/www.lesportif.info\/wp-content\/uploads\/2026\/03\/Guy-Nzeng-1.jpeg",1080,710,false],"2048x2048":["https:\/\/www.lesportif.info\/wp-content\/uploads\/2026\/03\/Guy-Nzeng-1.jpeg",1080,710,false],"sportspress-crop-medium":["https:\/\/www.lesportif.info\/wp-content\/uploads\/2026\/03\/Guy-Nzeng-1-300x300.jpeg",300,300,true],"sportspress-fit-medium":["https:\/\/www.lesportif.info\/wp-content\/uploads\/2026\/03\/Guy-Nzeng-1-300x197.jpeg",300,197,true],"sportspress-fit-icon":["https:\/\/www.lesportif.info\/wp-content\/uploads\/2026\/03\/Guy-Nzeng-1-128x84.jpeg",128,84,true],"sportspress-fit-mini":["https:\/\/www.lesportif.info\/wp-content\/uploads\/2026\/03\/Guy-Nzeng-1-32x21.jpeg",32,21,true],"ultp_layout_landscape_large":["https:\/\/www.lesportif.info\/wp-content\/uploads\/2026\/03\/Guy-Nzeng-1.jpeg",1080,710,false],"ultp_layout_landscape":["https:\/\/www.lesportif.info\/wp-content\/uploads\/2026\/03\/Guy-Nzeng-1-870x570.jpeg",870,570,true],"ultp_layout_portrait":["https:\/\/www.lesportif.info\/wp-content\/uploads\/2026\/03\/Guy-Nzeng-1-600x710.jpeg",600,710,true],"ultp_layout_square":["https:\/\/www.lesportif.info\/wp-content\/uploads\/2026\/03\/Guy-Nzeng-1-600x600.jpeg",600,600,true]},"uagb_author_info":{"display_name":"Moutsinga Gabrielle Nathalie","author_link":"https:\/\/www.lesportif.info\/?author=11"},"uagb_comment_info":0,"uagb_excerpt":"Le championnat national de football de premi\u00e8re division a \u00e9t\u00e9 officiellement lanc\u00e9 \u00e0 Lambar\u00e9n\u00e9 lors de sa premi\u00e8re journ\u00e9e.","featured_image_urls":{"full":["https:\/\/www.lesportif.info\/wp-content\/uploads\/2026\/03\/Guy-Nzeng-1.jpeg",1080,710,false],"thumbnail":["https:\/\/www.lesportif.info\/wp-content\/uploads\/2026\/03\/Guy-Nzeng-1-150x150.jpeg",150,150,true],"medium":["https:\/\/www.lesportif.info\/wp-content\/uploads\/2026\/03\/Guy-Nzeng-1-300x197.jpeg",300,197,true],"medium_large":["https:\/\/www.lesportif.info\/wp-content\/uploads\/2026\/03\/Guy-Nzeng-1-768x505.jpeg",650,427,true],"large":["https:\/\/www.lesportif.info\/wp-content\/uploads\/2026\/03\/Guy-Nzeng-1-1024x673.jpeg",650,427,true],"1536x1536":["https:\/\/www.lesportif.info\/wp-content\/uploads\/2026\/03\/Guy-Nzeng-1.jpeg",1080,710,false],"2048x2048":["https:\/\/www.lesportif.info\/wp-content\/uploads\/2026\/03\/Guy-Nzeng-1.jpeg",1080,710,false],"sportspress-crop-medium":["https:\/\/www.lesportif.info\/wp-content\/uploads\/2026\/03\/Guy-Nzeng-1-300x300.jpeg",300,300,true],"sportspress-fit-medium":["https:\/\/www.lesportif.info\/wp-content\/uploads\/2026\/03\/Guy-Nzeng-1-300x197.jpeg",300,197,true],"sportspress-fit-icon":["https:\/\/www.lesportif.info\/wp-content\/uploads\/2026\/03\/Guy-Nzeng-1-128x84.jpeg",128,84,true],"sportspress-fit-mini":["https:\/\/www.lesportif.info\/wp-content\/uploads\/2026\/03\/Guy-Nzeng-1-32x21.jpeg",32,21,true],"ultp_layout_landscape_large":["https:\/\/www.lesportif.info\/wp-content\/uploads\/2026\/03\/Guy-Nzeng-1.jpeg",1080,710,false],"ultp_layout_landscape":["https:\/\/www.lesportif.info\/wp-content\/uploads\/2026\/03\/Guy-Nzeng-1-870x570.jpeg",870,570,true],"ultp_layout_portrait":["https:\/\/www.lesportif.info\/wp-content\/uploads\/2026\/03\/Guy-Nzeng-1-600x710.jpeg",600,710,true],"ultp_layout_square":["https:\/\/www.lesportif.info\/wp-content\/uploads\/2026\/03\/Guy-Nzeng-1-600x600.jpeg",600,600,true]},"author_info":{"display_name":"Moutsinga Gabrielle Nathalie","author_link":"https:\/\/www.lesportif.info\/?author=11"},"category_info":"<a href=\"https:\/\/www.lesportif.info\/?cat=75\" rel=\"category\">A LA UNE<\/a> <a href=\"https:\/\/www.lesportif.info\/?cat=28\" rel=\"category\">FOOTBALL<\/a> <a href=\"https:\/\/www.lesportif.info\/?cat=4\" rel=\"category\">Gabon<\/a> <a href=\"https:\/\/www.lesportif.info\/?cat=95\" rel=\"category\">NATIONAL FOOT 1<\/a>","tag_info":"NATIONAL FOOT 1","comment_count":"0","rttpg_featured_image_url":{"full":["https:\/\/www.lesportif.info\/wp-content\/uploads\/2026\/03\/Guy-Nzeng-1.jpeg",1080,710,false],"landscape":["https:\/\/www.lesportif.info\/wp-content\/uploads\/2026\/03\/Guy-Nzeng-1.jpeg",1080,710,false],"portraits":["https:\/\/www.lesportif.info\/wp-content\/uploads\/2026\/03\/Guy-Nzeng-1.jpeg",1080,710,false],"thumbnail":["https:\/\/www.lesportif.info\/wp-content\/uploads\/2026\/03\/Guy-Nzeng-1-150x150.jpeg",150,150,true],"medium":["https:\/\/www.lesportif.info\/wp-content\/uploads\/2026\/03\/Guy-Nzeng-1-300x197.jpeg",300,197,true],"large":["https:\/\/www.lesportif.info\/wp-content\/uploads\/2026\/03\/Guy-Nzeng-1-1024x673.jpeg",650,427,true],"1536x1536":["https:\/\/www.lesportif.info\/wp-content\/uploads\/2026\/03\/Guy-Nzeng-1.jpeg",1080,710,false],"2048x2048":["https:\/\/www.lesportif.info\/wp-content\/uploads\/2026\/03\/Guy-Nzeng-1.jpeg",1080,710,false],"sportspress-crop-medium":["https:\/\/www.lesportif.info\/wp-content\/uploads\/2026\/03\/Guy-Nzeng-1-300x300.jpeg",300,300,true],"sportspress-fit-medium":["https:\/\/www.lesportif.info\/wp-content\/uploads\/2026\/03\/Guy-Nzeng-1-300x197.jpeg",300,197,true],"sportspress-fit-icon":["https:\/\/www.lesportif.info\/wp-content\/uploads\/2026\/03\/Guy-Nzeng-1-128x84.jpeg",128,84,true],"sportspress-fit-mini":["https:\/\/www.lesportif.info\/wp-content\/uploads\/2026\/03\/Guy-Nzeng-1-32x21.jpeg",32,21,true],"ultp_layout_landscape_large":["https:\/\/www.lesportif.info\/wp-content\/uploads\/2026\/03\/Guy-Nzeng-1.jpeg",1080,710,false],"ultp_layout_landscape":["https:\/\/www.lesportif.info\/wp-content\/uploads\/2026\/03\/Guy-Nzeng-1-870x570.jpeg",870,570,true],"ultp_layout_portrait":["https:\/\/www.lesportif.info\/wp-content\/uploads\/2026\/03\/Guy-Nzeng-1-600x710.jpeg",600,710,true],"ultp_layout_square":["https:\/\/www.lesportif.info\/wp-content\/uploads\/2026\/03\/Guy-Nzeng-1-600x600.jpeg",600,600,true]},"rttpg_author":{"display_name":"Moutsinga Gabrielle Nathalie","author_link":"https:\/\/www.lesportif.info\/?author=11"},"rttpg_comment":0,"rttpg_category":"<a href=\"https:\/\/www.lesportif.info\/?cat=75\" rel=\"category\">A LA UNE<\/a> <a href=\"https:\/\/www.lesportif.info\/?cat=28\" rel=\"category\">FOOTBALL<\/a> <a href=\"https:\/\/www.lesportif.info\/?cat=4\" rel=\"category\">Gabon<\/a> <a href=\"https:\/\/www.lesportif.info\/?cat=95\" rel=\"category\">NATIONAL FOOT 1<\/a>","rttpg_excerpt":"Le championnat national de football de premi\u00e8re division a \u00e9t\u00e9 officiellement lanc\u00e9 \u00e0 Lambar\u00e9n\u00e9 lors de sa premi\u00e8re journ\u00e9e.","_links":{"self":[{"href":"https:\/\/www.lesportif.info\/index.php?rest_route=\/wp\/v2\/posts\/104000","targetHints":{"allow":["GET"]}}],"collection":[{"href":"https:\/\/www.lesportif.info\/index.php?rest_route=\/wp\/v2\/posts"}],"about":[{"href":"https:\/\/www.lesportif.info\/index.php?rest_route=\/wp\/v2\/types\/post"}],"author":[{"embeddable":true,"href":"https:\/\/www.lesportif.info\/index.php?rest_route=\/wp\/v2\/users\/11"}],"replies":[{"embeddable":true,"href":"https:\/\/www.lesportif.info\/index.php?rest_route=%2Fwp%2Fv2%2Fcomments&post=104000"}],"version-history":[{"count":1,"href":"https:\/\/www.lesportif.info\/index.php?rest_route=\/wp\/v2\/posts\/104000\/revisions"}],"predecessor-version":[{"id":104005,"href":"https:\/\/www.lesportif.info\/index.php?rest_route=\/wp\/v2\/posts\/104000\/revisions\/104005"}],"wp:featuredmedia":[{"embeddable":true,"href":"https:\/\/www.lesportif.info\/index.php?rest_route=\/wp\/v2\/media\/104001"}],"wp:attachment":[{"href":"https:\/\/www.lesportif.info\/index.php?rest_route=%2Fwp%2Fv2%2Fmedia&parent=104000"}],"wp:term":[{"taxonomy":"category","embeddable":true,"href":"https:\/\/www.lesportif.info\/index.php?rest_route=%2Fwp%2Fv2%2Fcategories&post=104000"},{"taxonomy":"post_tag","embeddable":true,"href":"https:\/\/www.lesportif.info\/index.php?rest_route=%2Fwp%2Fv2%2Ftags&post=104000"}],"curies":[{"name":"wp","href":"https:\/\/api.w.org\/{rel}","templated":true}]}}