{"id":103996,"date":"2026-03-08T08:04:00","date_gmt":"2026-03-08T07:04:00","guid":{"rendered":"https:\/\/www.lesportif.info\/?p=103996"},"modified":"2026-03-08T08:04:01","modified_gmt":"2026-03-08T07:04:01","slug":"election-a-la-fegafoot-la-bataille-est-lancee","status":"publish","type":"post","link":"https:\/\/www.lesportif.info\/?p=103996","title":{"rendered":"\u00c9lection \u00e0 la F\u00e9gafoot : la bataille est lanc\u00e9e !"},"content":{"rendered":"\n<p><strong>C\u2019est la teneur d\u2019un communiqu\u00e9 rendu public ce samedi 7 mars 2026 par la Commission \u00e9lectorale de la F\u00e9d\u00e9ration Gabonaise de Football (F\u00e9gafoot).<\/strong><\/p>\n\n\n\n<figure class=\"wp-block-image size-full is-resized\"><img fetchpriority=\"high\" decoding=\"async\" width=\"728\" height=\"90\" src=\"https:\/\/www.lesportif.info\/wp-content\/uploads\/2025\/11\/Votre-pub.png\" alt=\"\" class=\"wp-image-103507\" style=\"width:840px;height:auto\" srcset=\"https:\/\/www.lesportif.info\/wp-content\/uploads\/2025\/11\/Votre-pub.png 728w, https:\/\/www.lesportif.info\/wp-content\/uploads\/2025\/11\/Votre-pub-300x37.png 300w, https:\/\/www.lesportif.info\/wp-content\/uploads\/2025\/11\/Votre-pub-128x16.png 128w, https:\/\/www.lesportif.info\/wp-content\/uploads\/2025\/11\/Votre-pub-32x4.png 32w\" sizes=\"(max-width: 728px) 100vw, 728px\" \/><\/figure>\n\n\n\n<figure class=\"wp-block-image size-full is-resized\"><img decoding=\"async\" width=\"215\" height=\"235\" src=\"https:\/\/www.lesportif.info\/wp-content\/uploads\/2026\/03\/fegafoot-2.jpg\" alt=\"\" class=\"wp-image-103998\" style=\"width:840px;height:auto\" srcset=\"https:\/\/www.lesportif.info\/wp-content\/uploads\/2026\/03\/fegafoot-2.jpg 215w, https:\/\/www.lesportif.info\/wp-content\/uploads\/2026\/03\/fegafoot-2-117x128.jpg 117w, https:\/\/www.lesportif.info\/wp-content\/uploads\/2026\/03\/fegafoot-2-29x32.jpg 29w\" sizes=\"(max-width: 215px) 100vw, 215px\" \/><\/figure>\n\n\n\n<p>L\u2019instance dirigeante du football gabonais se pr\u00e9pare en effet \u00e0 renouveler son <strong>Comit\u00e9 ex\u00e9cutif<\/strong>. L\u2019Assembl\u00e9e g\u00e9n\u00e9rale \u00e9lective, charg\u00e9e de d\u00e9signer le futur pr\u00e9sident de la f\u00e9d\u00e9ration, se tiendra <strong>le samedi 18 avril prochain<\/strong>.<\/p>\n\n\n\n<p>L\u2019annonce a \u00e9t\u00e9 faite par la Commission \u00e9lectorale charg\u00e9e de superviser le processus \u00e9lectoral, pr\u00e9sid\u00e9e par le magistrat <strong>Jean\u2011Luc Ndong<\/strong>.<\/p>\n\n\n\n<p>Selon le communiqu\u00e9, <strong>le d\u00e9p\u00f4t des candidatures est ouvert du 9 au 18 mars 2026<\/strong>, tandis que la <strong>campagne \u00e9lectorale se d\u00e9roulera du 9 avril \u00e0 minuit au 17 avril \u00e0 la m\u00eame heure<\/strong>, soit la veille du scrutin.<\/p>\n\n\n\n<p>Comme de coutume, durant cette p\u00e9riode, les diff\u00e9rents candidats auront l\u2019occasion de <strong>pr\u00e9senter leurs projets et programmes<\/strong> aux membres d\u00e9l\u00e9gu\u00e9s \u00e9lecteurs appel\u00e9s \u00e0 participer au vote.<\/p>\n\n\n\n<figure class=\"wp-block-image size-full is-resized\"><img decoding=\"async\" width=\"728\" height=\"90\" src=\"https:\/\/www.lesportif.info\/wp-content\/uploads\/2025\/11\/167307_3550548934_bb7211d682c22735d0a2e8bcb4d26238-1.png\" alt=\"\" class=\"wp-image-103521\" style=\"width:840px;height:auto\" srcset=\"https:\/\/www.lesportif.info\/wp-content\/uploads\/2025\/11\/167307_3550548934_bb7211d682c22735d0a2e8bcb4d26238-1.png 728w, https:\/\/www.lesportif.info\/wp-content\/uploads\/2025\/11\/167307_3550548934_bb7211d682c22735d0a2e8bcb4d26238-1-300x37.png 300w, https:\/\/www.lesportif.info\/wp-content\/uploads\/2025\/11\/167307_3550548934_bb7211d682c22735d0a2e8bcb4d26238-1-128x16.png 128w, https:\/\/www.lesportif.info\/wp-content\/uploads\/2025\/11\/167307_3550548934_bb7211d682c22735d0a2e8bcb4d26238-1-32x4.png 32w\" sizes=\"(max-width: 728px) 100vw, 728px\" \/><\/figure>\n\n\n\n<h2 class=\"wp-block-heading\">Un scrutin attendu<\/h2>\n\n\n\n<p>Ce scrutin marquera une nouvelle \u00e9tape dans la gouvernance du football gabonais. Depuis quelque temps, la gestion de la <strong>F\u00e9d\u00e9ration Gabonaise de Football<\/strong> est vivement critiqu\u00e9e par une partie de l\u2019opinion publique et par plusieurs acteurs du milieu sportif, qui estiment qu\u2019une <strong>refonte profonde du football national<\/strong> serait n\u00e9cessaire.<\/p>\n\n\n\n<h2 class=\"wp-block-heading\">Un contexte particulier<\/h2>\n\n\n\n<p>Il convient \u00e9galement de noter que la publication de ce communiqu\u00e9 intervient alors qu\u2019une d\u00e9l\u00e9gation de la <strong>FIFA<\/strong> s\u00e9journe actuellement au Gabon.<\/p>\n\n\n\n<figure class=\"wp-block-image size-full is-resized\"><img loading=\"lazy\" decoding=\"async\" width=\"728\" height=\"90\" src=\"https:\/\/www.lesportif.info\/wp-content\/uploads\/2025\/11\/167149_815301487_1a98d8501b84bc74eed24d51a02d2c4b.jpg\" alt=\"\" class=\"wp-image-103509\" style=\"width:840px;height:auto\" srcset=\"https:\/\/www.lesportif.info\/wp-content\/uploads\/2025\/11\/167149_815301487_1a98d8501b84bc74eed24d51a02d2c4b.jpg 728w, https:\/\/www.lesportif.info\/wp-content\/uploads\/2025\/11\/167149_815301487_1a98d8501b84bc74eed24d51a02d2c4b-300x37.jpg 300w, https:\/\/www.lesportif.info\/wp-content\/uploads\/2025\/11\/167149_815301487_1a98d8501b84bc74eed24d51a02d2c4b-128x16.jpg 128w, https:\/\/www.lesportif.info\/wp-content\/uploads\/2025\/11\/167149_815301487_1a98d8501b84bc74eed24d51a02d2c4b-32x4.jpg 32w\" sizes=\"(max-width: 728px) 100vw, 728px\" \/><\/figure>\n\n\n\n<p>Dans ce contexte, les d\u00e9bats se multiplient dans les milieux sportifs autour d\u2019une <strong>\u00e9ventuelle mise sous normalisation<\/strong> du football gabonais, hypoth\u00e8se \u00e9voqu\u00e9e par certains observateurs, m\u00eame si aucune d\u00e9cision officielle n\u2019a \u00e9t\u00e9 annonc\u00e9e \u00e0 ce sujet.<\/p>\n","protected":false},"excerpt":{"rendered":"<p>C\u2019est la teneur d\u2019un communiqu\u00e9 rendu public ce samedi 7 mars 2026 par la Commission \u00e9lectorale de la F\u00e9d\u00e9ration Gabonaise de Football (F\u00e9gafoot).<\/p>\n","protected":false},"author":11,"featured_media":103997,"comment_status":"open","ping_status":"open","sticky":false,"template":"","format":"standard","meta":{"_uag_custom_page_level_css":"","footnotes":""},"categories":[75,93,28,4],"tags":[],"class_list":["post-103996","post","type-post","status-publish","format-standard","has-post-thumbnail","hentry","category-a-la-une","category-fegafoot","category-football","category-gabon"],"yoast_head":"<!-- This site is optimized with the Yoast SEO plugin v26.6 - https:\/\/yoast.com\/wordpress\/plugins\/seo\/ -->\n<title>\u00c9lection \u00e0 la F\u00e9gafoot : la bataille est lanc\u00e9e ! - Lesportif<\/title>\n<meta name=\"description\" content=\"C\u2019est la teneur d\u2019un communiqu\u00e9 rendu public ce samedi 7 mars 2026 par la Commission \u00e9lectorale de la F\u00e9d\u00e9ration Gabonaise de Football (F\u00e9gafoot).\" \/>\n<meta name=\"robots\" content=\"index, follow, max-snippet:-1, max-image-preview:large, max-video-preview:-1\" \/>\n<link rel=\"canonical\" href=\"https:\/\/www.lesportif.info\/?p=103996\" \/>\n<meta property=\"og:locale\" content=\"fr_FR\" \/>\n<meta property=\"og:type\" content=\"article\" \/>\n<meta property=\"og:title\" content=\"\u00c9lection \u00e0 la F\u00e9gafoot : la bataille est lanc\u00e9e ! - Lesportif\" \/>\n<meta property=\"og:description\" content=\"C\u2019est la teneur d\u2019un communiqu\u00e9 rendu public ce samedi 7 mars 2026 par la Commission \u00e9lectorale de la F\u00e9d\u00e9ration Gabonaise de Football (F\u00e9gafoot).\" \/>\n<meta property=\"og:url\" content=\"https:\/\/www.lesportif.info\/?p=103996\" \/>\n<meta property=\"og:site_name\" content=\"Lesportif\" \/>\n<meta property=\"article:publisher\" content=\"https:\/\/www.facebook.com\/lesportif.site\/\" \/>\n<meta property=\"article:published_time\" content=\"2026-03-08T07:04:00+00:00\" \/>\n<meta property=\"article:modified_time\" content=\"2026-03-08T07:04:01+00:00\" \/>\n<meta property=\"og:image\" content=\"https:\/\/www.lesportif.info\/wp-content\/uploads\/2026\/03\/Fegafoot.jpg\" \/>\n\t<meta property=\"og:image:width\" content=\"2048\" \/>\n\t<meta property=\"og:image:height\" content=\"1356\" \/>\n\t<meta property=\"og:image:type\" content=\"image\/jpeg\" \/>\n<meta name=\"author\" content=\"Moutsinga Gabrielle Nathalie\" \/>\n<meta name=\"twitter:card\" content=\"summary_large_image\" \/>\n<meta name=\"twitter:label1\" content=\"\u00c9crit par\" \/>\n\t<meta name=\"twitter:data1\" content=\"Moutsinga Gabrielle Nathalie\" \/>\n\t<meta name=\"twitter:label2\" content=\"Dur\u00e9e de lecture estim\u00e9e\" \/>\n\t<meta name=\"twitter:data2\" content=\"3 minutes\" \/>\n<script type=\"application\/ld+json\" class=\"yoast-schema-graph\">{\"@context\":\"https:\/\/schema.org\",\"@graph\":[{\"@type\":\"Article\",\"@id\":\"https:\/\/www.lesportif.info\/?p=103996#article\",\"isPartOf\":{\"@id\":\"https:\/\/www.lesportif.info\/?p=103996\"},\"author\":{\"name\":\"Moutsinga Gabrielle Nathalie\",\"@id\":\"https:\/\/www.lesportif.info\/#\/schema\/person\/e7da024defe46a0372c31b61b8608bab\"},\"headline\":\"\u00c9lection \u00e0 la F\u00e9gafoot : la bataille est lanc\u00e9e !\",\"datePublished\":\"2026-03-08T07:04:00+00:00\",\"dateModified\":\"2026-03-08T07:04:01+00:00\",\"mainEntityOfPage\":{\"@id\":\"https:\/\/www.lesportif.info\/?p=103996\"},\"wordCount\":302,\"commentCount\":0,\"publisher\":{\"@id\":\"https:\/\/www.lesportif.info\/#organization\"},\"image\":{\"@id\":\"https:\/\/www.lesportif.info\/?p=103996#primaryimage\"},\"thumbnailUrl\":\"https:\/\/www.lesportif.info\/wp-content\/uploads\/2026\/03\/Fegafoot.jpg\",\"articleSection\":[\"A LA UNE\",\"FEGAFOOT\",\"FOOTBALL\",\"Gabon\"],\"inLanguage\":\"fr-FR\",\"potentialAction\":[{\"@type\":\"CommentAction\",\"name\":\"Comment\",\"target\":[\"https:\/\/www.lesportif.info\/?p=103996#respond\"]}]},{\"@type\":\"WebPage\",\"@id\":\"https:\/\/www.lesportif.info\/?p=103996\",\"url\":\"https:\/\/www.lesportif.info\/?p=103996\",\"name\":\"\u00c9lection \u00e0 la F\u00e9gafoot : la bataille est lanc\u00e9e ! - Lesportif\",\"isPartOf\":{\"@id\":\"https:\/\/www.lesportif.info\/#website\"},\"primaryImageOfPage\":{\"@id\":\"https:\/\/www.lesportif.info\/?p=103996#primaryimage\"},\"image\":{\"@id\":\"https:\/\/www.lesportif.info\/?p=103996#primaryimage\"},\"thumbnailUrl\":\"https:\/\/www.lesportif.info\/wp-content\/uploads\/2026\/03\/Fegafoot.jpg\",\"datePublished\":\"2026-03-08T07:04:00+00:00\",\"dateModified\":\"2026-03-08T07:04:01+00:00\",\"description\":\"C\u2019est la teneur d\u2019un communiqu\u00e9 rendu public ce samedi 7 mars 2026 par la Commission \u00e9lectorale de la F\u00e9d\u00e9ration Gabonaise de Football (F\u00e9gafoot).\",\"breadcrumb\":{\"@id\":\"https:\/\/www.lesportif.info\/?p=103996#breadcrumb\"},\"inLanguage\":\"fr-FR\",\"potentialAction\":[{\"@type\":\"ReadAction\",\"target\":[\"https:\/\/www.lesportif.info\/?p=103996\"]}]},{\"@type\":\"ImageObject\",\"inLanguage\":\"fr-FR\",\"@id\":\"https:\/\/www.lesportif.info\/?p=103996#primaryimage\",\"url\":\"https:\/\/www.lesportif.info\/wp-content\/uploads\/2026\/03\/Fegafoot.jpg\",\"contentUrl\":\"https:\/\/www.lesportif.info\/wp-content\/uploads\/2026\/03\/Fegafoot.jpg\",\"width\":2048,\"height\":1356},{\"@type\":\"BreadcrumbList\",\"@id\":\"https:\/\/www.lesportif.info\/?p=103996#breadcrumb\",\"itemListElement\":[{\"@type\":\"ListItem\",\"position\":1,\"name\":\"Accueil\",\"item\":\"https:\/\/www.lesportif.info\/\"},{\"@type\":\"ListItem\",\"position\":2,\"name\":\"\u00c9lection \u00e0 la F\u00e9gafoot : la bataille est lanc\u00e9e !\"}]},{\"@type\":\"WebSite\",\"@id\":\"https:\/\/www.lesportif.info\/#website\",\"url\":\"https:\/\/www.lesportif.info\/\",\"name\":\"www.lesportif:info\",\"description\":\"L&#039;information juste et v\u00e9rifi\u00e9e\",\"publisher\":{\"@id\":\"https:\/\/www.lesportif.info\/#organization\"},\"alternateName\":\"Lesportif\",\"potentialAction\":[{\"@type\":\"SearchAction\",\"target\":{\"@type\":\"EntryPoint\",\"urlTemplate\":\"https:\/\/www.lesportif.info\/?s={search_term_string}\"},\"query-input\":{\"@type\":\"PropertyValueSpecification\",\"valueRequired\":true,\"valueName\":\"search_term_string\"}}],\"inLanguage\":\"fr-FR\"},{\"@type\":\"Organization\",\"@id\":\"https:\/\/www.lesportif.info\/#organization\",\"name\":\"Lesportif\",\"alternateName\":\"Lesportif\",\"url\":\"https:\/\/www.lesportif.info\/\",\"logo\":{\"@type\":\"ImageObject\",\"inLanguage\":\"fr-FR\",\"@id\":\"https:\/\/www.lesportif.info\/#\/schema\/logo\/image\/\",\"url\":\"https:\/\/www.lesportif.info\/wp-content\/uploads\/2023\/12\/cropped-logo-noel-removebg-preview.png\",\"contentUrl\":\"https:\/\/www.lesportif.info\/wp-content\/uploads\/2023\/12\/cropped-logo-noel-removebg-preview.png\",\"width\":482,\"height\":482,\"caption\":\"Lesportif\"},\"image\":{\"@id\":\"https:\/\/www.lesportif.info\/#\/schema\/logo\/image\/\"},\"sameAs\":[\"https:\/\/www.facebook.com\/lesportif.site\/\"]},{\"@type\":\"Person\",\"@id\":\"https:\/\/www.lesportif.info\/#\/schema\/person\/e7da024defe46a0372c31b61b8608bab\",\"name\":\"Moutsinga Gabrielle Nathalie\",\"image\":{\"@type\":\"ImageObject\",\"inLanguage\":\"fr-FR\",\"@id\":\"https:\/\/www.lesportif.info\/#\/schema\/person\/image\/\",\"url\":\"https:\/\/secure.gravatar.com\/avatar\/1e02fe86c61f30824d3e0fe2aea0ad97405a3b5c8a92e1d21335b8d1393c9ac7?s=96&d=mm&r=g\",\"contentUrl\":\"https:\/\/secure.gravatar.com\/avatar\/1e02fe86c61f30824d3e0fe2aea0ad97405a3b5c8a92e1d21335b8d1393c9ac7?s=96&d=mm&r=g\",\"caption\":\"Moutsinga Gabrielle Nathalie\"},\"url\":\"https:\/\/www.lesportif.info\/?author=11\"}]}<\/script>\n<!-- \/ Yoast SEO plugin. -->","yoast_head_json":{"title":"\u00c9lection \u00e0 la F\u00e9gafoot : la bataille est lanc\u00e9e ! - Lesportif","description":"C\u2019est la teneur d\u2019un communiqu\u00e9 rendu public ce samedi 7 mars 2026 par la Commission \u00e9lectorale de la F\u00e9d\u00e9ration Gabonaise de Football (F\u00e9gafoot).","robots":{"index":"index","follow":"follow","max-snippet":"max-snippet:-1","max-image-preview":"max-image-preview:large","max-video-preview":"max-video-preview:-1"},"canonical":"https:\/\/www.lesportif.info\/?p=103996","og_locale":"fr_FR","og_type":"article","og_title":"\u00c9lection \u00e0 la F\u00e9gafoot : la bataille est lanc\u00e9e ! - Lesportif","og_description":"C\u2019est la teneur d\u2019un communiqu\u00e9 rendu public ce samedi 7 mars 2026 par la Commission \u00e9lectorale de la F\u00e9d\u00e9ration Gabonaise de Football (F\u00e9gafoot).","og_url":"https:\/\/www.lesportif.info\/?p=103996","og_site_name":"Lesportif","article_publisher":"https:\/\/www.facebook.com\/lesportif.site\/","article_published_time":"2026-03-08T07:04:00+00:00","article_modified_time":"2026-03-08T07:04:01+00:00","og_image":[{"width":2048,"height":1356,"url":"https:\/\/www.lesportif.info\/wp-content\/uploads\/2026\/03\/Fegafoot.jpg","type":"image\/jpeg"}],"author":"Moutsinga Gabrielle Nathalie","twitter_card":"summary_large_image","twitter_misc":{"\u00c9crit par":"Moutsinga Gabrielle Nathalie","Dur\u00e9e de lecture estim\u00e9e":"3 minutes"},"schema":{"@context":"https:\/\/schema.org","@graph":[{"@type":"Article","@id":"https:\/\/www.lesportif.info\/?p=103996#article","isPartOf":{"@id":"https:\/\/www.lesportif.info\/?p=103996"},"author":{"name":"Moutsinga Gabrielle Nathalie","@id":"https:\/\/www.lesportif.info\/#\/schema\/person\/e7da024defe46a0372c31b61b8608bab"},"headline":"\u00c9lection \u00e0 la F\u00e9gafoot : la bataille est lanc\u00e9e !","datePublished":"2026-03-08T07:04:00+00:00","dateModified":"2026-03-08T07:04:01+00:00","mainEntityOfPage":{"@id":"https:\/\/www.lesportif.info\/?p=103996"},"wordCount":302,"commentCount":0,"publisher":{"@id":"https:\/\/www.lesportif.info\/#organization"},"image":{"@id":"https:\/\/www.lesportif.info\/?p=103996#primaryimage"},"thumbnailUrl":"https:\/\/www.lesportif.info\/wp-content\/uploads\/2026\/03\/Fegafoot.jpg","articleSection":["A LA UNE","FEGAFOOT","FOOTBALL","Gabon"],"inLanguage":"fr-FR","potentialAction":[{"@type":"CommentAction","name":"Comment","target":["https:\/\/www.lesportif.info\/?p=103996#respond"]}]},{"@type":"WebPage","@id":"https:\/\/www.lesportif.info\/?p=103996","url":"https:\/\/www.lesportif.info\/?p=103996","name":"\u00c9lection \u00e0 la F\u00e9gafoot : la bataille est lanc\u00e9e ! - Lesportif","isPartOf":{"@id":"https:\/\/www.lesportif.info\/#website"},"primaryImageOfPage":{"@id":"https:\/\/www.lesportif.info\/?p=103996#primaryimage"},"image":{"@id":"https:\/\/www.lesportif.info\/?p=103996#primaryimage"},"thumbnailUrl":"https:\/\/www.lesportif.info\/wp-content\/uploads\/2026\/03\/Fegafoot.jpg","datePublished":"2026-03-08T07:04:00+00:00","dateModified":"2026-03-08T07:04:01+00:00","description":"C\u2019est la teneur d\u2019un communiqu\u00e9 rendu public ce samedi 7 mars 2026 par la Commission \u00e9lectorale de la F\u00e9d\u00e9ration Gabonaise de Football (F\u00e9gafoot).","breadcrumb":{"@id":"https:\/\/www.lesportif.info\/?p=103996#breadcrumb"},"inLanguage":"fr-FR","potentialAction":[{"@type":"ReadAction","target":["https:\/\/www.lesportif.info\/?p=103996"]}]},{"@type":"ImageObject","inLanguage":"fr-FR","@id":"https:\/\/www.lesportif.info\/?p=103996#primaryimage","url":"https:\/\/www.lesportif.info\/wp-content\/uploads\/2026\/03\/Fegafoot.jpg","contentUrl":"https:\/\/www.lesportif.info\/wp-content\/uploads\/2026\/03\/Fegafoot.jpg","width":2048,"height":1356},{"@type":"BreadcrumbList","@id":"https:\/\/www.lesportif.info\/?p=103996#breadcrumb","itemListElement":[{"@type":"ListItem","position":1,"name":"Accueil","item":"https:\/\/www.lesportif.info\/"},{"@type":"ListItem","position":2,"name":"\u00c9lection \u00e0 la F\u00e9gafoot : la bataille est lanc\u00e9e !"}]},{"@type":"WebSite","@id":"https:\/\/www.lesportif.info\/#website","url":"https:\/\/www.lesportif.info\/","name":"www.lesportif:info","description":"L&#039;information juste et v\u00e9rifi\u00e9e","publisher":{"@id":"https:\/\/www.lesportif.info\/#organization"},"alternateName":"Lesportif","potentialAction":[{"@type":"SearchAction","target":{"@type":"EntryPoint","urlTemplate":"https:\/\/www.lesportif.info\/?s={search_term_string}"},"query-input":{"@type":"PropertyValueSpecification","valueRequired":true,"valueName":"search_term_string"}}],"inLanguage":"fr-FR"},{"@type":"Organization","@id":"https:\/\/www.lesportif.info\/#organization","name":"Lesportif","alternateName":"Lesportif","url":"https:\/\/www.lesportif.info\/","logo":{"@type":"ImageObject","inLanguage":"fr-FR","@id":"https:\/\/www.lesportif.info\/#\/schema\/logo\/image\/","url":"https:\/\/www.lesportif.info\/wp-content\/uploads\/2023\/12\/cropped-logo-noel-removebg-preview.png","contentUrl":"https:\/\/www.lesportif.info\/wp-content\/uploads\/2023\/12\/cropped-logo-noel-removebg-preview.png","width":482,"height":482,"caption":"Lesportif"},"image":{"@id":"https:\/\/www.lesportif.info\/#\/schema\/logo\/image\/"},"sameAs":["https:\/\/www.facebook.com\/lesportif.site\/"]},{"@type":"Person","@id":"https:\/\/www.lesportif.info\/#\/schema\/person\/e7da024defe46a0372c31b61b8608bab","name":"Moutsinga Gabrielle Nathalie","image":{"@type":"ImageObject","inLanguage":"fr-FR","@id":"https:\/\/www.lesportif.info\/#\/schema\/person\/image\/","url":"https:\/\/secure.gravatar.com\/avatar\/1e02fe86c61f30824d3e0fe2aea0ad97405a3b5c8a92e1d21335b8d1393c9ac7?s=96&d=mm&r=g","contentUrl":"https:\/\/secure.gravatar.com\/avatar\/1e02fe86c61f30824d3e0fe2aea0ad97405a3b5c8a92e1d21335b8d1393c9ac7?s=96&d=mm&r=g","caption":"Moutsinga Gabrielle Nathalie"},"url":"https:\/\/www.lesportif.info\/?author=11"}]}},"uagb_featured_image_src":{"full":["https:\/\/www.lesportif.info\/wp-content\/uploads\/2026\/03\/Fegafoot.jpg",2048,1356,false],"thumbnail":["https:\/\/www.lesportif.info\/wp-content\/uploads\/2026\/03\/Fegafoot-150x150.jpg",150,150,true],"medium":["https:\/\/www.lesportif.info\/wp-content\/uploads\/2026\/03\/Fegafoot-300x199.jpg",300,199,true],"medium_large":["https:\/\/www.lesportif.info\/wp-content\/uploads\/2026\/03\/Fegafoot-768x509.jpg",650,431,true],"large":["https:\/\/www.lesportif.info\/wp-content\/uploads\/2026\/03\/Fegafoot-1024x678.jpg",650,430,true],"1536x1536":["https:\/\/www.lesportif.info\/wp-content\/uploads\/2026\/03\/Fegafoot-1536x1017.jpg",1536,1017,true],"2048x2048":["https:\/\/www.lesportif.info\/wp-content\/uploads\/2026\/03\/Fegafoot.jpg",2048,1356,false],"sportspress-crop-medium":["https:\/\/www.lesportif.info\/wp-content\/uploads\/2026\/03\/Fegafoot-300x300.jpg",300,300,true],"sportspress-fit-medium":["https:\/\/www.lesportif.info\/wp-content\/uploads\/2026\/03\/Fegafoot-300x199.jpg",300,199,true],"sportspress-fit-icon":["https:\/\/www.lesportif.info\/wp-content\/uploads\/2026\/03\/Fegafoot-128x85.jpg",128,85,true],"sportspress-fit-mini":["https:\/\/www.lesportif.info\/wp-content\/uploads\/2026\/03\/Fegafoot-32x21.jpg",32,21,true],"ultp_layout_landscape_large":["https:\/\/www.lesportif.info\/wp-content\/uploads\/2026\/03\/Fegafoot-1200x800.jpg",1200,800,true],"ultp_layout_landscape":["https:\/\/www.lesportif.info\/wp-content\/uploads\/2026\/03\/Fegafoot-870x570.jpg",870,570,true],"ultp_layout_portrait":["https:\/\/www.lesportif.info\/wp-content\/uploads\/2026\/03\/Fegafoot-600x900.jpg",600,900,true],"ultp_layout_square":["https:\/\/www.lesportif.info\/wp-content\/uploads\/2026\/03\/Fegafoot-600x600.jpg",600,600,true]},"uagb_author_info":{"display_name":"Moutsinga Gabrielle Nathalie","author_link":"https:\/\/www.lesportif.info\/?author=11"},"uagb_comment_info":0,"uagb_excerpt":"C\u2019est la teneur d\u2019un communiqu\u00e9 rendu public ce samedi 7 mars 2026 par la Commission \u00e9lectorale de la F\u00e9d\u00e9ration Gabonaise de Football (F\u00e9gafoot).","featured_image_urls":{"full":["https:\/\/www.lesportif.info\/wp-content\/uploads\/2026\/03\/Fegafoot.jpg",2048,1356,false],"thumbnail":["https:\/\/www.lesportif.info\/wp-content\/uploads\/2026\/03\/Fegafoot-150x150.jpg",150,150,true],"medium":["https:\/\/www.lesportif.info\/wp-content\/uploads\/2026\/03\/Fegafoot-300x199.jpg",300,199,true],"medium_large":["https:\/\/www.lesportif.info\/wp-content\/uploads\/2026\/03\/Fegafoot-768x509.jpg",650,431,true],"large":["https:\/\/www.lesportif.info\/wp-content\/uploads\/2026\/03\/Fegafoot-1024x678.jpg",650,430,true],"1536x1536":["https:\/\/www.lesportif.info\/wp-content\/uploads\/2026\/03\/Fegafoot-1536x1017.jpg",1536,1017,true],"2048x2048":["https:\/\/www.lesportif.info\/wp-content\/uploads\/2026\/03\/Fegafoot.jpg",2048,1356,false],"sportspress-crop-medium":["https:\/\/www.lesportif.info\/wp-content\/uploads\/2026\/03\/Fegafoot-300x300.jpg",300,300,true],"sportspress-fit-medium":["https:\/\/www.lesportif.info\/wp-content\/uploads\/2026\/03\/Fegafoot-300x199.jpg",300,199,true],"sportspress-fit-icon":["https:\/\/www.lesportif.info\/wp-content\/uploads\/2026\/03\/Fegafoot-128x85.jpg",128,85,true],"sportspress-fit-mini":["https:\/\/www.lesportif.info\/wp-content\/uploads\/2026\/03\/Fegafoot-32x21.jpg",32,21,true],"ultp_layout_landscape_large":["https:\/\/www.lesportif.info\/wp-content\/uploads\/2026\/03\/Fegafoot-1200x800.jpg",1200,800,true],"ultp_layout_landscape":["https:\/\/www.lesportif.info\/wp-content\/uploads\/2026\/03\/Fegafoot-870x570.jpg",870,570,true],"ultp_layout_portrait":["https:\/\/www.lesportif.info\/wp-content\/uploads\/2026\/03\/Fegafoot-600x900.jpg",600,900,true],"ultp_layout_square":["https:\/\/www.lesportif.info\/wp-content\/uploads\/2026\/03\/Fegafoot-600x600.jpg",600,600,true]},"author_info":{"display_name":"Moutsinga Gabrielle Nathalie","author_link":"https:\/\/www.lesportif.info\/?author=11"},"category_info":"<a href=\"https:\/\/www.lesportif.info\/?cat=75\" rel=\"category\">A LA UNE<\/a> <a href=\"https:\/\/www.lesportif.info\/?cat=93\" rel=\"category\">FEGAFOOT<\/a> <a href=\"https:\/\/www.lesportif.info\/?cat=28\" rel=\"category\">FOOTBALL<\/a> <a href=\"https:\/\/www.lesportif.info\/?cat=4\" rel=\"category\">Gabon<\/a>","tag_info":"Gabon","comment_count":"0","rttpg_featured_image_url":{"full":["https:\/\/www.lesportif.info\/wp-content\/uploads\/2026\/03\/Fegafoot.jpg",2048,1356,false],"landscape":["https:\/\/www.lesportif.info\/wp-content\/uploads\/2026\/03\/Fegafoot.jpg",2048,1356,false],"portraits":["https:\/\/www.lesportif.info\/wp-content\/uploads\/2026\/03\/Fegafoot.jpg",2048,1356,false],"thumbnail":["https:\/\/www.lesportif.info\/wp-content\/uploads\/2026\/03\/Fegafoot-150x150.jpg",150,150,true],"medium":["https:\/\/www.lesportif.info\/wp-content\/uploads\/2026\/03\/Fegafoot-300x199.jpg",300,199,true],"large":["https:\/\/www.lesportif.info\/wp-content\/uploads\/2026\/03\/Fegafoot-1024x678.jpg",650,430,true],"1536x1536":["https:\/\/www.lesportif.info\/wp-content\/uploads\/2026\/03\/Fegafoot-1536x1017.jpg",1536,1017,true],"2048x2048":["https:\/\/www.lesportif.info\/wp-content\/uploads\/2026\/03\/Fegafoot.jpg",2048,1356,false],"sportspress-crop-medium":["https:\/\/www.lesportif.info\/wp-content\/uploads\/2026\/03\/Fegafoot-300x300.jpg",300,300,true],"sportspress-fit-medium":["https:\/\/www.lesportif.info\/wp-content\/uploads\/2026\/03\/Fegafoot-300x199.jpg",300,199,true],"sportspress-fit-icon":["https:\/\/www.lesportif.info\/wp-content\/uploads\/2026\/03\/Fegafoot-128x85.jpg",128,85,true],"sportspress-fit-mini":["https:\/\/www.lesportif.info\/wp-content\/uploads\/2026\/03\/Fegafoot-32x21.jpg",32,21,true],"ultp_layout_landscape_large":["https:\/\/www.lesportif.info\/wp-content\/uploads\/2026\/03\/Fegafoot-1200x800.jpg",1200,800,true],"ultp_layout_landscape":["https:\/\/www.lesportif.info\/wp-content\/uploads\/2026\/03\/Fegafoot-870x570.jpg",870,570,true],"ultp_layout_portrait":["https:\/\/www.lesportif.info\/wp-content\/uploads\/2026\/03\/Fegafoot-600x900.jpg",600,900,true],"ultp_layout_square":["https:\/\/www.lesportif.info\/wp-content\/uploads\/2026\/03\/Fegafoot-600x600.jpg",600,600,true]},"rttpg_author":{"display_name":"Moutsinga Gabrielle Nathalie","author_link":"https:\/\/www.lesportif.info\/?author=11"},"rttpg_comment":0,"rttpg_category":"<a href=\"https:\/\/www.lesportif.info\/?cat=75\" rel=\"category\">A LA UNE<\/a> <a href=\"https:\/\/www.lesportif.info\/?cat=93\" rel=\"category\">FEGAFOOT<\/a> <a href=\"https:\/\/www.lesportif.info\/?cat=28\" rel=\"category\">FOOTBALL<\/a> <a href=\"https:\/\/www.lesportif.info\/?cat=4\" rel=\"category\">Gabon<\/a>","rttpg_excerpt":"C\u2019est la teneur d\u2019un communiqu\u00e9 rendu public ce samedi 7 mars 2026 par la Commission \u00e9lectorale de la F\u00e9d\u00e9ration Gabonaise de Football (F\u00e9gafoot).","_links":{"self":[{"href":"https:\/\/www.lesportif.info\/index.php?rest_route=\/wp\/v2\/posts\/103996","targetHints":{"allow":["GET"]}}],"collection":[{"href":"https:\/\/www.lesportif.info\/index.php?rest_route=\/wp\/v2\/posts"}],"about":[{"href":"https:\/\/www.lesportif.info\/index.php?rest_route=\/wp\/v2\/types\/post"}],"author":[{"embeddable":true,"href":"https:\/\/www.lesportif.info\/index.php?rest_route=\/wp\/v2\/users\/11"}],"replies":[{"embeddable":true,"href":"https:\/\/www.lesportif.info\/index.php?rest_route=%2Fwp%2Fv2%2Fcomments&post=103996"}],"version-history":[{"count":1,"href":"https:\/\/www.lesportif.info\/index.php?rest_route=\/wp\/v2\/posts\/103996\/revisions"}],"predecessor-version":[{"id":103999,"href":"https:\/\/www.lesportif.info\/index.php?rest_route=\/wp\/v2\/posts\/103996\/revisions\/103999"}],"wp:featuredmedia":[{"embeddable":true,"href":"https:\/\/www.lesportif.info\/index.php?rest_route=\/wp\/v2\/media\/103997"}],"wp:attachment":[{"href":"https:\/\/www.lesportif.info\/index.php?rest_route=%2Fwp%2Fv2%2Fmedia&parent=103996"}],"wp:term":[{"taxonomy":"category","embeddable":true,"href":"https:\/\/www.lesportif.info\/index.php?rest_route=%2Fwp%2Fv2%2Fcategories&post=103996"},{"taxonomy":"post_tag","embeddable":true,"href":"https:\/\/www.lesportif.info\/index.php?rest_route=%2Fwp%2Fv2%2Ftags&post=103996"}],"curies":[{"name":"wp","href":"https:\/\/api.w.org\/{rel}","templated":true}]}}