{"id":103992,"date":"2026-03-07T09:38:46","date_gmt":"2026-03-07T08:38:46","guid":{"rendered":"https:\/\/www.lesportif.info\/?p=103992"},"modified":"2026-03-07T09:39:22","modified_gmt":"2026-03-07T08:39:22","slug":"national-foot-la-saison-de-tous-les-defis","status":"publish","type":"post","link":"https:\/\/www.lesportif.info\/?p=103992","title":{"rendered":"National-Foot : la saison de tous les d\u00e9fis !"},"content":{"rendered":"\n<p><strong>Le championnat national gabonais, le National-Foot 1 et le National-Foot 2, s\u2019ouvre cet apr\u00e8s-midi \u00e0 Lambar\u00e9n\u00e9, marquant ainsi le retour du football professionnel apr\u00e8s plusieurs mois d\u2019attente.<\/strong><\/p>\n\n\n\n<figure class=\"wp-block-image size-full is-resized\"><img fetchpriority=\"high\" decoding=\"async\" width=\"728\" height=\"90\" src=\"https:\/\/www.lesportif.info\/wp-content\/uploads\/2025\/11\/Votre-pub.png\" alt=\"\" class=\"wp-image-103507\" style=\"aspect-ratio:8.090119812467442;width:840px;height:auto\" srcset=\"https:\/\/www.lesportif.info\/wp-content\/uploads\/2025\/11\/Votre-pub.png 728w, https:\/\/www.lesportif.info\/wp-content\/uploads\/2025\/11\/Votre-pub-300x37.png 300w, https:\/\/www.lesportif.info\/wp-content\/uploads\/2025\/11\/Votre-pub-128x16.png 128w, https:\/\/www.lesportif.info\/wp-content\/uploads\/2025\/11\/Votre-pub-32x4.png 32w\" sizes=\"(max-width: 728px) 100vw, 728px\" \/><\/figure>\n\n\n\n<figure class=\"wp-block-image size-full\"><img decoding=\"async\" width=\"1024\" height=\"768\" src=\"https:\/\/www.lesportif.info\/wp-content\/uploads\/2026\/03\/National-Foot-2.jpg\" alt=\"\" class=\"wp-image-103994\" srcset=\"https:\/\/www.lesportif.info\/wp-content\/uploads\/2026\/03\/National-Foot-2.jpg 1024w, https:\/\/www.lesportif.info\/wp-content\/uploads\/2026\/03\/National-Foot-2-300x225.jpg 300w, https:\/\/www.lesportif.info\/wp-content\/uploads\/2026\/03\/National-Foot-2-768x576.jpg 768w, https:\/\/www.lesportif.info\/wp-content\/uploads\/2026\/03\/National-Foot-2-128x96.jpg 128w, https:\/\/www.lesportif.info\/wp-content\/uploads\/2026\/03\/National-Foot-2-32x24.jpg 32w\" sizes=\"(max-width: 1024px) 100vw, 1024px\" \/><\/figure>\n\n\n\n<p>Cette reprise, annonc\u00e9e par la <strong>Ligue Nationale de Football Professionnel<\/strong> (LINAFP), intervient dans un contexte particulier o\u00f9 les attentes sont nombreuses, tant sur le plan sportif qu\u2019organisationnel.<\/p>\n\n\n\n<figure class=\"wp-block-image size-full is-resized\"><img decoding=\"async\" width=\"728\" height=\"90\" src=\"https:\/\/www.lesportif.info\/wp-content\/uploads\/2025\/11\/167307_3550548934_bb7211d682c22735d0a2e8bcb4d26238.png\" alt=\"\" class=\"wp-image-103508\" style=\"aspect-ratio:8.090119812467442;width:840px;height:auto\" srcset=\"https:\/\/www.lesportif.info\/wp-content\/uploads\/2025\/11\/167307_3550548934_bb7211d682c22735d0a2e8bcb4d26238.png 728w, https:\/\/www.lesportif.info\/wp-content\/uploads\/2025\/11\/167307_3550548934_bb7211d682c22735d0a2e8bcb4d26238-300x37.png 300w, https:\/\/www.lesportif.info\/wp-content\/uploads\/2025\/11\/167307_3550548934_bb7211d682c22735d0a2e8bcb4d26238-128x16.png 128w, https:\/\/www.lesportif.info\/wp-content\/uploads\/2025\/11\/167307_3550548934_bb7211d682c22735d0a2e8bcb4d26238-32x4.png 32w\" sizes=\"(max-width: 728px) 100vw, 728px\" \/><\/figure>\n\n\n\n<h2 class=\"wp-block-heading\">Relancer une comp\u00e9tition en qu\u00eate de stabilit\u00e9<\/h2>\n\n\n\n<p>Premier enjeu majeur : redonner de l\u2019\u00e9lan \u00e0 une comp\u00e9tition qui a souvent souffert d\u2019irr\u00e9gularit\u00e9s ces derni\u00e8res ann\u00e9es. Entre retards dans l\u2019organisation, difficult\u00e9s financi\u00e8res des clubs et infrastructures parfois limit\u00e9es, le National-Foot doit convaincre supporters et partenaires qu\u2019il peut offrir une saison stable et comp\u00e9titive.<\/p>\n\n\n\n<p>La reprise \u00e0 <strong>Lambar\u00e9n\u00e9<\/strong>, capitale de la province du <strong>Moyen-Ogoou\u00e9<\/strong>, symbolise ainsi une volont\u00e9 de relancer la dynamique du football local et de rapprocher davantage le championnat des diff\u00e9rentes r\u00e9gions du pays.<\/p>\n\n\n\n<h2 class=\"wp-block-heading\">Former et valoriser les talents locaux<\/h2>\n\n\n\n<p>La d\u00e9cision de la <strong>Ligue Nationale de Football Professionnel<\/strong> d\u2019augmenter le nombre minimum de joueurs cadets et juniors dans les effectifs des clubs traduit l\u2019ambition de pr\u00e9parer la rel\u00e8ve.<\/p>\n\n\n\n<p>Dans un pays qui a longtemps compt\u00e9 sur l\u2019\u00e9closion de talents form\u00e9s localement, le championnat national demeure une vitrine essentielle pour les jeunes joueurs souhaitant se faire remarquer, aussi bien au niveau national qu\u2019\u00e0 l\u2019international.<\/p>\n\n\n\n<figure class=\"wp-block-image size-full is-resized\"><img loading=\"lazy\" decoding=\"async\" width=\"728\" height=\"90\" src=\"https:\/\/www.lesportif.info\/wp-content\/uploads\/2025\/11\/167149_815301487_1a98d8501b84bc74eed24d51a02d2c4b.jpg\" alt=\"\" class=\"wp-image-103509\" style=\"aspect-ratio:8.090119812467442;width:840px;height:auto\" srcset=\"https:\/\/www.lesportif.info\/wp-content\/uploads\/2025\/11\/167149_815301487_1a98d8501b84bc74eed24d51a02d2c4b.jpg 728w, https:\/\/www.lesportif.info\/wp-content\/uploads\/2025\/11\/167149_815301487_1a98d8501b84bc74eed24d51a02d2c4b-300x37.jpg 300w, https:\/\/www.lesportif.info\/wp-content\/uploads\/2025\/11\/167149_815301487_1a98d8501b84bc74eed24d51a02d2c4b-128x16.jpg 128w, https:\/\/www.lesportif.info\/wp-content\/uploads\/2025\/11\/167149_815301487_1a98d8501b84bc74eed24d51a02d2c4b-32x4.jpg 32w\" sizes=\"(max-width: 728px) 100vw, 728px\" \/><\/figure>\n\n\n\n<h2 class=\"wp-block-heading\">Un championnat plus ouvert et comp\u00e9titif<\/h2>\n\n\n\n<p>L\u2019\u00e9largissement du quota de joueurs \u00e9trangers et la possibilit\u00e9 d\u2019accueillir davantage de clubs en premi\u00e8re division pourraient \u00e9galement rebattre les cartes.<\/p>\n\n\n\n<p>Plusieurs \u00e9quipes auront ainsi l\u2019opportunit\u00e9 de renforcer leurs effectifs et d\u2019\u00e9lever le niveau de jeu. Cette ouverture devrait contribuer \u00e0 rendre la comp\u00e9tition plus disput\u00e9e et impr\u00e9visible, pour le plus grand plaisir des supporters.<\/p>\n\n\n\n<h2 class=\"wp-block-heading\">Un test pour la gouvernance du football gabonais<\/h2>\n\n\n\n<p>Au-del\u00e0 du terrain, cette saison sera \u00e9galement un test pour la capacit\u00e9 de la <strong>Ligue Nationale de Football Professionnel<\/strong> \u00e0 organiser un championnat r\u00e9gulier et cr\u00e9dible.<\/p>\n\n\n\n<figure class=\"wp-block-image size-large\"><img loading=\"lazy\" decoding=\"async\" width=\"1024\" height=\"796\" src=\"https:\/\/www.lesportif.info\/wp-content\/uploads\/2025\/10\/WhatsApp-Image-2025-10-11-a-12.12.10_8f62f793-1024x796.jpg\" alt=\"\" class=\"wp-image-103289\" srcset=\"https:\/\/www.lesportif.info\/wp-content\/uploads\/2025\/10\/WhatsApp-Image-2025-10-11-a-12.12.10_8f62f793-1024x796.jpg 1024w, https:\/\/www.lesportif.info\/wp-content\/uploads\/2025\/10\/WhatsApp-Image-2025-10-11-a-12.12.10_8f62f793-300x233.jpg 300w, https:\/\/www.lesportif.info\/wp-content\/uploads\/2025\/10\/WhatsApp-Image-2025-10-11-a-12.12.10_8f62f793-768x597.jpg 768w, https:\/\/www.lesportif.info\/wp-content\/uploads\/2025\/10\/WhatsApp-Image-2025-10-11-a-12.12.10_8f62f793-128x100.jpg 128w, https:\/\/www.lesportif.info\/wp-content\/uploads\/2025\/10\/WhatsApp-Image-2025-10-11-a-12.12.10_8f62f793-32x25.jpg 32w, https:\/\/www.lesportif.info\/wp-content\/uploads\/2025\/10\/WhatsApp-Image-2025-10-11-a-12.12.10_8f62f793.jpg 1280w\" sizes=\"(max-width: 1024px) 100vw, 1024px\" \/><\/figure>\n\n\n\n<p>Respect du calendrier, qualit\u00e9 de l\u2019arbitrage, gestion financi\u00e8re des clubs et mobilisation du public seront autant d\u2019indicateurs scrut\u00e9s par les observateurs et les acteurs du football.<\/p>\n\n\n\n<p>Entre ambitions sportives, d\u00e9veloppement des jeunes talents et n\u00e9cessit\u00e9 de renforcer la cr\u00e9dibilit\u00e9 de la comp\u00e9tition, cette nouvelle saison du National-Foot s\u2019annonce donc d\u00e9terminante pour l\u2019avenir du football gabonais.<\/p>\n\n\n\n<p><\/p>\n","protected":false},"excerpt":{"rendered":"<p>Le championnat national gabonais, le National-Foot 1 et le National-Foot 2, s\u2019ouvre cet apr\u00e8s-midi \u00e0 Lambar\u00e9n\u00e9, marquant ainsi le retour du football professionnel apr\u00e8s plusieurs mois d\u2019attente.<\/p>\n","protected":false},"author":10,"featured_media":103993,"comment_status":"open","ping_status":"open","sticky":false,"template":"","format":"standard","meta":{"_uag_custom_page_level_css":"","footnotes":""},"categories":[75,4,95],"tags":[],"class_list":["post-103992","post","type-post","status-publish","format-standard","has-post-thumbnail","hentry","category-a-la-une","category-gabon","category-national-foot-1"],"yoast_head":"<!-- This site is optimized with the Yoast SEO plugin v26.6 - https:\/\/yoast.com\/wordpress\/plugins\/seo\/ -->\n<title>National-Foot : la saison de tous les d\u00e9fis ! - Lesportif<\/title>\n<meta name=\"description\" content=\"Le championnat national gabonais, le National-Foot 1 et le National-Foot 2, s\u2019ouvre cet apr\u00e8s-midi \u00e0 Lambar\u00e9n\u00e9, marquant ainsi le retour du football professionnel apr\u00e8s plusieurs mois d\u2019attente.\" \/>\n<meta name=\"robots\" content=\"index, follow, max-snippet:-1, max-image-preview:large, max-video-preview:-1\" \/>\n<link rel=\"canonical\" href=\"https:\/\/www.lesportif.info\/?p=103992\" \/>\n<meta property=\"og:locale\" content=\"fr_FR\" \/>\n<meta property=\"og:type\" content=\"article\" \/>\n<meta property=\"og:title\" content=\"National-Foot : la saison de tous les d\u00e9fis ! - Lesportif\" \/>\n<meta property=\"og:description\" content=\"Le championnat national gabonais, le National-Foot 1 et le National-Foot 2, s\u2019ouvre cet apr\u00e8s-midi \u00e0 Lambar\u00e9n\u00e9, marquant ainsi le retour du football professionnel apr\u00e8s plusieurs mois d\u2019attente.\" \/>\n<meta property=\"og:url\" content=\"https:\/\/www.lesportif.info\/?p=103992\" \/>\n<meta property=\"og:site_name\" content=\"Lesportif\" \/>\n<meta property=\"article:publisher\" content=\"https:\/\/www.facebook.com\/lesportif.site\/\" \/>\n<meta property=\"article:published_time\" content=\"2026-03-07T08:38:46+00:00\" \/>\n<meta property=\"article:modified_time\" content=\"2026-03-07T08:39:22+00:00\" \/>\n<meta property=\"og:image\" content=\"https:\/\/www.lesportif.info\/wp-content\/uploads\/2026\/03\/Championnat-2-640x415-1.jpg\" \/>\n\t<meta property=\"og:image:width\" content=\"640\" \/>\n\t<meta property=\"og:image:height\" content=\"415\" \/>\n\t<meta property=\"og:image:type\" content=\"image\/jpeg\" \/>\n<meta name=\"author\" content=\"Herald TSONGA\" \/>\n<meta name=\"twitter:card\" content=\"summary_large_image\" \/>\n<meta name=\"twitter:label1\" content=\"\u00c9crit par\" \/>\n\t<meta name=\"twitter:data1\" content=\"Herald TSONGA\" \/>\n\t<meta name=\"twitter:label2\" content=\"Dur\u00e9e de lecture estim\u00e9e\" \/>\n\t<meta name=\"twitter:data2\" content=\"4 minutes\" \/>\n<script type=\"application\/ld+json\" class=\"yoast-schema-graph\">{\"@context\":\"https:\/\/schema.org\",\"@graph\":[{\"@type\":\"Article\",\"@id\":\"https:\/\/www.lesportif.info\/?p=103992#article\",\"isPartOf\":{\"@id\":\"https:\/\/www.lesportif.info\/?p=103992\"},\"author\":{\"name\":\"Herald TSONGA\",\"@id\":\"https:\/\/www.lesportif.info\/#\/schema\/person\/9fb130baca2fe63add53f6883be861f6\"},\"headline\":\"National-Foot : la saison de tous les d\u00e9fis !\",\"datePublished\":\"2026-03-07T08:38:46+00:00\",\"dateModified\":\"2026-03-07T08:39:22+00:00\",\"mainEntityOfPage\":{\"@id\":\"https:\/\/www.lesportif.info\/?p=103992\"},\"wordCount\":413,\"commentCount\":0,\"publisher\":{\"@id\":\"https:\/\/www.lesportif.info\/#organization\"},\"image\":{\"@id\":\"https:\/\/www.lesportif.info\/?p=103992#primaryimage\"},\"thumbnailUrl\":\"https:\/\/www.lesportif.info\/wp-content\/uploads\/2026\/03\/Championnat-2-640x415-1.jpg\",\"articleSection\":[\"A LA UNE\",\"Gabon\",\"NATIONAL FOOT 1\"],\"inLanguage\":\"fr-FR\",\"potentialAction\":[{\"@type\":\"CommentAction\",\"name\":\"Comment\",\"target\":[\"https:\/\/www.lesportif.info\/?p=103992#respond\"]}]},{\"@type\":\"WebPage\",\"@id\":\"https:\/\/www.lesportif.info\/?p=103992\",\"url\":\"https:\/\/www.lesportif.info\/?p=103992\",\"name\":\"National-Foot : la saison de tous les d\u00e9fis ! - Lesportif\",\"isPartOf\":{\"@id\":\"https:\/\/www.lesportif.info\/#website\"},\"primaryImageOfPage\":{\"@id\":\"https:\/\/www.lesportif.info\/?p=103992#primaryimage\"},\"image\":{\"@id\":\"https:\/\/www.lesportif.info\/?p=103992#primaryimage\"},\"thumbnailUrl\":\"https:\/\/www.lesportif.info\/wp-content\/uploads\/2026\/03\/Championnat-2-640x415-1.jpg\",\"datePublished\":\"2026-03-07T08:38:46+00:00\",\"dateModified\":\"2026-03-07T08:39:22+00:00\",\"description\":\"Le championnat national gabonais, le National-Foot 1 et le National-Foot 2, s\u2019ouvre cet apr\u00e8s-midi \u00e0 Lambar\u00e9n\u00e9, marquant ainsi le retour du football professionnel apr\u00e8s plusieurs mois d\u2019attente.\",\"breadcrumb\":{\"@id\":\"https:\/\/www.lesportif.info\/?p=103992#breadcrumb\"},\"inLanguage\":\"fr-FR\",\"potentialAction\":[{\"@type\":\"ReadAction\",\"target\":[\"https:\/\/www.lesportif.info\/?p=103992\"]}]},{\"@type\":\"ImageObject\",\"inLanguage\":\"fr-FR\",\"@id\":\"https:\/\/www.lesportif.info\/?p=103992#primaryimage\",\"url\":\"https:\/\/www.lesportif.info\/wp-content\/uploads\/2026\/03\/Championnat-2-640x415-1.jpg\",\"contentUrl\":\"https:\/\/www.lesportif.info\/wp-content\/uploads\/2026\/03\/Championnat-2-640x415-1.jpg\",\"width\":640,\"height\":415},{\"@type\":\"BreadcrumbList\",\"@id\":\"https:\/\/www.lesportif.info\/?p=103992#breadcrumb\",\"itemListElement\":[{\"@type\":\"ListItem\",\"position\":1,\"name\":\"Accueil\",\"item\":\"https:\/\/www.lesportif.info\/\"},{\"@type\":\"ListItem\",\"position\":2,\"name\":\"National-Foot : la saison de tous les d\u00e9fis !\"}]},{\"@type\":\"WebSite\",\"@id\":\"https:\/\/www.lesportif.info\/#website\",\"url\":\"https:\/\/www.lesportif.info\/\",\"name\":\"www.lesportif:info\",\"description\":\"L&#039;information juste et v\u00e9rifi\u00e9e\",\"publisher\":{\"@id\":\"https:\/\/www.lesportif.info\/#organization\"},\"alternateName\":\"Lesportif\",\"potentialAction\":[{\"@type\":\"SearchAction\",\"target\":{\"@type\":\"EntryPoint\",\"urlTemplate\":\"https:\/\/www.lesportif.info\/?s={search_term_string}\"},\"query-input\":{\"@type\":\"PropertyValueSpecification\",\"valueRequired\":true,\"valueName\":\"search_term_string\"}}],\"inLanguage\":\"fr-FR\"},{\"@type\":\"Organization\",\"@id\":\"https:\/\/www.lesportif.info\/#organization\",\"name\":\"Lesportif\",\"alternateName\":\"Lesportif\",\"url\":\"https:\/\/www.lesportif.info\/\",\"logo\":{\"@type\":\"ImageObject\",\"inLanguage\":\"fr-FR\",\"@id\":\"https:\/\/www.lesportif.info\/#\/schema\/logo\/image\/\",\"url\":\"https:\/\/www.lesportif.info\/wp-content\/uploads\/2023\/12\/cropped-logo-noel-removebg-preview.png\",\"contentUrl\":\"https:\/\/www.lesportif.info\/wp-content\/uploads\/2023\/12\/cropped-logo-noel-removebg-preview.png\",\"width\":482,\"height\":482,\"caption\":\"Lesportif\"},\"image\":{\"@id\":\"https:\/\/www.lesportif.info\/#\/schema\/logo\/image\/\"},\"sameAs\":[\"https:\/\/www.facebook.com\/lesportif.site\/\"]},{\"@type\":\"Person\",\"@id\":\"https:\/\/www.lesportif.info\/#\/schema\/person\/9fb130baca2fe63add53f6883be861f6\",\"name\":\"Herald TSONGA\",\"image\":{\"@type\":\"ImageObject\",\"inLanguage\":\"fr-FR\",\"@id\":\"https:\/\/www.lesportif.info\/#\/schema\/person\/image\/\",\"url\":\"https:\/\/secure.gravatar.com\/avatar\/60935db15e823d85d78a5812c3a0dbfed207f55705a4ed218eb6ee8271ca13b5?s=96&d=mm&r=g\",\"contentUrl\":\"https:\/\/secure.gravatar.com\/avatar\/60935db15e823d85d78a5812c3a0dbfed207f55705a4ed218eb6ee8271ca13b5?s=96&d=mm&r=g\",\"caption\":\"Herald TSONGA\"},\"url\":\"https:\/\/www.lesportif.info\/?author=10\"}]}<\/script>\n<!-- \/ Yoast SEO plugin. -->","yoast_head_json":{"title":"National-Foot : la saison de tous les d\u00e9fis ! - Lesportif","description":"Le championnat national gabonais, le National-Foot 1 et le National-Foot 2, s\u2019ouvre cet apr\u00e8s-midi \u00e0 Lambar\u00e9n\u00e9, marquant ainsi le retour du football professionnel apr\u00e8s plusieurs mois d\u2019attente.","robots":{"index":"index","follow":"follow","max-snippet":"max-snippet:-1","max-image-preview":"max-image-preview:large","max-video-preview":"max-video-preview:-1"},"canonical":"https:\/\/www.lesportif.info\/?p=103992","og_locale":"fr_FR","og_type":"article","og_title":"National-Foot : la saison de tous les d\u00e9fis ! - Lesportif","og_description":"Le championnat national gabonais, le National-Foot 1 et le National-Foot 2, s\u2019ouvre cet apr\u00e8s-midi \u00e0 Lambar\u00e9n\u00e9, marquant ainsi le retour du football professionnel apr\u00e8s plusieurs mois d\u2019attente.","og_url":"https:\/\/www.lesportif.info\/?p=103992","og_site_name":"Lesportif","article_publisher":"https:\/\/www.facebook.com\/lesportif.site\/","article_published_time":"2026-03-07T08:38:46+00:00","article_modified_time":"2026-03-07T08:39:22+00:00","og_image":[{"width":640,"height":415,"url":"https:\/\/www.lesportif.info\/wp-content\/uploads\/2026\/03\/Championnat-2-640x415-1.jpg","type":"image\/jpeg"}],"author":"Herald TSONGA","twitter_card":"summary_large_image","twitter_misc":{"\u00c9crit par":"Herald TSONGA","Dur\u00e9e de lecture estim\u00e9e":"4 minutes"},"schema":{"@context":"https:\/\/schema.org","@graph":[{"@type":"Article","@id":"https:\/\/www.lesportif.info\/?p=103992#article","isPartOf":{"@id":"https:\/\/www.lesportif.info\/?p=103992"},"author":{"name":"Herald TSONGA","@id":"https:\/\/www.lesportif.info\/#\/schema\/person\/9fb130baca2fe63add53f6883be861f6"},"headline":"National-Foot : la saison de tous les d\u00e9fis !","datePublished":"2026-03-07T08:38:46+00:00","dateModified":"2026-03-07T08:39:22+00:00","mainEntityOfPage":{"@id":"https:\/\/www.lesportif.info\/?p=103992"},"wordCount":413,"commentCount":0,"publisher":{"@id":"https:\/\/www.lesportif.info\/#organization"},"image":{"@id":"https:\/\/www.lesportif.info\/?p=103992#primaryimage"},"thumbnailUrl":"https:\/\/www.lesportif.info\/wp-content\/uploads\/2026\/03\/Championnat-2-640x415-1.jpg","articleSection":["A LA UNE","Gabon","NATIONAL FOOT 1"],"inLanguage":"fr-FR","potentialAction":[{"@type":"CommentAction","name":"Comment","target":["https:\/\/www.lesportif.info\/?p=103992#respond"]}]},{"@type":"WebPage","@id":"https:\/\/www.lesportif.info\/?p=103992","url":"https:\/\/www.lesportif.info\/?p=103992","name":"National-Foot : la saison de tous les d\u00e9fis ! - Lesportif","isPartOf":{"@id":"https:\/\/www.lesportif.info\/#website"},"primaryImageOfPage":{"@id":"https:\/\/www.lesportif.info\/?p=103992#primaryimage"},"image":{"@id":"https:\/\/www.lesportif.info\/?p=103992#primaryimage"},"thumbnailUrl":"https:\/\/www.lesportif.info\/wp-content\/uploads\/2026\/03\/Championnat-2-640x415-1.jpg","datePublished":"2026-03-07T08:38:46+00:00","dateModified":"2026-03-07T08:39:22+00:00","description":"Le championnat national gabonais, le National-Foot 1 et le National-Foot 2, s\u2019ouvre cet apr\u00e8s-midi \u00e0 Lambar\u00e9n\u00e9, marquant ainsi le retour du football professionnel apr\u00e8s plusieurs mois d\u2019attente.","breadcrumb":{"@id":"https:\/\/www.lesportif.info\/?p=103992#breadcrumb"},"inLanguage":"fr-FR","potentialAction":[{"@type":"ReadAction","target":["https:\/\/www.lesportif.info\/?p=103992"]}]},{"@type":"ImageObject","inLanguage":"fr-FR","@id":"https:\/\/www.lesportif.info\/?p=103992#primaryimage","url":"https:\/\/www.lesportif.info\/wp-content\/uploads\/2026\/03\/Championnat-2-640x415-1.jpg","contentUrl":"https:\/\/www.lesportif.info\/wp-content\/uploads\/2026\/03\/Championnat-2-640x415-1.jpg","width":640,"height":415},{"@type":"BreadcrumbList","@id":"https:\/\/www.lesportif.info\/?p=103992#breadcrumb","itemListElement":[{"@type":"ListItem","position":1,"name":"Accueil","item":"https:\/\/www.lesportif.info\/"},{"@type":"ListItem","position":2,"name":"National-Foot : la saison de tous les d\u00e9fis !"}]},{"@type":"WebSite","@id":"https:\/\/www.lesportif.info\/#website","url":"https:\/\/www.lesportif.info\/","name":"www.lesportif:info","description":"L&#039;information juste et v\u00e9rifi\u00e9e","publisher":{"@id":"https:\/\/www.lesportif.info\/#organization"},"alternateName":"Lesportif","potentialAction":[{"@type":"SearchAction","target":{"@type":"EntryPoint","urlTemplate":"https:\/\/www.lesportif.info\/?s={search_term_string}"},"query-input":{"@type":"PropertyValueSpecification","valueRequired":true,"valueName":"search_term_string"}}],"inLanguage":"fr-FR"},{"@type":"Organization","@id":"https:\/\/www.lesportif.info\/#organization","name":"Lesportif","alternateName":"Lesportif","url":"https:\/\/www.lesportif.info\/","logo":{"@type":"ImageObject","inLanguage":"fr-FR","@id":"https:\/\/www.lesportif.info\/#\/schema\/logo\/image\/","url":"https:\/\/www.lesportif.info\/wp-content\/uploads\/2023\/12\/cropped-logo-noel-removebg-preview.png","contentUrl":"https:\/\/www.lesportif.info\/wp-content\/uploads\/2023\/12\/cropped-logo-noel-removebg-preview.png","width":482,"height":482,"caption":"Lesportif"},"image":{"@id":"https:\/\/www.lesportif.info\/#\/schema\/logo\/image\/"},"sameAs":["https:\/\/www.facebook.com\/lesportif.site\/"]},{"@type":"Person","@id":"https:\/\/www.lesportif.info\/#\/schema\/person\/9fb130baca2fe63add53f6883be861f6","name":"Herald TSONGA","image":{"@type":"ImageObject","inLanguage":"fr-FR","@id":"https:\/\/www.lesportif.info\/#\/schema\/person\/image\/","url":"https:\/\/secure.gravatar.com\/avatar\/60935db15e823d85d78a5812c3a0dbfed207f55705a4ed218eb6ee8271ca13b5?s=96&d=mm&r=g","contentUrl":"https:\/\/secure.gravatar.com\/avatar\/60935db15e823d85d78a5812c3a0dbfed207f55705a4ed218eb6ee8271ca13b5?s=96&d=mm&r=g","caption":"Herald TSONGA"},"url":"https:\/\/www.lesportif.info\/?author=10"}]}},"uagb_featured_image_src":{"full":["https:\/\/www.lesportif.info\/wp-content\/uploads\/2026\/03\/Championnat-2-640x415-1.jpg",640,415,false],"thumbnail":["https:\/\/www.lesportif.info\/wp-content\/uploads\/2026\/03\/Championnat-2-640x415-1-150x150.jpg",150,150,true],"medium":["https:\/\/www.lesportif.info\/wp-content\/uploads\/2026\/03\/Championnat-2-640x415-1-300x195.jpg",300,195,true],"medium_large":["https:\/\/www.lesportif.info\/wp-content\/uploads\/2026\/03\/Championnat-2-640x415-1.jpg",640,415,false],"large":["https:\/\/www.lesportif.info\/wp-content\/uploads\/2026\/03\/Championnat-2-640x415-1.jpg",640,415,false],"1536x1536":["https:\/\/www.lesportif.info\/wp-content\/uploads\/2026\/03\/Championnat-2-640x415-1.jpg",640,415,false],"2048x2048":["https:\/\/www.lesportif.info\/wp-content\/uploads\/2026\/03\/Championnat-2-640x415-1.jpg",640,415,false],"sportspress-crop-medium":["https:\/\/www.lesportif.info\/wp-content\/uploads\/2026\/03\/Championnat-2-640x415-1-300x300.jpg",300,300,true],"sportspress-fit-medium":["https:\/\/www.lesportif.info\/wp-content\/uploads\/2026\/03\/Championnat-2-640x415-1-300x195.jpg",300,195,true],"sportspress-fit-icon":["https:\/\/www.lesportif.info\/wp-content\/uploads\/2026\/03\/Championnat-2-640x415-1-128x83.jpg",128,83,true],"sportspress-fit-mini":["https:\/\/www.lesportif.info\/wp-content\/uploads\/2026\/03\/Championnat-2-640x415-1-32x21.jpg",32,21,true],"ultp_layout_landscape_large":["https:\/\/www.lesportif.info\/wp-content\/uploads\/2026\/03\/Championnat-2-640x415-1.jpg",640,415,false],"ultp_layout_landscape":["https:\/\/www.lesportif.info\/wp-content\/uploads\/2026\/03\/Championnat-2-640x415-1.jpg",640,415,false],"ultp_layout_portrait":["https:\/\/www.lesportif.info\/wp-content\/uploads\/2026\/03\/Championnat-2-640x415-1-600x415.jpg",600,415,true],"ultp_layout_square":["https:\/\/www.lesportif.info\/wp-content\/uploads\/2026\/03\/Championnat-2-640x415-1-600x415.jpg",600,415,true]},"uagb_author_info":{"display_name":"Herald TSONGA","author_link":"https:\/\/www.lesportif.info\/?author=10"},"uagb_comment_info":1,"uagb_excerpt":"Le championnat national gabonais, le National-Foot 1 et le National-Foot 2, s\u2019ouvre cet apr\u00e8s-midi \u00e0 Lambar\u00e9n\u00e9, marquant ainsi le retour du football professionnel apr\u00e8s plusieurs mois d\u2019attente.","featured_image_urls":{"full":["https:\/\/www.lesportif.info\/wp-content\/uploads\/2026\/03\/Championnat-2-640x415-1.jpg",640,415,false],"thumbnail":["https:\/\/www.lesportif.info\/wp-content\/uploads\/2026\/03\/Championnat-2-640x415-1-150x150.jpg",150,150,true],"medium":["https:\/\/www.lesportif.info\/wp-content\/uploads\/2026\/03\/Championnat-2-640x415-1-300x195.jpg",300,195,true],"medium_large":["https:\/\/www.lesportif.info\/wp-content\/uploads\/2026\/03\/Championnat-2-640x415-1.jpg",640,415,false],"large":["https:\/\/www.lesportif.info\/wp-content\/uploads\/2026\/03\/Championnat-2-640x415-1.jpg",640,415,false],"1536x1536":["https:\/\/www.lesportif.info\/wp-content\/uploads\/2026\/03\/Championnat-2-640x415-1.jpg",640,415,false],"2048x2048":["https:\/\/www.lesportif.info\/wp-content\/uploads\/2026\/03\/Championnat-2-640x415-1.jpg",640,415,false],"sportspress-crop-medium":["https:\/\/www.lesportif.info\/wp-content\/uploads\/2026\/03\/Championnat-2-640x415-1-300x300.jpg",300,300,true],"sportspress-fit-medium":["https:\/\/www.lesportif.info\/wp-content\/uploads\/2026\/03\/Championnat-2-640x415-1-300x195.jpg",300,195,true],"sportspress-fit-icon":["https:\/\/www.lesportif.info\/wp-content\/uploads\/2026\/03\/Championnat-2-640x415-1-128x83.jpg",128,83,true],"sportspress-fit-mini":["https:\/\/www.lesportif.info\/wp-content\/uploads\/2026\/03\/Championnat-2-640x415-1-32x21.jpg",32,21,true],"ultp_layout_landscape_large":["https:\/\/www.lesportif.info\/wp-content\/uploads\/2026\/03\/Championnat-2-640x415-1.jpg",640,415,false],"ultp_layout_landscape":["https:\/\/www.lesportif.info\/wp-content\/uploads\/2026\/03\/Championnat-2-640x415-1.jpg",640,415,false],"ultp_layout_portrait":["https:\/\/www.lesportif.info\/wp-content\/uploads\/2026\/03\/Championnat-2-640x415-1-600x415.jpg",600,415,true],"ultp_layout_square":["https:\/\/www.lesportif.info\/wp-content\/uploads\/2026\/03\/Championnat-2-640x415-1-600x415.jpg",600,415,true]},"author_info":{"display_name":"Herald TSONGA","author_link":"https:\/\/www.lesportif.info\/?author=10"},"category_info":"<a href=\"https:\/\/www.lesportif.info\/?cat=75\" rel=\"category\">A LA UNE<\/a> <a href=\"https:\/\/www.lesportif.info\/?cat=4\" rel=\"category\">Gabon<\/a> <a href=\"https:\/\/www.lesportif.info\/?cat=95\" rel=\"category\">NATIONAL FOOT 1<\/a>","tag_info":"NATIONAL FOOT 1","comment_count":"0","rttpg_featured_image_url":{"full":["https:\/\/www.lesportif.info\/wp-content\/uploads\/2026\/03\/Championnat-2-640x415-1.jpg",640,415,false],"landscape":["https:\/\/www.lesportif.info\/wp-content\/uploads\/2026\/03\/Championnat-2-640x415-1.jpg",640,415,false],"portraits":["https:\/\/www.lesportif.info\/wp-content\/uploads\/2026\/03\/Championnat-2-640x415-1.jpg",640,415,false],"thumbnail":["https:\/\/www.lesportif.info\/wp-content\/uploads\/2026\/03\/Championnat-2-640x415-1-150x150.jpg",150,150,true],"medium":["https:\/\/www.lesportif.info\/wp-content\/uploads\/2026\/03\/Championnat-2-640x415-1-300x195.jpg",300,195,true],"large":["https:\/\/www.lesportif.info\/wp-content\/uploads\/2026\/03\/Championnat-2-640x415-1.jpg",640,415,false],"1536x1536":["https:\/\/www.lesportif.info\/wp-content\/uploads\/2026\/03\/Championnat-2-640x415-1.jpg",640,415,false],"2048x2048":["https:\/\/www.lesportif.info\/wp-content\/uploads\/2026\/03\/Championnat-2-640x415-1.jpg",640,415,false],"sportspress-crop-medium":["https:\/\/www.lesportif.info\/wp-content\/uploads\/2026\/03\/Championnat-2-640x415-1-300x300.jpg",300,300,true],"sportspress-fit-medium":["https:\/\/www.lesportif.info\/wp-content\/uploads\/2026\/03\/Championnat-2-640x415-1-300x195.jpg",300,195,true],"sportspress-fit-icon":["https:\/\/www.lesportif.info\/wp-content\/uploads\/2026\/03\/Championnat-2-640x415-1-128x83.jpg",128,83,true],"sportspress-fit-mini":["https:\/\/www.lesportif.info\/wp-content\/uploads\/2026\/03\/Championnat-2-640x415-1-32x21.jpg",32,21,true],"ultp_layout_landscape_large":["https:\/\/www.lesportif.info\/wp-content\/uploads\/2026\/03\/Championnat-2-640x415-1.jpg",640,415,false],"ultp_layout_landscape":["https:\/\/www.lesportif.info\/wp-content\/uploads\/2026\/03\/Championnat-2-640x415-1.jpg",640,415,false],"ultp_layout_portrait":["https:\/\/www.lesportif.info\/wp-content\/uploads\/2026\/03\/Championnat-2-640x415-1-600x415.jpg",600,415,true],"ultp_layout_square":["https:\/\/www.lesportif.info\/wp-content\/uploads\/2026\/03\/Championnat-2-640x415-1-600x415.jpg",600,415,true]},"rttpg_author":{"display_name":"Herald TSONGA","author_link":"https:\/\/www.lesportif.info\/?author=10"},"rttpg_comment":1,"rttpg_category":"<a href=\"https:\/\/www.lesportif.info\/?cat=75\" rel=\"category\">A LA UNE<\/a> <a href=\"https:\/\/www.lesportif.info\/?cat=4\" rel=\"category\">Gabon<\/a> <a href=\"https:\/\/www.lesportif.info\/?cat=95\" rel=\"category\">NATIONAL FOOT 1<\/a>","rttpg_excerpt":"Le championnat national gabonais, le National-Foot 1 et le National-Foot 2, s\u2019ouvre cet apr\u00e8s-midi \u00e0 Lambar\u00e9n\u00e9, marquant ainsi le retour du football professionnel apr\u00e8s plusieurs mois d\u2019attente.","_links":{"self":[{"href":"https:\/\/www.lesportif.info\/index.php?rest_route=\/wp\/v2\/posts\/103992","targetHints":{"allow":["GET"]}}],"collection":[{"href":"https:\/\/www.lesportif.info\/index.php?rest_route=\/wp\/v2\/posts"}],"about":[{"href":"https:\/\/www.lesportif.info\/index.php?rest_route=\/wp\/v2\/types\/post"}],"author":[{"embeddable":true,"href":"https:\/\/www.lesportif.info\/index.php?rest_route=\/wp\/v2\/users\/10"}],"replies":[{"embeddable":true,"href":"https:\/\/www.lesportif.info\/index.php?rest_route=%2Fwp%2Fv2%2Fcomments&post=103992"}],"version-history":[{"count":1,"href":"https:\/\/www.lesportif.info\/index.php?rest_route=\/wp\/v2\/posts\/103992\/revisions"}],"predecessor-version":[{"id":103995,"href":"https:\/\/www.lesportif.info\/index.php?rest_route=\/wp\/v2\/posts\/103992\/revisions\/103995"}],"wp:featuredmedia":[{"embeddable":true,"href":"https:\/\/www.lesportif.info\/index.php?rest_route=\/wp\/v2\/media\/103993"}],"wp:attachment":[{"href":"https:\/\/www.lesportif.info\/index.php?rest_route=%2Fwp%2Fv2%2Fmedia&parent=103992"}],"wp:term":[{"taxonomy":"category","embeddable":true,"href":"https:\/\/www.lesportif.info\/index.php?rest_route=%2Fwp%2Fv2%2Fcategories&post=103992"},{"taxonomy":"post_tag","embeddable":true,"href":"https:\/\/www.lesportif.info\/index.php?rest_route=%2Fwp%2Fv2%2Ftags&post=103992"}],"curies":[{"name":"wp","href":"https:\/\/api.w.org\/{rel}","templated":true}]}}