{"id":103982,"date":"2026-02-26T14:03:01","date_gmt":"2026-02-26T13:03:01","guid":{"rendered":"https:\/\/www.lesportif.info\/?p=103982"},"modified":"2026-02-26T14:03:04","modified_gmt":"2026-02-26T13:03:04","slug":"pantheres-a-antony-da-silva-favori","status":"publish","type":"post","link":"https:\/\/www.lesportif.info\/?p=103982","title":{"rendered":"Panth\u00e8res A : Antony Da Silva favori ?"},"content":{"rendered":"\n<p><strong>La F\u00e9d\u00e9ration gabonaise de football (F\u00e9gafoot) a transmis au ministre des Sports, Paul Ulrich Kessany, une liste restreinte de trois techniciens appel\u00e9s \u00e0 succ\u00e9der \u00e0 Thierry Mouyouma \u00e0 la t\u00eate des Panth\u00e8res du Gabon.<\/strong><\/p>\n\n\n\n<figure class=\"wp-block-image size-full is-resized\"><img fetchpriority=\"high\" decoding=\"async\" width=\"728\" height=\"90\" src=\"https:\/\/www.lesportif.info\/wp-content\/uploads\/2025\/11\/Votre-pub.png\" alt=\"\" class=\"wp-image-103507\" style=\"aspect-ratio:8.090119812467442;width:839px;height:auto\" srcset=\"https:\/\/www.lesportif.info\/wp-content\/uploads\/2025\/11\/Votre-pub.png 728w, https:\/\/www.lesportif.info\/wp-content\/uploads\/2025\/11\/Votre-pub-300x37.png 300w, https:\/\/www.lesportif.info\/wp-content\/uploads\/2025\/11\/Votre-pub-128x16.png 128w, https:\/\/www.lesportif.info\/wp-content\/uploads\/2025\/11\/Votre-pub-32x4.png 32w\" sizes=\"(max-width: 728px) 100vw, 728px\" \/><\/figure>\n\n\n\n<figure class=\"wp-block-image size-full is-resized\"><img decoding=\"async\" width=\"800\" height=\"533\" src=\"https:\/\/www.lesportif.info\/wp-content\/uploads\/2026\/02\/commission-fegafoot-Gabon-LUnion.jpg\" alt=\"\" class=\"wp-image-103966\" style=\"aspect-ratio:1.500982087889537;width:840px;height:auto\" srcset=\"https:\/\/www.lesportif.info\/wp-content\/uploads\/2026\/02\/commission-fegafoot-Gabon-LUnion.jpg 800w, https:\/\/www.lesportif.info\/wp-content\/uploads\/2026\/02\/commission-fegafoot-Gabon-LUnion-300x200.jpg 300w, https:\/\/www.lesportif.info\/wp-content\/uploads\/2026\/02\/commission-fegafoot-Gabon-LUnion-768x512.jpg 768w, https:\/\/www.lesportif.info\/wp-content\/uploads\/2026\/02\/commission-fegafoot-Gabon-LUnion-128x85.jpg 128w, https:\/\/www.lesportif.info\/wp-content\/uploads\/2026\/02\/commission-fegafoot-Gabon-LUnion-32x21.jpg 32w\" sizes=\"(max-width: 800px) 100vw, 800px\" \/><\/figure>\n\n\n\n<p>Cette \u00e9tape intervient \u00e0 l\u2019issue d\u2019un appel d\u2019offres lanc\u00e9 pour le recrutement d\u2019un nouveau s\u00e9lectionneur, apr\u00e8s l\u2019\u00e9chec de la s\u00e9lection gabonaise lors de la 35e \u00e9dition de la Coupe d\u2019Afrique des Nations, Maroc 2025.<\/p>\n\n\n\n<h2 class=\"wp-block-heading\">Trois profils en lice<\/h2>\n\n\n\n<p>Les candidats retenus par la F\u00e9gafoot sont :<\/p>\n\n\n\n<ul class=\"wp-block-list\">\n<li>Antony Da Silva (franco-portugais)<\/li>\n\n\n\n<li>Landry Chauvin (fran\u00e7ais)<\/li>\n\n\n\n<li>Luis Boa Morte (portugais)<\/li>\n<\/ul>\n\n\n\n<p>Leurs noms ont \u00e9t\u00e9 officiellement communiqu\u00e9s au ministre des Sports, qui aura la responsabilit\u00e9 de trancher et de d\u00e9signer le futur patron du banc des Panth\u00e8res A.<\/p>\n\n\n\n<figure class=\"wp-block-image size-full is-resized\"><img decoding=\"async\" width=\"728\" height=\"90\" src=\"https:\/\/www.lesportif.info\/wp-content\/uploads\/2025\/11\/167307_3550548934_bb7211d682c22735d0a2e8bcb4d26238-1.png\" alt=\"\" class=\"wp-image-103521\" style=\"aspect-ratio:8.090119812467442;width:838px;height:auto\" srcset=\"https:\/\/www.lesportif.info\/wp-content\/uploads\/2025\/11\/167307_3550548934_bb7211d682c22735d0a2e8bcb4d26238-1.png 728w, https:\/\/www.lesportif.info\/wp-content\/uploads\/2025\/11\/167307_3550548934_bb7211d682c22735d0a2e8bcb4d26238-1-300x37.png 300w, https:\/\/www.lesportif.info\/wp-content\/uploads\/2025\/11\/167307_3550548934_bb7211d682c22735d0a2e8bcb4d26238-1-128x16.png 128w, https:\/\/www.lesportif.info\/wp-content\/uploads\/2025\/11\/167307_3550548934_bb7211d682c22735d0a2e8bcb4d26238-1-32x4.png 32w\" sizes=\"(max-width: 728px) 100vw, 728px\" \/><\/figure>\n\n\n\n<h2 class=\"wp-block-heading\">Antony Da Silva en pole position ?<\/h2>\n\n\n\n<p>Parmi les trois dossiers examin\u00e9s, celui d\u2019Antony Da Silva semble tenir la corde. \u00c2g\u00e9 de 43 ans, l\u2019ancien joueur professionnel form\u00e9 au Paris Saint-Germain est entra\u00eeneur depuis 2015 et titulaire de la licence UEFA Pro.<\/p>\n\n\n\n<p>Fort de seize ann\u00e9es de carri\u00e8re en tant que joueur, il a \u00e9volu\u00e9 dans sept clubs de premi\u00e8re division au Portugal et a \u00e9galement port\u00e9 les couleurs du CFR Cluj, en Roumanie, entre 2006 et 2010. En 2022, il occupait le poste de s\u00e9lectionneur adjoint aux c\u00f4t\u00e9s de Concei\u00e7\u00e3o avec l\u2019\u00e9quipe nationale du Cameroun.<\/p>\n\n\n\n<p>Selon nos informations, sa prestation lors des auditions devant la commission technique aurait particuli\u00e8rement convaincu. Sa connaissance du paysage footballistique gabonais, la structuration de son projet sportif ainsi que ses propositions salariales, jug\u00e9es raisonnables, auraient jou\u00e9 en sa faveur.<\/p>\n\n\n\n<figure class=\"wp-block-image size-full is-resized\"><img loading=\"lazy\" decoding=\"async\" width=\"728\" height=\"90\" src=\"https:\/\/www.lesportif.info\/wp-content\/uploads\/2025\/10\/WhatsApp-Image-2025-10-10-a-15.05.44_42d8126a.jpg\" alt=\"\" class=\"wp-image-103265\" style=\"aspect-ratio:8.090119812467442;width:840px;height:auto\" srcset=\"https:\/\/www.lesportif.info\/wp-content\/uploads\/2025\/10\/WhatsApp-Image-2025-10-10-a-15.05.44_42d8126a.jpg 728w, https:\/\/www.lesportif.info\/wp-content\/uploads\/2025\/10\/WhatsApp-Image-2025-10-10-a-15.05.44_42d8126a-300x37.jpg 300w, https:\/\/www.lesportif.info\/wp-content\/uploads\/2025\/10\/WhatsApp-Image-2025-10-10-a-15.05.44_42d8126a-128x16.jpg 128w, https:\/\/www.lesportif.info\/wp-content\/uploads\/2025\/10\/WhatsApp-Image-2025-10-10-a-15.05.44_42d8126a-32x4.jpg 32w\" sizes=\"(max-width: 728px) 100vw, 728px\" \/><\/figure>\n\n\n\n<h2 class=\"wp-block-heading\">D\u00e9cision imminente<\/h2>\n\n\n\n<p>Si aucune d\u00e9cision officielle n\u2019a encore \u00e9t\u00e9 annonc\u00e9e, le calendrier sportif impose un choix rapide. \u00c0 l\u2019approche des prochaines \u00e9ch\u00e9ances internationales, la nomination du nouveau s\u00e9lectionneur est attendue dans les tout prochains jours.<\/p>\n\n\n\n<figure class=\"wp-block-image size-large\"><img loading=\"lazy\" decoding=\"async\" width=\"1024\" height=\"796\" src=\"https:\/\/www.lesportif.info\/wp-content\/uploads\/2025\/10\/WhatsApp-Image-2025-10-11-a-12.12.10_8f62f793-1024x796.jpg\" alt=\"\" class=\"wp-image-103289\" srcset=\"https:\/\/www.lesportif.info\/wp-content\/uploads\/2025\/10\/WhatsApp-Image-2025-10-11-a-12.12.10_8f62f793-1024x796.jpg 1024w, https:\/\/www.lesportif.info\/wp-content\/uploads\/2025\/10\/WhatsApp-Image-2025-10-11-a-12.12.10_8f62f793-300x233.jpg 300w, https:\/\/www.lesportif.info\/wp-content\/uploads\/2025\/10\/WhatsApp-Image-2025-10-11-a-12.12.10_8f62f793-768x597.jpg 768w, https:\/\/www.lesportif.info\/wp-content\/uploads\/2025\/10\/WhatsApp-Image-2025-10-11-a-12.12.10_8f62f793-128x100.jpg 128w, https:\/\/www.lesportif.info\/wp-content\/uploads\/2025\/10\/WhatsApp-Image-2025-10-11-a-12.12.10_8f62f793-32x25.jpg 32w, https:\/\/www.lesportif.info\/wp-content\/uploads\/2025\/10\/WhatsApp-Image-2025-10-11-a-12.12.10_8f62f793.jpg 1280w\" sizes=\"(max-width: 1024px) 100vw, 1024px\" \/><\/figure>\n\n\n\n<p>Reste d\u00e9sormais au membre du gouvernement de trancher et d\u2019acter le nom de celui qui aura la lourde responsabilit\u00e9 de relancer les Panth\u00e8res du Gabon.<\/p>\n","protected":false},"excerpt":{"rendered":"<p>La F\u00e9d\u00e9ration gabonaise de football (F\u00e9gafoot) a transmis au ministre des Sports, Paul Ulrich Kessany, une liste restreinte de trois techniciens appel\u00e9s \u00e0 succ\u00e9der \u00e0 Thierry Mouyouma \u00e0 la t\u00eate des Panth\u00e8res du Gabon.<\/p>\n","protected":false},"author":12,"featured_media":103983,"comment_status":"open","ping_status":"open","sticky":false,"template":"","format":"standard","meta":{"_uag_custom_page_level_css":"","footnotes":""},"categories":[75,93,28,4],"tags":[],"class_list":["post-103982","post","type-post","status-publish","format-standard","has-post-thumbnail","hentry","category-a-la-une","category-fegafoot","category-football","category-gabon"],"yoast_head":"<!-- This site is optimized with the Yoast SEO plugin v26.6 - https:\/\/yoast.com\/wordpress\/plugins\/seo\/ -->\n<title>Panth\u00e8res A : Antony Da Silva favori ? - Lesportif<\/title>\n<meta name=\"description\" content=\"La F\u00e9d\u00e9ration gabonaise de football (F\u00e9gafoot) a transmis au ministre des Sports, Paul Ulrich Kessany, une liste restreinte de trois techniciens appel\u00e9s \u00e0 succ\u00e9der \u00e0 Thierry Mouyouma \u00e0 la t\u00eate des Panth\u00e8res du Gabon.\" \/>\n<meta name=\"robots\" content=\"index, follow, max-snippet:-1, max-image-preview:large, max-video-preview:-1\" \/>\n<link rel=\"canonical\" href=\"https:\/\/www.lesportif.info\/?p=103982\" \/>\n<meta property=\"og:locale\" content=\"fr_FR\" \/>\n<meta property=\"og:type\" content=\"article\" \/>\n<meta property=\"og:title\" content=\"Panth\u00e8res A : Antony Da Silva favori ? - Lesportif\" \/>\n<meta property=\"og:description\" content=\"La F\u00e9d\u00e9ration gabonaise de football (F\u00e9gafoot) a transmis au ministre des Sports, Paul Ulrich Kessany, une liste restreinte de trois techniciens appel\u00e9s \u00e0 succ\u00e9der \u00e0 Thierry Mouyouma \u00e0 la t\u00eate des Panth\u00e8res du Gabon.\" \/>\n<meta property=\"og:url\" content=\"https:\/\/www.lesportif.info\/?p=103982\" \/>\n<meta property=\"og:site_name\" content=\"Lesportif\" \/>\n<meta property=\"article:publisher\" content=\"https:\/\/www.facebook.com\/lesportif.site\/\" \/>\n<meta property=\"article:published_time\" content=\"2026-02-26T13:03:01+00:00\" \/>\n<meta property=\"article:modified_time\" content=\"2026-02-26T13:03:04+00:00\" \/>\n<meta property=\"og:image\" content=\"https:\/\/www.lesportif.info\/wp-content\/uploads\/2026\/02\/Pierre-Alain.webp\" \/>\n\t<meta property=\"og:image:width\" content=\"800\" \/>\n\t<meta property=\"og:image:height\" content=\"533\" \/>\n\t<meta property=\"og:image:type\" content=\"image\/webp\" \/>\n<meta name=\"author\" content=\"Claude Mbadinga MOMBO\" \/>\n<meta name=\"twitter:card\" content=\"summary_large_image\" \/>\n<meta name=\"twitter:label1\" content=\"\u00c9crit par\" \/>\n\t<meta name=\"twitter:data1\" content=\"Claude Mbadinga MOMBO\" \/>\n\t<meta name=\"twitter:label2\" content=\"Dur\u00e9e de lecture estim\u00e9e\" \/>\n\t<meta name=\"twitter:data2\" content=\"3 minutes\" \/>\n<script type=\"application\/ld+json\" class=\"yoast-schema-graph\">{\"@context\":\"https:\/\/schema.org\",\"@graph\":[{\"@type\":\"Article\",\"@id\":\"https:\/\/www.lesportif.info\/?p=103982#article\",\"isPartOf\":{\"@id\":\"https:\/\/www.lesportif.info\/?p=103982\"},\"author\":{\"name\":\"Claude Mbadinga MOMBO\",\"@id\":\"https:\/\/www.lesportif.info\/#\/schema\/person\/8352bb06f8997a7ea0255c21b9c05b1b\"},\"headline\":\"Panth\u00e8res A : Antony Da Silva favori ?\",\"datePublished\":\"2026-02-26T13:03:01+00:00\",\"dateModified\":\"2026-02-26T13:03:04+00:00\",\"mainEntityOfPage\":{\"@id\":\"https:\/\/www.lesportif.info\/?p=103982\"},\"wordCount\":352,\"commentCount\":0,\"publisher\":{\"@id\":\"https:\/\/www.lesportif.info\/#organization\"},\"image\":{\"@id\":\"https:\/\/www.lesportif.info\/?p=103982#primaryimage\"},\"thumbnailUrl\":\"https:\/\/www.lesportif.info\/wp-content\/uploads\/2026\/02\/Pierre-Alain.webp\",\"articleSection\":[\"A LA UNE\",\"FEGAFOOT\",\"FOOTBALL\",\"Gabon\"],\"inLanguage\":\"fr-FR\",\"potentialAction\":[{\"@type\":\"CommentAction\",\"name\":\"Comment\",\"target\":[\"https:\/\/www.lesportif.info\/?p=103982#respond\"]}]},{\"@type\":\"WebPage\",\"@id\":\"https:\/\/www.lesportif.info\/?p=103982\",\"url\":\"https:\/\/www.lesportif.info\/?p=103982\",\"name\":\"Panth\u00e8res A : Antony Da Silva favori ? - Lesportif\",\"isPartOf\":{\"@id\":\"https:\/\/www.lesportif.info\/#website\"},\"primaryImageOfPage\":{\"@id\":\"https:\/\/www.lesportif.info\/?p=103982#primaryimage\"},\"image\":{\"@id\":\"https:\/\/www.lesportif.info\/?p=103982#primaryimage\"},\"thumbnailUrl\":\"https:\/\/www.lesportif.info\/wp-content\/uploads\/2026\/02\/Pierre-Alain.webp\",\"datePublished\":\"2026-02-26T13:03:01+00:00\",\"dateModified\":\"2026-02-26T13:03:04+00:00\",\"description\":\"La F\u00e9d\u00e9ration gabonaise de football (F\u00e9gafoot) a transmis au ministre des Sports, Paul Ulrich Kessany, une liste restreinte de trois techniciens appel\u00e9s \u00e0 succ\u00e9der \u00e0 Thierry Mouyouma \u00e0 la t\u00eate des Panth\u00e8res du Gabon.\",\"breadcrumb\":{\"@id\":\"https:\/\/www.lesportif.info\/?p=103982#breadcrumb\"},\"inLanguage\":\"fr-FR\",\"potentialAction\":[{\"@type\":\"ReadAction\",\"target\":[\"https:\/\/www.lesportif.info\/?p=103982\"]}]},{\"@type\":\"ImageObject\",\"inLanguage\":\"fr-FR\",\"@id\":\"https:\/\/www.lesportif.info\/?p=103982#primaryimage\",\"url\":\"https:\/\/www.lesportif.info\/wp-content\/uploads\/2026\/02\/Pierre-Alain.webp\",\"contentUrl\":\"https:\/\/www.lesportif.info\/wp-content\/uploads\/2026\/02\/Pierre-Alain.webp\",\"width\":800,\"height\":533},{\"@type\":\"BreadcrumbList\",\"@id\":\"https:\/\/www.lesportif.info\/?p=103982#breadcrumb\",\"itemListElement\":[{\"@type\":\"ListItem\",\"position\":1,\"name\":\"Accueil\",\"item\":\"https:\/\/www.lesportif.info\/\"},{\"@type\":\"ListItem\",\"position\":2,\"name\":\"Panth\u00e8res A : Antony Da Silva favori ?\"}]},{\"@type\":\"WebSite\",\"@id\":\"https:\/\/www.lesportif.info\/#website\",\"url\":\"https:\/\/www.lesportif.info\/\",\"name\":\"www.lesportif:info\",\"description\":\"L&#039;information juste et v\u00e9rifi\u00e9e\",\"publisher\":{\"@id\":\"https:\/\/www.lesportif.info\/#organization\"},\"alternateName\":\"Lesportif\",\"potentialAction\":[{\"@type\":\"SearchAction\",\"target\":{\"@type\":\"EntryPoint\",\"urlTemplate\":\"https:\/\/www.lesportif.info\/?s={search_term_string}\"},\"query-input\":{\"@type\":\"PropertyValueSpecification\",\"valueRequired\":true,\"valueName\":\"search_term_string\"}}],\"inLanguage\":\"fr-FR\"},{\"@type\":\"Organization\",\"@id\":\"https:\/\/www.lesportif.info\/#organization\",\"name\":\"Lesportif\",\"alternateName\":\"Lesportif\",\"url\":\"https:\/\/www.lesportif.info\/\",\"logo\":{\"@type\":\"ImageObject\",\"inLanguage\":\"fr-FR\",\"@id\":\"https:\/\/www.lesportif.info\/#\/schema\/logo\/image\/\",\"url\":\"https:\/\/www.lesportif.info\/wp-content\/uploads\/2023\/12\/cropped-logo-noel-removebg-preview.png\",\"contentUrl\":\"https:\/\/www.lesportif.info\/wp-content\/uploads\/2023\/12\/cropped-logo-noel-removebg-preview.png\",\"width\":482,\"height\":482,\"caption\":\"Lesportif\"},\"image\":{\"@id\":\"https:\/\/www.lesportif.info\/#\/schema\/logo\/image\/\"},\"sameAs\":[\"https:\/\/www.facebook.com\/lesportif.site\/\"]},{\"@type\":\"Person\",\"@id\":\"https:\/\/www.lesportif.info\/#\/schema\/person\/8352bb06f8997a7ea0255c21b9c05b1b\",\"name\":\"Claude Mbadinga MOMBO\",\"image\":{\"@type\":\"ImageObject\",\"inLanguage\":\"fr-FR\",\"@id\":\"https:\/\/www.lesportif.info\/#\/schema\/person\/image\/\",\"url\":\"https:\/\/secure.gravatar.com\/avatar\/ad879f46115567a7fd0310b5e57d8d520a9cc56a98eed65794fac0baa064cc1c?s=96&d=mm&r=g\",\"contentUrl\":\"https:\/\/secure.gravatar.com\/avatar\/ad879f46115567a7fd0310b5e57d8d520a9cc56a98eed65794fac0baa064cc1c?s=96&d=mm&r=g\",\"caption\":\"Claude Mbadinga MOMBO\"},\"url\":\"https:\/\/www.lesportif.info\/?author=12\"}]}<\/script>\n<!-- \/ Yoast SEO plugin. -->","yoast_head_json":{"title":"Panth\u00e8res A : Antony Da Silva favori ? - Lesportif","description":"La F\u00e9d\u00e9ration gabonaise de football (F\u00e9gafoot) a transmis au ministre des Sports, Paul Ulrich Kessany, une liste restreinte de trois techniciens appel\u00e9s \u00e0 succ\u00e9der \u00e0 Thierry Mouyouma \u00e0 la t\u00eate des Panth\u00e8res du Gabon.","robots":{"index":"index","follow":"follow","max-snippet":"max-snippet:-1","max-image-preview":"max-image-preview:large","max-video-preview":"max-video-preview:-1"},"canonical":"https:\/\/www.lesportif.info\/?p=103982","og_locale":"fr_FR","og_type":"article","og_title":"Panth\u00e8res A : Antony Da Silva favori ? - Lesportif","og_description":"La F\u00e9d\u00e9ration gabonaise de football (F\u00e9gafoot) a transmis au ministre des Sports, Paul Ulrich Kessany, une liste restreinte de trois techniciens appel\u00e9s \u00e0 succ\u00e9der \u00e0 Thierry Mouyouma \u00e0 la t\u00eate des Panth\u00e8res du Gabon.","og_url":"https:\/\/www.lesportif.info\/?p=103982","og_site_name":"Lesportif","article_publisher":"https:\/\/www.facebook.com\/lesportif.site\/","article_published_time":"2026-02-26T13:03:01+00:00","article_modified_time":"2026-02-26T13:03:04+00:00","og_image":[{"width":800,"height":533,"url":"https:\/\/www.lesportif.info\/wp-content\/uploads\/2026\/02\/Pierre-Alain.webp","type":"image\/webp"}],"author":"Claude Mbadinga MOMBO","twitter_card":"summary_large_image","twitter_misc":{"\u00c9crit par":"Claude Mbadinga MOMBO","Dur\u00e9e de lecture estim\u00e9e":"3 minutes"},"schema":{"@context":"https:\/\/schema.org","@graph":[{"@type":"Article","@id":"https:\/\/www.lesportif.info\/?p=103982#article","isPartOf":{"@id":"https:\/\/www.lesportif.info\/?p=103982"},"author":{"name":"Claude Mbadinga MOMBO","@id":"https:\/\/www.lesportif.info\/#\/schema\/person\/8352bb06f8997a7ea0255c21b9c05b1b"},"headline":"Panth\u00e8res A : Antony Da Silva favori ?","datePublished":"2026-02-26T13:03:01+00:00","dateModified":"2026-02-26T13:03:04+00:00","mainEntityOfPage":{"@id":"https:\/\/www.lesportif.info\/?p=103982"},"wordCount":352,"commentCount":0,"publisher":{"@id":"https:\/\/www.lesportif.info\/#organization"},"image":{"@id":"https:\/\/www.lesportif.info\/?p=103982#primaryimage"},"thumbnailUrl":"https:\/\/www.lesportif.info\/wp-content\/uploads\/2026\/02\/Pierre-Alain.webp","articleSection":["A LA UNE","FEGAFOOT","FOOTBALL","Gabon"],"inLanguage":"fr-FR","potentialAction":[{"@type":"CommentAction","name":"Comment","target":["https:\/\/www.lesportif.info\/?p=103982#respond"]}]},{"@type":"WebPage","@id":"https:\/\/www.lesportif.info\/?p=103982","url":"https:\/\/www.lesportif.info\/?p=103982","name":"Panth\u00e8res A : Antony Da Silva favori ? - Lesportif","isPartOf":{"@id":"https:\/\/www.lesportif.info\/#website"},"primaryImageOfPage":{"@id":"https:\/\/www.lesportif.info\/?p=103982#primaryimage"},"image":{"@id":"https:\/\/www.lesportif.info\/?p=103982#primaryimage"},"thumbnailUrl":"https:\/\/www.lesportif.info\/wp-content\/uploads\/2026\/02\/Pierre-Alain.webp","datePublished":"2026-02-26T13:03:01+00:00","dateModified":"2026-02-26T13:03:04+00:00","description":"La F\u00e9d\u00e9ration gabonaise de football (F\u00e9gafoot) a transmis au ministre des Sports, Paul Ulrich Kessany, une liste restreinte de trois techniciens appel\u00e9s \u00e0 succ\u00e9der \u00e0 Thierry Mouyouma \u00e0 la t\u00eate des Panth\u00e8res du Gabon.","breadcrumb":{"@id":"https:\/\/www.lesportif.info\/?p=103982#breadcrumb"},"inLanguage":"fr-FR","potentialAction":[{"@type":"ReadAction","target":["https:\/\/www.lesportif.info\/?p=103982"]}]},{"@type":"ImageObject","inLanguage":"fr-FR","@id":"https:\/\/www.lesportif.info\/?p=103982#primaryimage","url":"https:\/\/www.lesportif.info\/wp-content\/uploads\/2026\/02\/Pierre-Alain.webp","contentUrl":"https:\/\/www.lesportif.info\/wp-content\/uploads\/2026\/02\/Pierre-Alain.webp","width":800,"height":533},{"@type":"BreadcrumbList","@id":"https:\/\/www.lesportif.info\/?p=103982#breadcrumb","itemListElement":[{"@type":"ListItem","position":1,"name":"Accueil","item":"https:\/\/www.lesportif.info\/"},{"@type":"ListItem","position":2,"name":"Panth\u00e8res A : Antony Da Silva favori ?"}]},{"@type":"WebSite","@id":"https:\/\/www.lesportif.info\/#website","url":"https:\/\/www.lesportif.info\/","name":"www.lesportif:info","description":"L&#039;information juste et v\u00e9rifi\u00e9e","publisher":{"@id":"https:\/\/www.lesportif.info\/#organization"},"alternateName":"Lesportif","potentialAction":[{"@type":"SearchAction","target":{"@type":"EntryPoint","urlTemplate":"https:\/\/www.lesportif.info\/?s={search_term_string}"},"query-input":{"@type":"PropertyValueSpecification","valueRequired":true,"valueName":"search_term_string"}}],"inLanguage":"fr-FR"},{"@type":"Organization","@id":"https:\/\/www.lesportif.info\/#organization","name":"Lesportif","alternateName":"Lesportif","url":"https:\/\/www.lesportif.info\/","logo":{"@type":"ImageObject","inLanguage":"fr-FR","@id":"https:\/\/www.lesportif.info\/#\/schema\/logo\/image\/","url":"https:\/\/www.lesportif.info\/wp-content\/uploads\/2023\/12\/cropped-logo-noel-removebg-preview.png","contentUrl":"https:\/\/www.lesportif.info\/wp-content\/uploads\/2023\/12\/cropped-logo-noel-removebg-preview.png","width":482,"height":482,"caption":"Lesportif"},"image":{"@id":"https:\/\/www.lesportif.info\/#\/schema\/logo\/image\/"},"sameAs":["https:\/\/www.facebook.com\/lesportif.site\/"]},{"@type":"Person","@id":"https:\/\/www.lesportif.info\/#\/schema\/person\/8352bb06f8997a7ea0255c21b9c05b1b","name":"Claude Mbadinga MOMBO","image":{"@type":"ImageObject","inLanguage":"fr-FR","@id":"https:\/\/www.lesportif.info\/#\/schema\/person\/image\/","url":"https:\/\/secure.gravatar.com\/avatar\/ad879f46115567a7fd0310b5e57d8d520a9cc56a98eed65794fac0baa064cc1c?s=96&d=mm&r=g","contentUrl":"https:\/\/secure.gravatar.com\/avatar\/ad879f46115567a7fd0310b5e57d8d520a9cc56a98eed65794fac0baa064cc1c?s=96&d=mm&r=g","caption":"Claude Mbadinga MOMBO"},"url":"https:\/\/www.lesportif.info\/?author=12"}]}},"uagb_featured_image_src":{"full":["https:\/\/www.lesportif.info\/wp-content\/uploads\/2026\/02\/Pierre-Alain.webp",800,533,false],"thumbnail":["https:\/\/www.lesportif.info\/wp-content\/uploads\/2026\/02\/Pierre-Alain-150x150.webp",150,150,true],"medium":["https:\/\/www.lesportif.info\/wp-content\/uploads\/2026\/02\/Pierre-Alain-300x200.webp",300,200,true],"medium_large":["https:\/\/www.lesportif.info\/wp-content\/uploads\/2026\/02\/Pierre-Alain-768x512.webp",650,433,true],"large":["https:\/\/www.lesportif.info\/wp-content\/uploads\/2026\/02\/Pierre-Alain.webp",650,433,false],"1536x1536":["https:\/\/www.lesportif.info\/wp-content\/uploads\/2026\/02\/Pierre-Alain.webp",800,533,false],"2048x2048":["https:\/\/www.lesportif.info\/wp-content\/uploads\/2026\/02\/Pierre-Alain.webp",800,533,false],"sportspress-crop-medium":["https:\/\/www.lesportif.info\/wp-content\/uploads\/2026\/02\/Pierre-Alain-300x300.webp",300,300,true],"sportspress-fit-medium":["https:\/\/www.lesportif.info\/wp-content\/uploads\/2026\/02\/Pierre-Alain-300x200.webp",300,200,true],"sportspress-fit-icon":["https:\/\/www.lesportif.info\/wp-content\/uploads\/2026\/02\/Pierre-Alain-128x85.webp",128,85,true],"sportspress-fit-mini":["https:\/\/www.lesportif.info\/wp-content\/uploads\/2026\/02\/Pierre-Alain-32x21.webp",32,21,true],"ultp_layout_landscape_large":["https:\/\/www.lesportif.info\/wp-content\/uploads\/2026\/02\/Pierre-Alain.webp",800,533,false],"ultp_layout_landscape":["https:\/\/www.lesportif.info\/wp-content\/uploads\/2026\/02\/Pierre-Alain.webp",800,533,false],"ultp_layout_portrait":["https:\/\/www.lesportif.info\/wp-content\/uploads\/2026\/02\/Pierre-Alain-600x533.webp",600,533,true],"ultp_layout_square":["https:\/\/www.lesportif.info\/wp-content\/uploads\/2026\/02\/Pierre-Alain-600x533.webp",600,533,true]},"uagb_author_info":{"display_name":"Claude Mbadinga MOMBO","author_link":"https:\/\/www.lesportif.info\/?author=12"},"uagb_comment_info":0,"uagb_excerpt":"La F\u00e9d\u00e9ration gabonaise de football (F\u00e9gafoot) a transmis au ministre des Sports, Paul Ulrich Kessany, une liste restreinte de trois techniciens appel\u00e9s \u00e0 succ\u00e9der \u00e0 Thierry Mouyouma \u00e0 la t\u00eate des Panth\u00e8res du Gabon.","featured_image_urls":{"full":["https:\/\/www.lesportif.info\/wp-content\/uploads\/2026\/02\/Pierre-Alain.webp",800,533,false],"thumbnail":["https:\/\/www.lesportif.info\/wp-content\/uploads\/2026\/02\/Pierre-Alain-150x150.webp",150,150,true],"medium":["https:\/\/www.lesportif.info\/wp-content\/uploads\/2026\/02\/Pierre-Alain-300x200.webp",300,200,true],"medium_large":["https:\/\/www.lesportif.info\/wp-content\/uploads\/2026\/02\/Pierre-Alain-768x512.webp",650,433,true],"large":["https:\/\/www.lesportif.info\/wp-content\/uploads\/2026\/02\/Pierre-Alain.webp",650,433,false],"1536x1536":["https:\/\/www.lesportif.info\/wp-content\/uploads\/2026\/02\/Pierre-Alain.webp",800,533,false],"2048x2048":["https:\/\/www.lesportif.info\/wp-content\/uploads\/2026\/02\/Pierre-Alain.webp",800,533,false],"sportspress-crop-medium":["https:\/\/www.lesportif.info\/wp-content\/uploads\/2026\/02\/Pierre-Alain-300x300.webp",300,300,true],"sportspress-fit-medium":["https:\/\/www.lesportif.info\/wp-content\/uploads\/2026\/02\/Pierre-Alain-300x200.webp",300,200,true],"sportspress-fit-icon":["https:\/\/www.lesportif.info\/wp-content\/uploads\/2026\/02\/Pierre-Alain-128x85.webp",128,85,true],"sportspress-fit-mini":["https:\/\/www.lesportif.info\/wp-content\/uploads\/2026\/02\/Pierre-Alain-32x21.webp",32,21,true],"ultp_layout_landscape_large":["https:\/\/www.lesportif.info\/wp-content\/uploads\/2026\/02\/Pierre-Alain.webp",800,533,false],"ultp_layout_landscape":["https:\/\/www.lesportif.info\/wp-content\/uploads\/2026\/02\/Pierre-Alain.webp",800,533,false],"ultp_layout_portrait":["https:\/\/www.lesportif.info\/wp-content\/uploads\/2026\/02\/Pierre-Alain-600x533.webp",600,533,true],"ultp_layout_square":["https:\/\/www.lesportif.info\/wp-content\/uploads\/2026\/02\/Pierre-Alain-600x533.webp",600,533,true]},"author_info":{"display_name":"Claude Mbadinga MOMBO","author_link":"https:\/\/www.lesportif.info\/?author=12"},"category_info":"<a href=\"https:\/\/www.lesportif.info\/?cat=75\" rel=\"category\">A LA UNE<\/a> <a href=\"https:\/\/www.lesportif.info\/?cat=93\" rel=\"category\">FEGAFOOT<\/a> <a href=\"https:\/\/www.lesportif.info\/?cat=28\" rel=\"category\">FOOTBALL<\/a> <a href=\"https:\/\/www.lesportif.info\/?cat=4\" rel=\"category\">Gabon<\/a>","tag_info":"Gabon","comment_count":"0","rttpg_featured_image_url":{"full":["https:\/\/www.lesportif.info\/wp-content\/uploads\/2026\/02\/Pierre-Alain.webp",800,533,false],"landscape":["https:\/\/www.lesportif.info\/wp-content\/uploads\/2026\/02\/Pierre-Alain.webp",800,533,false],"portraits":["https:\/\/www.lesportif.info\/wp-content\/uploads\/2026\/02\/Pierre-Alain.webp",800,533,false],"thumbnail":["https:\/\/www.lesportif.info\/wp-content\/uploads\/2026\/02\/Pierre-Alain-150x150.webp",150,150,true],"medium":["https:\/\/www.lesportif.info\/wp-content\/uploads\/2026\/02\/Pierre-Alain-300x200.webp",300,200,true],"large":["https:\/\/www.lesportif.info\/wp-content\/uploads\/2026\/02\/Pierre-Alain.webp",650,433,false],"1536x1536":["https:\/\/www.lesportif.info\/wp-content\/uploads\/2026\/02\/Pierre-Alain.webp",800,533,false],"2048x2048":["https:\/\/www.lesportif.info\/wp-content\/uploads\/2026\/02\/Pierre-Alain.webp",800,533,false],"sportspress-crop-medium":["https:\/\/www.lesportif.info\/wp-content\/uploads\/2026\/02\/Pierre-Alain-300x300.webp",300,300,true],"sportspress-fit-medium":["https:\/\/www.lesportif.info\/wp-content\/uploads\/2026\/02\/Pierre-Alain-300x200.webp",300,200,true],"sportspress-fit-icon":["https:\/\/www.lesportif.info\/wp-content\/uploads\/2026\/02\/Pierre-Alain-128x85.webp",128,85,true],"sportspress-fit-mini":["https:\/\/www.lesportif.info\/wp-content\/uploads\/2026\/02\/Pierre-Alain-32x21.webp",32,21,true],"ultp_layout_landscape_large":["https:\/\/www.lesportif.info\/wp-content\/uploads\/2026\/02\/Pierre-Alain.webp",800,533,false],"ultp_layout_landscape":["https:\/\/www.lesportif.info\/wp-content\/uploads\/2026\/02\/Pierre-Alain.webp",800,533,false],"ultp_layout_portrait":["https:\/\/www.lesportif.info\/wp-content\/uploads\/2026\/02\/Pierre-Alain-600x533.webp",600,533,true],"ultp_layout_square":["https:\/\/www.lesportif.info\/wp-content\/uploads\/2026\/02\/Pierre-Alain-600x533.webp",600,533,true]},"rttpg_author":{"display_name":"Claude Mbadinga MOMBO","author_link":"https:\/\/www.lesportif.info\/?author=12"},"rttpg_comment":0,"rttpg_category":"<a href=\"https:\/\/www.lesportif.info\/?cat=75\" rel=\"category\">A LA UNE<\/a> <a href=\"https:\/\/www.lesportif.info\/?cat=93\" rel=\"category\">FEGAFOOT<\/a> <a href=\"https:\/\/www.lesportif.info\/?cat=28\" rel=\"category\">FOOTBALL<\/a> <a href=\"https:\/\/www.lesportif.info\/?cat=4\" rel=\"category\">Gabon<\/a>","rttpg_excerpt":"La F\u00e9d\u00e9ration gabonaise de football (F\u00e9gafoot) a transmis au ministre des Sports, Paul Ulrich Kessany, une liste restreinte de trois techniciens appel\u00e9s \u00e0 succ\u00e9der \u00e0 Thierry Mouyouma \u00e0 la t\u00eate des Panth\u00e8res du Gabon.","_links":{"self":[{"href":"https:\/\/www.lesportif.info\/index.php?rest_route=\/wp\/v2\/posts\/103982","targetHints":{"allow":["GET"]}}],"collection":[{"href":"https:\/\/www.lesportif.info\/index.php?rest_route=\/wp\/v2\/posts"}],"about":[{"href":"https:\/\/www.lesportif.info\/index.php?rest_route=\/wp\/v2\/types\/post"}],"author":[{"embeddable":true,"href":"https:\/\/www.lesportif.info\/index.php?rest_route=\/wp\/v2\/users\/12"}],"replies":[{"embeddable":true,"href":"https:\/\/www.lesportif.info\/index.php?rest_route=%2Fwp%2Fv2%2Fcomments&post=103982"}],"version-history":[{"count":2,"href":"https:\/\/www.lesportif.info\/index.php?rest_route=\/wp\/v2\/posts\/103982\/revisions"}],"predecessor-version":[{"id":103985,"href":"https:\/\/www.lesportif.info\/index.php?rest_route=\/wp\/v2\/posts\/103982\/revisions\/103985"}],"wp:featuredmedia":[{"embeddable":true,"href":"https:\/\/www.lesportif.info\/index.php?rest_route=\/wp\/v2\/media\/103983"}],"wp:attachment":[{"href":"https:\/\/www.lesportif.info\/index.php?rest_route=%2Fwp%2Fv2%2Fmedia&parent=103982"}],"wp:term":[{"taxonomy":"category","embeddable":true,"href":"https:\/\/www.lesportif.info\/index.php?rest_route=%2Fwp%2Fv2%2Fcategories&post=103982"},{"taxonomy":"post_tag","embeddable":true,"href":"https:\/\/www.lesportif.info\/index.php?rest_route=%2Fwp%2Fv2%2Ftags&post=103982"}],"curies":[{"name":"wp","href":"https:\/\/api.w.org\/{rel}","templated":true}]}}