{"id":103976,"date":"2026-02-25T17:46:34","date_gmt":"2026-02-25T16:46:34","guid":{"rendered":"https:\/\/www.lesportif.info\/?p=103976"},"modified":"2026-02-25T17:46:35","modified_gmt":"2026-02-25T16:46:35","slug":"licence-a-caf-fin-du-2eme-modules","status":"publish","type":"post","link":"https:\/\/www.lesportif.info\/?p=103976","title":{"rendered":"Licence A CAF\u00a0: Fin du 2eme modules\u00a0!"},"content":{"rendered":"\n<p><strong>C\u2019est aujourd\u2019hui qu\u2019a pris fin le deuxi\u00e8me module de la Licence CAF pour entra\u00eeneurs, organis\u00e9 au centre technique de Centre technique de Bik\u00e9l\u00e9. Ils sont pr\u00e8s de 25 entra\u00eeneurs gabonais en qu\u00eate de ce pr\u00e9cieux s\u00e9same.<\/strong><\/p>\n\n\n\n<figure class=\"wp-block-image size-full is-resized\"><img fetchpriority=\"high\" decoding=\"async\" width=\"728\" height=\"90\" src=\"https:\/\/www.lesportif.info\/wp-content\/uploads\/2025\/11\/Votre-pub.png\" alt=\"\" class=\"wp-image-103507\" style=\"width:840px;height:auto\" srcset=\"https:\/\/www.lesportif.info\/wp-content\/uploads\/2025\/11\/Votre-pub.png 728w, https:\/\/www.lesportif.info\/wp-content\/uploads\/2025\/11\/Votre-pub-300x37.png 300w, https:\/\/www.lesportif.info\/wp-content\/uploads\/2025\/11\/Votre-pub-128x16.png 128w, https:\/\/www.lesportif.info\/wp-content\/uploads\/2025\/11\/Votre-pub-32x4.png 32w\" sizes=\"(max-width: 728px) 100vw, 728px\" \/><\/figure>\n\n\n\n<figure class=\"wp-block-image size-large\"><img decoding=\"async\" width=\"1024\" height=\"575\" src=\"https:\/\/www.lesportif.info\/wp-content\/uploads\/2026\/02\/licence-caf-1-1024x575.jpeg\" alt=\"\" class=\"wp-image-103979\" srcset=\"https:\/\/www.lesportif.info\/wp-content\/uploads\/2026\/02\/licence-caf-1-1024x575.jpeg 1024w, https:\/\/www.lesportif.info\/wp-content\/uploads\/2026\/02\/licence-caf-1-300x168.jpeg 300w, https:\/\/www.lesportif.info\/wp-content\/uploads\/2026\/02\/licence-caf-1-768x431.jpeg 768w, https:\/\/www.lesportif.info\/wp-content\/uploads\/2026\/02\/licence-caf-1-128x72.jpeg 128w, https:\/\/www.lesportif.info\/wp-content\/uploads\/2026\/02\/licence-caf-1-32x18.jpeg 32w, https:\/\/www.lesportif.info\/wp-content\/uploads\/2026\/02\/licence-caf-1.jpeg 1080w\" sizes=\"(max-width: 1024px) 100vw, 1024px\" \/><\/figure>\n\n\n\n<p>Lanc\u00e9e du 26 novembre au 4 d\u00e9cembre 2025, la premi\u00e8re phase de cette formation concernait l\u2019organisation d\u2019un staff technique. Depuis le 16 f\u00e9vrier dernier, les 25 stagiaires ont entam\u00e9 le deuxi\u00e8me module, qui s\u2019est achev\u00e9 ce mercredi. Au centre des enseignements : \u00ab l\u2019alimentation du football de haut niveau \u00bb.<\/p>\n\n\n\n<p>Ce stage a d\u2019abord \u00e9t\u00e9 dirig\u00e9 par des instructeurs de la Conf\u00e9d\u00e9ration Africaine de Football, avant d\u2019\u00eatre relay\u00e9 par des formateurs locaux. Il est organis\u00e9 par la F\u00e9d\u00e9ration Gabonaise de Football au b\u00e9n\u00e9fice des techniciens gabonais d\u00e9sireux de s\u2019arrimer aux standards internationaux.<\/p>\n\n\n\n<figure class=\"wp-block-image size-full is-resized\"><img decoding=\"async\" width=\"728\" height=\"90\" src=\"https:\/\/www.lesportif.info\/wp-content\/uploads\/2025\/11\/167307_3550548934_bb7211d682c22735d0a2e8bcb4d26238-1.png\" alt=\"\" class=\"wp-image-103521\" style=\"width:840px;height:auto\" srcset=\"https:\/\/www.lesportif.info\/wp-content\/uploads\/2025\/11\/167307_3550548934_bb7211d682c22735d0a2e8bcb4d26238-1.png 728w, https:\/\/www.lesportif.info\/wp-content\/uploads\/2025\/11\/167307_3550548934_bb7211d682c22735d0a2e8bcb4d26238-1-300x37.png 300w, https:\/\/www.lesportif.info\/wp-content\/uploads\/2025\/11\/167307_3550548934_bb7211d682c22735d0a2e8bcb4d26238-1-128x16.png 128w, https:\/\/www.lesportif.info\/wp-content\/uploads\/2025\/11\/167307_3550548934_bb7211d682c22735d0a2e8bcb4d26238-1-32x4.png 32w\" sizes=\"(max-width: 728px) 100vw, 728px\" \/><\/figure>\n\n\n\n<p>Longtemps, l\u2019absence de formations de ce niveau a constitu\u00e9 un frein pour les entra\u00eeneurs gabonais dans l\u2019exercice de leur m\u00e9tier. Aujourd\u2019hui, avec l\u2019organisation de ce stage, une nouvelle porte s\u2019ouvre pour eux. Il reste encore trois modules \u00e0 valider pour l\u2019obtention du dipl\u00f4me, qui offrira davantage d\u2019opportunit\u00e9s professionnelles.<\/p>\n\n\n\n<p>Cette deuxi\u00e8me phase a connu un v\u00e9ritable engouement, au regard de l\u2019int\u00e9r\u00eat et de l\u2019implication manifest\u00e9s par les stagiaires pour cette formation dipl\u00f4mante.<\/p>\n\n\n\n<figure class=\"wp-block-image size-large\"><img loading=\"lazy\" decoding=\"async\" width=\"1024\" height=\"696\" src=\"https:\/\/www.lesportif.info\/wp-content\/uploads\/2026\/02\/licence-caf-3-1024x696.jpeg\" alt=\"\" class=\"wp-image-103980\" srcset=\"https:\/\/www.lesportif.info\/wp-content\/uploads\/2026\/02\/licence-caf-3-1024x696.jpeg 1024w, https:\/\/www.lesportif.info\/wp-content\/uploads\/2026\/02\/licence-caf-3-300x204.jpeg 300w, https:\/\/www.lesportif.info\/wp-content\/uploads\/2026\/02\/licence-caf-3-768x522.jpeg 768w, https:\/\/www.lesportif.info\/wp-content\/uploads\/2026\/02\/licence-caf-3-128x87.jpeg 128w, https:\/\/www.lesportif.info\/wp-content\/uploads\/2026\/02\/licence-caf-3-32x22.jpeg 32w, https:\/\/www.lesportif.info\/wp-content\/uploads\/2026\/02\/licence-caf-3.jpeg 1080w\" sizes=\"(max-width: 1024px) 100vw, 1024px\" \/><\/figure>\n\n\n\n<p>Parmi eux, <strong>Kevin Djony,<\/strong> ancien entra\u00eeneur de Manga actuellement \u00e0 la recherche d\u2019un club, se dit satisfait :<\/p>\n\n\n\n<p>\u00ab <strong><em>Je suis tr\u00e8s satisfait dans l\u2019ensemble de cette formation Licence A CAF. Ce stage est le bienvenu, car depuis 2016, date de la derni\u00e8re organisation, il a fallu attendre pr\u00e8s de dix ans pour le revoir. Ce sera la deuxi\u00e8me promotion \u00e0 obtenir cette licence au Gabon. Nous sommes enthousiastes. <\/em><\/strong><\/p>\n\n\n\n<figure class=\"wp-block-image size-large\"><img loading=\"lazy\" decoding=\"async\" width=\"1024\" height=\"796\" src=\"https:\/\/www.lesportif.info\/wp-content\/uploads\/2025\/10\/WhatsApp-Image-2025-10-11-a-12.12.10_8f62f793-1024x796.jpg\" alt=\"\" class=\"wp-image-103289\" srcset=\"https:\/\/www.lesportif.info\/wp-content\/uploads\/2025\/10\/WhatsApp-Image-2025-10-11-a-12.12.10_8f62f793-1024x796.jpg 1024w, https:\/\/www.lesportif.info\/wp-content\/uploads\/2025\/10\/WhatsApp-Image-2025-10-11-a-12.12.10_8f62f793-300x233.jpg 300w, https:\/\/www.lesportif.info\/wp-content\/uploads\/2025\/10\/WhatsApp-Image-2025-10-11-a-12.12.10_8f62f793-768x597.jpg 768w, https:\/\/www.lesportif.info\/wp-content\/uploads\/2025\/10\/WhatsApp-Image-2025-10-11-a-12.12.10_8f62f793-128x100.jpg 128w, https:\/\/www.lesportif.info\/wp-content\/uploads\/2025\/10\/WhatsApp-Image-2025-10-11-a-12.12.10_8f62f793-32x25.jpg 32w, https:\/\/www.lesportif.info\/wp-content\/uploads\/2025\/10\/WhatsApp-Image-2025-10-11-a-12.12.10_8f62f793.jpg 1280w\" sizes=\"(max-width: 1024px) 100vw, 1024px\" \/><\/figure>\n\n\n\n<p><strong><em>Je salue \u00e9galement la qualit\u00e9 des enseignements, qui nous permettent de voir les choses autrement. Nous souhaitons vivement que le troisi\u00e8me module soit rapidement mis en place afin d\u2019aller jusqu\u2019au bout.<\/em><\/strong> \u00bb<\/p>\n\n\n\n<p><\/p>\n","protected":false},"excerpt":{"rendered":"<p>C\u2019est aujourd\u2019hui qu\u2019a pris fin le deuxi\u00e8me module de la Licence CAF pour entra\u00eeneurs, organis\u00e9 au centre technique de Centre technique de Bik\u00e9l\u00e9. Ils sont pr\u00e8s de 25 entra\u00eeneurs gabonais en qu\u00eate de ce pr\u00e9cieux s\u00e9same.<\/p>\n","protected":false},"author":11,"featured_media":103977,"comment_status":"open","ping_status":"open","sticky":false,"template":"","format":"standard","meta":{"_uag_custom_page_level_css":"","footnotes":""},"categories":[75,93,28,4],"tags":[],"class_list":["post-103976","post","type-post","status-publish","format-standard","has-post-thumbnail","hentry","category-a-la-une","category-fegafoot","category-football","category-gabon"],"yoast_head":"<!-- This site is optimized with the Yoast SEO plugin v26.6 - https:\/\/yoast.com\/wordpress\/plugins\/seo\/ -->\n<title>Licence A CAF\u00a0: Fin du 2eme modules\u00a0! - Lesportif<\/title>\n<meta name=\"description\" content=\"C\u2019est aujourd\u2019hui qu\u2019a pris fin le deuxi\u00e8me module de la Licence CAF pour entra\u00eeneurs, organis\u00e9 au centre technique de Centre technique de Bik\u00e9l\u00e9. Ils sont pr\u00e8s de 25 entra\u00eeneurs gabonais en qu\u00eate de ce pr\u00e9cieux s\u00e9same.\" \/>\n<meta name=\"robots\" content=\"index, follow, max-snippet:-1, max-image-preview:large, max-video-preview:-1\" \/>\n<link rel=\"canonical\" href=\"https:\/\/www.lesportif.info\/?p=103976\" \/>\n<meta property=\"og:locale\" content=\"fr_FR\" \/>\n<meta property=\"og:type\" content=\"article\" \/>\n<meta property=\"og:title\" content=\"Licence A CAF\u00a0: Fin du 2eme modules\u00a0! - Lesportif\" \/>\n<meta property=\"og:description\" content=\"C\u2019est aujourd\u2019hui qu\u2019a pris fin le deuxi\u00e8me module de la Licence CAF pour entra\u00eeneurs, organis\u00e9 au centre technique de Centre technique de Bik\u00e9l\u00e9. Ils sont pr\u00e8s de 25 entra\u00eeneurs gabonais en qu\u00eate de ce pr\u00e9cieux s\u00e9same.\" \/>\n<meta property=\"og:url\" content=\"https:\/\/www.lesportif.info\/?p=103976\" \/>\n<meta property=\"og:site_name\" content=\"Lesportif\" \/>\n<meta property=\"article:publisher\" content=\"https:\/\/www.facebook.com\/lesportif.site\/\" \/>\n<meta property=\"article:published_time\" content=\"2026-02-25T16:46:34+00:00\" \/>\n<meta property=\"article:modified_time\" content=\"2026-02-25T16:46:35+00:00\" \/>\n<meta property=\"og:image\" content=\"https:\/\/www.lesportif.info\/wp-content\/uploads\/2026\/02\/licence-caf-2.jpeg\" \/>\n\t<meta property=\"og:image:width\" content=\"1080\" \/>\n\t<meta property=\"og:image:height\" content=\"720\" \/>\n\t<meta property=\"og:image:type\" content=\"image\/jpeg\" \/>\n<meta name=\"author\" content=\"Moutsinga Gabrielle Nathalie\" \/>\n<meta name=\"twitter:card\" content=\"summary_large_image\" \/>\n<meta name=\"twitter:label1\" content=\"\u00c9crit par\" \/>\n\t<meta name=\"twitter:data1\" content=\"Moutsinga Gabrielle Nathalie\" \/>\n\t<meta name=\"twitter:label2\" content=\"Dur\u00e9e de lecture estim\u00e9e\" \/>\n\t<meta name=\"twitter:data2\" content=\"3 minutes\" \/>\n<script type=\"application\/ld+json\" class=\"yoast-schema-graph\">{\"@context\":\"https:\/\/schema.org\",\"@graph\":[{\"@type\":\"Article\",\"@id\":\"https:\/\/www.lesportif.info\/?p=103976#article\",\"isPartOf\":{\"@id\":\"https:\/\/www.lesportif.info\/?p=103976\"},\"author\":{\"name\":\"Moutsinga Gabrielle Nathalie\",\"@id\":\"https:\/\/www.lesportif.info\/#\/schema\/person\/e7da024defe46a0372c31b61b8608bab\"},\"headline\":\"Licence A CAF\u00a0: Fin du 2eme modules\u00a0!\",\"datePublished\":\"2026-02-25T16:46:34+00:00\",\"dateModified\":\"2026-02-25T16:46:35+00:00\",\"mainEntityOfPage\":{\"@id\":\"https:\/\/www.lesportif.info\/?p=103976\"},\"wordCount\":350,\"commentCount\":0,\"publisher\":{\"@id\":\"https:\/\/www.lesportif.info\/#organization\"},\"image\":{\"@id\":\"https:\/\/www.lesportif.info\/?p=103976#primaryimage\"},\"thumbnailUrl\":\"https:\/\/www.lesportif.info\/wp-content\/uploads\/2026\/02\/licence-caf-2.jpeg\",\"articleSection\":[\"A LA UNE\",\"FEGAFOOT\",\"FOOTBALL\",\"Gabon\"],\"inLanguage\":\"fr-FR\",\"potentialAction\":[{\"@type\":\"CommentAction\",\"name\":\"Comment\",\"target\":[\"https:\/\/www.lesportif.info\/?p=103976#respond\"]}]},{\"@type\":\"WebPage\",\"@id\":\"https:\/\/www.lesportif.info\/?p=103976\",\"url\":\"https:\/\/www.lesportif.info\/?p=103976\",\"name\":\"Licence A CAF\u00a0: Fin du 2eme modules\u00a0! - Lesportif\",\"isPartOf\":{\"@id\":\"https:\/\/www.lesportif.info\/#website\"},\"primaryImageOfPage\":{\"@id\":\"https:\/\/www.lesportif.info\/?p=103976#primaryimage\"},\"image\":{\"@id\":\"https:\/\/www.lesportif.info\/?p=103976#primaryimage\"},\"thumbnailUrl\":\"https:\/\/www.lesportif.info\/wp-content\/uploads\/2026\/02\/licence-caf-2.jpeg\",\"datePublished\":\"2026-02-25T16:46:34+00:00\",\"dateModified\":\"2026-02-25T16:46:35+00:00\",\"description\":\"C\u2019est aujourd\u2019hui qu\u2019a pris fin le deuxi\u00e8me module de la Licence CAF pour entra\u00eeneurs, organis\u00e9 au centre technique de Centre technique de Bik\u00e9l\u00e9. Ils sont pr\u00e8s de 25 entra\u00eeneurs gabonais en qu\u00eate de ce pr\u00e9cieux s\u00e9same.\",\"breadcrumb\":{\"@id\":\"https:\/\/www.lesportif.info\/?p=103976#breadcrumb\"},\"inLanguage\":\"fr-FR\",\"potentialAction\":[{\"@type\":\"ReadAction\",\"target\":[\"https:\/\/www.lesportif.info\/?p=103976\"]}]},{\"@type\":\"ImageObject\",\"inLanguage\":\"fr-FR\",\"@id\":\"https:\/\/www.lesportif.info\/?p=103976#primaryimage\",\"url\":\"https:\/\/www.lesportif.info\/wp-content\/uploads\/2026\/02\/licence-caf-2.jpeg\",\"contentUrl\":\"https:\/\/www.lesportif.info\/wp-content\/uploads\/2026\/02\/licence-caf-2.jpeg\",\"width\":1080,\"height\":720},{\"@type\":\"BreadcrumbList\",\"@id\":\"https:\/\/www.lesportif.info\/?p=103976#breadcrumb\",\"itemListElement\":[{\"@type\":\"ListItem\",\"position\":1,\"name\":\"Accueil\",\"item\":\"https:\/\/www.lesportif.info\/\"},{\"@type\":\"ListItem\",\"position\":2,\"name\":\"Licence A CAF\u00a0: Fin du 2eme modules\u00a0!\"}]},{\"@type\":\"WebSite\",\"@id\":\"https:\/\/www.lesportif.info\/#website\",\"url\":\"https:\/\/www.lesportif.info\/\",\"name\":\"www.lesportif:info\",\"description\":\"L&#039;information juste et v\u00e9rifi\u00e9e\",\"publisher\":{\"@id\":\"https:\/\/www.lesportif.info\/#organization\"},\"alternateName\":\"Lesportif\",\"potentialAction\":[{\"@type\":\"SearchAction\",\"target\":{\"@type\":\"EntryPoint\",\"urlTemplate\":\"https:\/\/www.lesportif.info\/?s={search_term_string}\"},\"query-input\":{\"@type\":\"PropertyValueSpecification\",\"valueRequired\":true,\"valueName\":\"search_term_string\"}}],\"inLanguage\":\"fr-FR\"},{\"@type\":\"Organization\",\"@id\":\"https:\/\/www.lesportif.info\/#organization\",\"name\":\"Lesportif\",\"alternateName\":\"Lesportif\",\"url\":\"https:\/\/www.lesportif.info\/\",\"logo\":{\"@type\":\"ImageObject\",\"inLanguage\":\"fr-FR\",\"@id\":\"https:\/\/www.lesportif.info\/#\/schema\/logo\/image\/\",\"url\":\"https:\/\/www.lesportif.info\/wp-content\/uploads\/2023\/12\/cropped-logo-noel-removebg-preview.png\",\"contentUrl\":\"https:\/\/www.lesportif.info\/wp-content\/uploads\/2023\/12\/cropped-logo-noel-removebg-preview.png\",\"width\":482,\"height\":482,\"caption\":\"Lesportif\"},\"image\":{\"@id\":\"https:\/\/www.lesportif.info\/#\/schema\/logo\/image\/\"},\"sameAs\":[\"https:\/\/www.facebook.com\/lesportif.site\/\"]},{\"@type\":\"Person\",\"@id\":\"https:\/\/www.lesportif.info\/#\/schema\/person\/e7da024defe46a0372c31b61b8608bab\",\"name\":\"Moutsinga Gabrielle Nathalie\",\"image\":{\"@type\":\"ImageObject\",\"inLanguage\":\"fr-FR\",\"@id\":\"https:\/\/www.lesportif.info\/#\/schema\/person\/image\/\",\"url\":\"https:\/\/secure.gravatar.com\/avatar\/1e02fe86c61f30824d3e0fe2aea0ad97405a3b5c8a92e1d21335b8d1393c9ac7?s=96&d=mm&r=g\",\"contentUrl\":\"https:\/\/secure.gravatar.com\/avatar\/1e02fe86c61f30824d3e0fe2aea0ad97405a3b5c8a92e1d21335b8d1393c9ac7?s=96&d=mm&r=g\",\"caption\":\"Moutsinga Gabrielle Nathalie\"},\"url\":\"https:\/\/www.lesportif.info\/?author=11\"}]}<\/script>\n<!-- \/ Yoast SEO plugin. -->","yoast_head_json":{"title":"Licence A CAF\u00a0: Fin du 2eme modules\u00a0! - Lesportif","description":"C\u2019est aujourd\u2019hui qu\u2019a pris fin le deuxi\u00e8me module de la Licence CAF pour entra\u00eeneurs, organis\u00e9 au centre technique de Centre technique de Bik\u00e9l\u00e9. Ils sont pr\u00e8s de 25 entra\u00eeneurs gabonais en qu\u00eate de ce pr\u00e9cieux s\u00e9same.","robots":{"index":"index","follow":"follow","max-snippet":"max-snippet:-1","max-image-preview":"max-image-preview:large","max-video-preview":"max-video-preview:-1"},"canonical":"https:\/\/www.lesportif.info\/?p=103976","og_locale":"fr_FR","og_type":"article","og_title":"Licence A CAF\u00a0: Fin du 2eme modules\u00a0! - Lesportif","og_description":"C\u2019est aujourd\u2019hui qu\u2019a pris fin le deuxi\u00e8me module de la Licence CAF pour entra\u00eeneurs, organis\u00e9 au centre technique de Centre technique de Bik\u00e9l\u00e9. Ils sont pr\u00e8s de 25 entra\u00eeneurs gabonais en qu\u00eate de ce pr\u00e9cieux s\u00e9same.","og_url":"https:\/\/www.lesportif.info\/?p=103976","og_site_name":"Lesportif","article_publisher":"https:\/\/www.facebook.com\/lesportif.site\/","article_published_time":"2026-02-25T16:46:34+00:00","article_modified_time":"2026-02-25T16:46:35+00:00","og_image":[{"width":1080,"height":720,"url":"https:\/\/www.lesportif.info\/wp-content\/uploads\/2026\/02\/licence-caf-2.jpeg","type":"image\/jpeg"}],"author":"Moutsinga Gabrielle Nathalie","twitter_card":"summary_large_image","twitter_misc":{"\u00c9crit par":"Moutsinga Gabrielle Nathalie","Dur\u00e9e de lecture estim\u00e9e":"3 minutes"},"schema":{"@context":"https:\/\/schema.org","@graph":[{"@type":"Article","@id":"https:\/\/www.lesportif.info\/?p=103976#article","isPartOf":{"@id":"https:\/\/www.lesportif.info\/?p=103976"},"author":{"name":"Moutsinga Gabrielle Nathalie","@id":"https:\/\/www.lesportif.info\/#\/schema\/person\/e7da024defe46a0372c31b61b8608bab"},"headline":"Licence A CAF\u00a0: Fin du 2eme modules\u00a0!","datePublished":"2026-02-25T16:46:34+00:00","dateModified":"2026-02-25T16:46:35+00:00","mainEntityOfPage":{"@id":"https:\/\/www.lesportif.info\/?p=103976"},"wordCount":350,"commentCount":0,"publisher":{"@id":"https:\/\/www.lesportif.info\/#organization"},"image":{"@id":"https:\/\/www.lesportif.info\/?p=103976#primaryimage"},"thumbnailUrl":"https:\/\/www.lesportif.info\/wp-content\/uploads\/2026\/02\/licence-caf-2.jpeg","articleSection":["A LA UNE","FEGAFOOT","FOOTBALL","Gabon"],"inLanguage":"fr-FR","potentialAction":[{"@type":"CommentAction","name":"Comment","target":["https:\/\/www.lesportif.info\/?p=103976#respond"]}]},{"@type":"WebPage","@id":"https:\/\/www.lesportif.info\/?p=103976","url":"https:\/\/www.lesportif.info\/?p=103976","name":"Licence A CAF\u00a0: Fin du 2eme modules\u00a0! - Lesportif","isPartOf":{"@id":"https:\/\/www.lesportif.info\/#website"},"primaryImageOfPage":{"@id":"https:\/\/www.lesportif.info\/?p=103976#primaryimage"},"image":{"@id":"https:\/\/www.lesportif.info\/?p=103976#primaryimage"},"thumbnailUrl":"https:\/\/www.lesportif.info\/wp-content\/uploads\/2026\/02\/licence-caf-2.jpeg","datePublished":"2026-02-25T16:46:34+00:00","dateModified":"2026-02-25T16:46:35+00:00","description":"C\u2019est aujourd\u2019hui qu\u2019a pris fin le deuxi\u00e8me module de la Licence CAF pour entra\u00eeneurs, organis\u00e9 au centre technique de Centre technique de Bik\u00e9l\u00e9. Ils sont pr\u00e8s de 25 entra\u00eeneurs gabonais en qu\u00eate de ce pr\u00e9cieux s\u00e9same.","breadcrumb":{"@id":"https:\/\/www.lesportif.info\/?p=103976#breadcrumb"},"inLanguage":"fr-FR","potentialAction":[{"@type":"ReadAction","target":["https:\/\/www.lesportif.info\/?p=103976"]}]},{"@type":"ImageObject","inLanguage":"fr-FR","@id":"https:\/\/www.lesportif.info\/?p=103976#primaryimage","url":"https:\/\/www.lesportif.info\/wp-content\/uploads\/2026\/02\/licence-caf-2.jpeg","contentUrl":"https:\/\/www.lesportif.info\/wp-content\/uploads\/2026\/02\/licence-caf-2.jpeg","width":1080,"height":720},{"@type":"BreadcrumbList","@id":"https:\/\/www.lesportif.info\/?p=103976#breadcrumb","itemListElement":[{"@type":"ListItem","position":1,"name":"Accueil","item":"https:\/\/www.lesportif.info\/"},{"@type":"ListItem","position":2,"name":"Licence A CAF\u00a0: Fin du 2eme modules\u00a0!"}]},{"@type":"WebSite","@id":"https:\/\/www.lesportif.info\/#website","url":"https:\/\/www.lesportif.info\/","name":"www.lesportif:info","description":"L&#039;information juste et v\u00e9rifi\u00e9e","publisher":{"@id":"https:\/\/www.lesportif.info\/#organization"},"alternateName":"Lesportif","potentialAction":[{"@type":"SearchAction","target":{"@type":"EntryPoint","urlTemplate":"https:\/\/www.lesportif.info\/?s={search_term_string}"},"query-input":{"@type":"PropertyValueSpecification","valueRequired":true,"valueName":"search_term_string"}}],"inLanguage":"fr-FR"},{"@type":"Organization","@id":"https:\/\/www.lesportif.info\/#organization","name":"Lesportif","alternateName":"Lesportif","url":"https:\/\/www.lesportif.info\/","logo":{"@type":"ImageObject","inLanguage":"fr-FR","@id":"https:\/\/www.lesportif.info\/#\/schema\/logo\/image\/","url":"https:\/\/www.lesportif.info\/wp-content\/uploads\/2023\/12\/cropped-logo-noel-removebg-preview.png","contentUrl":"https:\/\/www.lesportif.info\/wp-content\/uploads\/2023\/12\/cropped-logo-noel-removebg-preview.png","width":482,"height":482,"caption":"Lesportif"},"image":{"@id":"https:\/\/www.lesportif.info\/#\/schema\/logo\/image\/"},"sameAs":["https:\/\/www.facebook.com\/lesportif.site\/"]},{"@type":"Person","@id":"https:\/\/www.lesportif.info\/#\/schema\/person\/e7da024defe46a0372c31b61b8608bab","name":"Moutsinga Gabrielle Nathalie","image":{"@type":"ImageObject","inLanguage":"fr-FR","@id":"https:\/\/www.lesportif.info\/#\/schema\/person\/image\/","url":"https:\/\/secure.gravatar.com\/avatar\/1e02fe86c61f30824d3e0fe2aea0ad97405a3b5c8a92e1d21335b8d1393c9ac7?s=96&d=mm&r=g","contentUrl":"https:\/\/secure.gravatar.com\/avatar\/1e02fe86c61f30824d3e0fe2aea0ad97405a3b5c8a92e1d21335b8d1393c9ac7?s=96&d=mm&r=g","caption":"Moutsinga Gabrielle Nathalie"},"url":"https:\/\/www.lesportif.info\/?author=11"}]}},"uagb_featured_image_src":{"full":["https:\/\/www.lesportif.info\/wp-content\/uploads\/2026\/02\/licence-caf-2.jpeg",1080,720,false],"thumbnail":["https:\/\/www.lesportif.info\/wp-content\/uploads\/2026\/02\/licence-caf-2-150x150.jpeg",150,150,true],"medium":["https:\/\/www.lesportif.info\/wp-content\/uploads\/2026\/02\/licence-caf-2-300x200.jpeg",300,200,true],"medium_large":["https:\/\/www.lesportif.info\/wp-content\/uploads\/2026\/02\/licence-caf-2-768x512.jpeg",650,433,true],"large":["https:\/\/www.lesportif.info\/wp-content\/uploads\/2026\/02\/licence-caf-2-1024x683.jpeg",650,434,true],"1536x1536":["https:\/\/www.lesportif.info\/wp-content\/uploads\/2026\/02\/licence-caf-2.jpeg",1080,720,false],"2048x2048":["https:\/\/www.lesportif.info\/wp-content\/uploads\/2026\/02\/licence-caf-2.jpeg",1080,720,false],"sportspress-crop-medium":["https:\/\/www.lesportif.info\/wp-content\/uploads\/2026\/02\/licence-caf-2-300x300.jpeg",300,300,true],"sportspress-fit-medium":["https:\/\/www.lesportif.info\/wp-content\/uploads\/2026\/02\/licence-caf-2-300x200.jpeg",300,200,true],"sportspress-fit-icon":["https:\/\/www.lesportif.info\/wp-content\/uploads\/2026\/02\/licence-caf-2-128x85.jpeg",128,85,true],"sportspress-fit-mini":["https:\/\/www.lesportif.info\/wp-content\/uploads\/2026\/02\/licence-caf-2-32x21.jpeg",32,21,true],"ultp_layout_landscape_large":["https:\/\/www.lesportif.info\/wp-content\/uploads\/2026\/02\/licence-caf-2.jpeg",1080,720,false],"ultp_layout_landscape":["https:\/\/www.lesportif.info\/wp-content\/uploads\/2026\/02\/licence-caf-2-870x570.jpeg",870,570,true],"ultp_layout_portrait":["https:\/\/www.lesportif.info\/wp-content\/uploads\/2026\/02\/licence-caf-2-600x720.jpeg",600,720,true],"ultp_layout_square":["https:\/\/www.lesportif.info\/wp-content\/uploads\/2026\/02\/licence-caf-2-600x600.jpeg",600,600,true]},"uagb_author_info":{"display_name":"Moutsinga Gabrielle Nathalie","author_link":"https:\/\/www.lesportif.info\/?author=11"},"uagb_comment_info":0,"uagb_excerpt":"C\u2019est aujourd\u2019hui qu\u2019a pris fin le deuxi\u00e8me module de la Licence CAF pour entra\u00eeneurs, organis\u00e9 au centre technique de Centre technique de Bik\u00e9l\u00e9. Ils sont pr\u00e8s de 25 entra\u00eeneurs gabonais en qu\u00eate de ce pr\u00e9cieux s\u00e9same.","featured_image_urls":{"full":["https:\/\/www.lesportif.info\/wp-content\/uploads\/2026\/02\/licence-caf-2.jpeg",1080,720,false],"thumbnail":["https:\/\/www.lesportif.info\/wp-content\/uploads\/2026\/02\/licence-caf-2-150x150.jpeg",150,150,true],"medium":["https:\/\/www.lesportif.info\/wp-content\/uploads\/2026\/02\/licence-caf-2-300x200.jpeg",300,200,true],"medium_large":["https:\/\/www.lesportif.info\/wp-content\/uploads\/2026\/02\/licence-caf-2-768x512.jpeg",650,433,true],"large":["https:\/\/www.lesportif.info\/wp-content\/uploads\/2026\/02\/licence-caf-2-1024x683.jpeg",650,434,true],"1536x1536":["https:\/\/www.lesportif.info\/wp-content\/uploads\/2026\/02\/licence-caf-2.jpeg",1080,720,false],"2048x2048":["https:\/\/www.lesportif.info\/wp-content\/uploads\/2026\/02\/licence-caf-2.jpeg",1080,720,false],"sportspress-crop-medium":["https:\/\/www.lesportif.info\/wp-content\/uploads\/2026\/02\/licence-caf-2-300x300.jpeg",300,300,true],"sportspress-fit-medium":["https:\/\/www.lesportif.info\/wp-content\/uploads\/2026\/02\/licence-caf-2-300x200.jpeg",300,200,true],"sportspress-fit-icon":["https:\/\/www.lesportif.info\/wp-content\/uploads\/2026\/02\/licence-caf-2-128x85.jpeg",128,85,true],"sportspress-fit-mini":["https:\/\/www.lesportif.info\/wp-content\/uploads\/2026\/02\/licence-caf-2-32x21.jpeg",32,21,true],"ultp_layout_landscape_large":["https:\/\/www.lesportif.info\/wp-content\/uploads\/2026\/02\/licence-caf-2.jpeg",1080,720,false],"ultp_layout_landscape":["https:\/\/www.lesportif.info\/wp-content\/uploads\/2026\/02\/licence-caf-2-870x570.jpeg",870,570,true],"ultp_layout_portrait":["https:\/\/www.lesportif.info\/wp-content\/uploads\/2026\/02\/licence-caf-2-600x720.jpeg",600,720,true],"ultp_layout_square":["https:\/\/www.lesportif.info\/wp-content\/uploads\/2026\/02\/licence-caf-2-600x600.jpeg",600,600,true]},"author_info":{"display_name":"Moutsinga Gabrielle Nathalie","author_link":"https:\/\/www.lesportif.info\/?author=11"},"category_info":"<a href=\"https:\/\/www.lesportif.info\/?cat=75\" rel=\"category\">A LA UNE<\/a> <a href=\"https:\/\/www.lesportif.info\/?cat=93\" rel=\"category\">FEGAFOOT<\/a> <a href=\"https:\/\/www.lesportif.info\/?cat=28\" rel=\"category\">FOOTBALL<\/a> <a href=\"https:\/\/www.lesportif.info\/?cat=4\" rel=\"category\">Gabon<\/a>","tag_info":"Gabon","comment_count":"0","rttpg_featured_image_url":{"full":["https:\/\/www.lesportif.info\/wp-content\/uploads\/2026\/02\/licence-caf-2.jpeg",1080,720,false],"landscape":["https:\/\/www.lesportif.info\/wp-content\/uploads\/2026\/02\/licence-caf-2.jpeg",1080,720,false],"portraits":["https:\/\/www.lesportif.info\/wp-content\/uploads\/2026\/02\/licence-caf-2.jpeg",1080,720,false],"thumbnail":["https:\/\/www.lesportif.info\/wp-content\/uploads\/2026\/02\/licence-caf-2-150x150.jpeg",150,150,true],"medium":["https:\/\/www.lesportif.info\/wp-content\/uploads\/2026\/02\/licence-caf-2-300x200.jpeg",300,200,true],"large":["https:\/\/www.lesportif.info\/wp-content\/uploads\/2026\/02\/licence-caf-2-1024x683.jpeg",650,434,true],"1536x1536":["https:\/\/www.lesportif.info\/wp-content\/uploads\/2026\/02\/licence-caf-2.jpeg",1080,720,false],"2048x2048":["https:\/\/www.lesportif.info\/wp-content\/uploads\/2026\/02\/licence-caf-2.jpeg",1080,720,false],"sportspress-crop-medium":["https:\/\/www.lesportif.info\/wp-content\/uploads\/2026\/02\/licence-caf-2-300x300.jpeg",300,300,true],"sportspress-fit-medium":["https:\/\/www.lesportif.info\/wp-content\/uploads\/2026\/02\/licence-caf-2-300x200.jpeg",300,200,true],"sportspress-fit-icon":["https:\/\/www.lesportif.info\/wp-content\/uploads\/2026\/02\/licence-caf-2-128x85.jpeg",128,85,true],"sportspress-fit-mini":["https:\/\/www.lesportif.info\/wp-content\/uploads\/2026\/02\/licence-caf-2-32x21.jpeg",32,21,true],"ultp_layout_landscape_large":["https:\/\/www.lesportif.info\/wp-content\/uploads\/2026\/02\/licence-caf-2.jpeg",1080,720,false],"ultp_layout_landscape":["https:\/\/www.lesportif.info\/wp-content\/uploads\/2026\/02\/licence-caf-2-870x570.jpeg",870,570,true],"ultp_layout_portrait":["https:\/\/www.lesportif.info\/wp-content\/uploads\/2026\/02\/licence-caf-2-600x720.jpeg",600,720,true],"ultp_layout_square":["https:\/\/www.lesportif.info\/wp-content\/uploads\/2026\/02\/licence-caf-2-600x600.jpeg",600,600,true]},"rttpg_author":{"display_name":"Moutsinga Gabrielle Nathalie","author_link":"https:\/\/www.lesportif.info\/?author=11"},"rttpg_comment":0,"rttpg_category":"<a href=\"https:\/\/www.lesportif.info\/?cat=75\" rel=\"category\">A LA UNE<\/a> <a href=\"https:\/\/www.lesportif.info\/?cat=93\" rel=\"category\">FEGAFOOT<\/a> <a href=\"https:\/\/www.lesportif.info\/?cat=28\" rel=\"category\">FOOTBALL<\/a> <a href=\"https:\/\/www.lesportif.info\/?cat=4\" rel=\"category\">Gabon<\/a>","rttpg_excerpt":"C\u2019est aujourd\u2019hui qu\u2019a pris fin le deuxi\u00e8me module de la Licence CAF pour entra\u00eeneurs, organis\u00e9 au centre technique de Centre technique de Bik\u00e9l\u00e9. Ils sont pr\u00e8s de 25 entra\u00eeneurs gabonais en qu\u00eate de ce pr\u00e9cieux s\u00e9same.","_links":{"self":[{"href":"https:\/\/www.lesportif.info\/index.php?rest_route=\/wp\/v2\/posts\/103976","targetHints":{"allow":["GET"]}}],"collection":[{"href":"https:\/\/www.lesportif.info\/index.php?rest_route=\/wp\/v2\/posts"}],"about":[{"href":"https:\/\/www.lesportif.info\/index.php?rest_route=\/wp\/v2\/types\/post"}],"author":[{"embeddable":true,"href":"https:\/\/www.lesportif.info\/index.php?rest_route=\/wp\/v2\/users\/11"}],"replies":[{"embeddable":true,"href":"https:\/\/www.lesportif.info\/index.php?rest_route=%2Fwp%2Fv2%2Fcomments&post=103976"}],"version-history":[{"count":1,"href":"https:\/\/www.lesportif.info\/index.php?rest_route=\/wp\/v2\/posts\/103976\/revisions"}],"predecessor-version":[{"id":103981,"href":"https:\/\/www.lesportif.info\/index.php?rest_route=\/wp\/v2\/posts\/103976\/revisions\/103981"}],"wp:featuredmedia":[{"embeddable":true,"href":"https:\/\/www.lesportif.info\/index.php?rest_route=\/wp\/v2\/media\/103977"}],"wp:attachment":[{"href":"https:\/\/www.lesportif.info\/index.php?rest_route=%2Fwp%2Fv2%2Fmedia&parent=103976"}],"wp:term":[{"taxonomy":"category","embeddable":true,"href":"https:\/\/www.lesportif.info\/index.php?rest_route=%2Fwp%2Fv2%2Fcategories&post=103976"},{"taxonomy":"post_tag","embeddable":true,"href":"https:\/\/www.lesportif.info\/index.php?rest_route=%2Fwp%2Fv2%2Ftags&post=103976"}],"curies":[{"name":"wp","href":"https:\/\/api.w.org\/{rel}","templated":true}]}}