{"id":103972,"date":"2026-02-25T09:37:34","date_gmt":"2026-02-25T08:37:34","guid":{"rendered":"https:\/\/www.lesportif.info\/?p=103972"},"modified":"2026-02-25T09:39:56","modified_gmt":"2026-02-25T08:39:56","slug":"tournoi-bisso-huit-equipes-pretes-pour-le-coup-denvoi","status":"publish","type":"post","link":"https:\/\/www.lesportif.info\/?p=103972","title":{"rendered":"Tournoi BISSO : huit \u00e9quipes pr\u00eates pour le coup d\u2019envoi !"},"content":{"rendered":"\n<p><strong>Le tirage au sort de la toute premi\u00e8re \u00e9dition du Tournoi BISSO s\u2019est d\u00e9roul\u00e9 dimanche dernier \u00e0 Libreville, en pr\u00e9sence des membres du comit\u00e9 d\u2019organisation et des repr\u00e9sentants des \u00e9quipes engag\u00e9es. <\/strong><\/p>\n\n\n\n<figure class=\"wp-block-image size-full is-resized\"><img fetchpriority=\"high\" decoding=\"async\" width=\"728\" height=\"90\" src=\"https:\/\/www.lesportif.info\/wp-content\/uploads\/2025\/11\/Votre-pub.png\" alt=\"\" class=\"wp-image-103507\" style=\"aspect-ratio:8.090119812467442;width:840px;height:auto\" srcset=\"https:\/\/www.lesportif.info\/wp-content\/uploads\/2025\/11\/Votre-pub.png 728w, https:\/\/www.lesportif.info\/wp-content\/uploads\/2025\/11\/Votre-pub-300x37.png 300w, https:\/\/www.lesportif.info\/wp-content\/uploads\/2025\/11\/Votre-pub-128x16.png 128w, https:\/\/www.lesportif.info\/wp-content\/uploads\/2025\/11\/Votre-pub-32x4.png 32w\" sizes=\"(max-width: 728px) 100vw, 728px\" \/><\/figure>\n\n\n\n<figure class=\"wp-block-image size-large\"><img decoding=\"async\" width=\"1024\" height=\"473\" src=\"https:\/\/www.lesportif.info\/wp-content\/uploads\/2026\/02\/23-1024x473.jpeg\" alt=\"\" class=\"wp-image-103973\" srcset=\"https:\/\/www.lesportif.info\/wp-content\/uploads\/2026\/02\/23-1024x473.jpeg 1024w, https:\/\/www.lesportif.info\/wp-content\/uploads\/2026\/02\/23-300x139.jpeg 300w, https:\/\/www.lesportif.info\/wp-content\/uploads\/2026\/02\/23-768x355.jpeg 768w, https:\/\/www.lesportif.info\/wp-content\/uploads\/2026\/02\/23-128x59.jpeg 128w, https:\/\/www.lesportif.info\/wp-content\/uploads\/2026\/02\/23-32x15.jpeg 32w, https:\/\/www.lesportif.info\/wp-content\/uploads\/2026\/02\/23.jpeg 1280w\" sizes=\"(max-width: 1024px) 100vw, 1024px\" \/><\/figure>\n\n\n\n<p>Pr\u00e9vue du 8 mars au 26 avril, cette comp\u00e9tition ambitionne de f\u00e9d\u00e9rer les jeunes ressortissants de Bitam autour du sport, tout en servant de tremplin pour le prestigieux tournoi \u00ab Bitam Vacances \u00bb, grand rendez-vous sportif du d\u00e9partement du Ntem.<\/p>\n\n\n\n<h3 class=\"wp-block-heading\">Une r\u00e9partition \u00e9quilibr\u00e9e<\/h3>\n\n\n\n<p>Huit formations prendront part \u00e0 cette \u00e9dition inaugurale. \u00c0 l\u2019issue du tirage au sort, elles ont \u00e9t\u00e9 r\u00e9parties en deux poules :<\/p>\n\n\n\n<p><strong>Poule A :<\/strong> AS Mindza, G\u00e9n\u00e9ration-Foot, AS Mefom, Dzam Dazu<br><strong>Poule B :<\/strong> Akam-Si, Cita-Sport, AS Mengomo 1, Akam \u00c9ffack<\/p>\n\n\n\n<p>Les rencontres se tiendront au stade de l\u2019Universit\u00e9 Omar Bongo et sur le terrain de Mon\u00e9dan, \u00e0 Sibang. La grande finale est programm\u00e9e \u00e0 l\u2019Institut National de la Jeunesse et des Sports (INJS), site embl\u00e9matique du sport gabonais.<\/p>\n\n\n\n<figure class=\"wp-block-image size-full is-resized\"><img decoding=\"async\" width=\"728\" height=\"90\" src=\"https:\/\/www.lesportif.info\/wp-content\/uploads\/2025\/11\/167307_3550548934_bb7211d682c22735d0a2e8bcb4d26238.png\" alt=\"\" class=\"wp-image-103508\" style=\"aspect-ratio:8.090119812467442;width:840px;height:auto\" srcset=\"https:\/\/www.lesportif.info\/wp-content\/uploads\/2025\/11\/167307_3550548934_bb7211d682c22735d0a2e8bcb4d26238.png 728w, https:\/\/www.lesportif.info\/wp-content\/uploads\/2025\/11\/167307_3550548934_bb7211d682c22735d0a2e8bcb4d26238-300x37.png 300w, https:\/\/www.lesportif.info\/wp-content\/uploads\/2025\/11\/167307_3550548934_bb7211d682c22735d0a2e8bcb4d26238-128x16.png 128w, https:\/\/www.lesportif.info\/wp-content\/uploads\/2025\/11\/167307_3550548934_bb7211d682c22735d0a2e8bcb4d26238-32x4.png 32w\" sizes=\"(max-width: 728px) 100vw, 728px\" \/><\/figure>\n\n\n\n<h3 class=\"wp-block-heading\">Une organisation pr\u00eate<\/h3>\n\n\n\n<p>Coordinateur g\u00e9n\u00e9ral du tournoi, Ghislain Minko, alias Gaboma, se veut rassurant quant au dispositif mis en place :<\/p>\n\n\n\n<blockquote class=\"wp-block-quote is-layout-flow wp-block-quote-is-layout-flow\">\n<p>\u00ab Nous avons travaill\u00e9 sur tous les aspects logistiques afin de garantir le bon d\u00e9roulement de cette premi\u00e8re \u00e9dition. Le tournoi BISSO est une plateforme destin\u00e9e \u00e0 encadrer la jeunesse et \u00e0 pr\u00e9parer nos \u00e9quipes pour les grandes comp\u00e9titions, notamment Bitam Vacances \u00bb.<\/p>\n<\/blockquote>\n\n\n\n<p>De son c\u00f4t\u00e9, le secr\u00e9taire g\u00e9n\u00e9ral Luc Fran\u00e7ois Beyeme Obiang, dit Doyen, insiste sur la rigueur technique et r\u00e9glementaire :<\/p>\n\n\n\n<blockquote class=\"wp-block-quote is-layout-flow wp-block-quote-is-layout-flow\">\n<p>\u00ab Toutes les dispositions r\u00e9glementaires seront appliqu\u00e9es durant la comp\u00e9tition. Nous veillerons \u00e0 l\u2019\u00e9quit\u00e9 et au bon d\u00e9roulement des matchs, tout en garantissant un encadrement conforme aux standards requis \u00bb.<\/p>\n<\/blockquote>\n\n\n\n<figure class=\"wp-block-image size-full is-resized\"><img loading=\"lazy\" decoding=\"async\" width=\"728\" height=\"90\" src=\"https:\/\/www.lesportif.info\/wp-content\/uploads\/2025\/11\/167149_815301487_1a98d8501b84bc74eed24d51a02d2c4b.jpg\" alt=\"\" class=\"wp-image-103509\" style=\"aspect-ratio:8.090119812467442;width:840px;height:auto\" srcset=\"https:\/\/www.lesportif.info\/wp-content\/uploads\/2025\/11\/167149_815301487_1a98d8501b84bc74eed24d51a02d2c4b.jpg 728w, https:\/\/www.lesportif.info\/wp-content\/uploads\/2025\/11\/167149_815301487_1a98d8501b84bc74eed24d51a02d2c4b-300x37.jpg 300w, https:\/\/www.lesportif.info\/wp-content\/uploads\/2025\/11\/167149_815301487_1a98d8501b84bc74eed24d51a02d2c4b-128x16.jpg 128w, https:\/\/www.lesportif.info\/wp-content\/uploads\/2025\/11\/167149_815301487_1a98d8501b84bc74eed24d51a02d2c4b-32x4.jpg 32w\" sizes=\"(max-width: 728px) 100vw, 728px\" \/><\/figure>\n\n\n\n<h3 class=\"wp-block-heading\">Un appel \u00e0 la mobilisation<\/h3>\n\n\n\n<p>Le secr\u00e9taire g\u00e9n\u00e9ral adjoint charg\u00e9 de la communication, Stevy Ndoutoumou Allogo, appelle \u00e0 une mobilisation collective :<\/p>\n\n\n\n<blockquote class=\"wp-block-quote is-layout-flow wp-block-quote-is-layout-flow\">\n<p>\u00ab Nous invitons le public, les sponsors, les \u00e9lus locaux, les hauts cadres ressortissants du d\u00e9partement du Ntem ainsi que nos partenaires \u00e0 accompagner cette initiative. Le tournoi BISSO est celui de toute la communaut\u00e9 bitamoise, et leur soutien est essentiel pour sa r\u00e9ussite \u00bb.<\/p>\n<\/blockquote>\n\n\n\n<figure class=\"wp-block-image size-large\"><img loading=\"lazy\" decoding=\"async\" width=\"1024\" height=\"796\" src=\"https:\/\/www.lesportif.info\/wp-content\/uploads\/2025\/10\/WhatsApp-Image-2025-10-11-a-12.12.10_8f62f793-1024x796.jpg\" alt=\"\" class=\"wp-image-103289\" srcset=\"https:\/\/www.lesportif.info\/wp-content\/uploads\/2025\/10\/WhatsApp-Image-2025-10-11-a-12.12.10_8f62f793-1024x796.jpg 1024w, https:\/\/www.lesportif.info\/wp-content\/uploads\/2025\/10\/WhatsApp-Image-2025-10-11-a-12.12.10_8f62f793-300x233.jpg 300w, https:\/\/www.lesportif.info\/wp-content\/uploads\/2025\/10\/WhatsApp-Image-2025-10-11-a-12.12.10_8f62f793-768x597.jpg 768w, https:\/\/www.lesportif.info\/wp-content\/uploads\/2025\/10\/WhatsApp-Image-2025-10-11-a-12.12.10_8f62f793-128x100.jpg 128w, https:\/\/www.lesportif.info\/wp-content\/uploads\/2025\/10\/WhatsApp-Image-2025-10-11-a-12.12.10_8f62f793-32x25.jpg 32w, https:\/\/www.lesportif.info\/wp-content\/uploads\/2025\/10\/WhatsApp-Image-2025-10-11-a-12.12.10_8f62f793.jpg 1280w\" sizes=\"(max-width: 1024px) 100vw, 1024px\" \/><\/figure>\n\n\n\n<p>Au-del\u00e0 de l\u2019aspect comp\u00e9titif, le Tournoi BISSO se positionne comme un v\u00e9ritable outil de coh\u00e9sion sociale et de promotion du football local. Le rendez-vous est donc pris pour le 8 mars, date du coup d\u2019envoi de cette premi\u00e8re \u00e9dition prometteuse.<\/p>\n\n\n\n<p><\/p>\n","protected":false},"excerpt":{"rendered":"<p>Le tirage au sort de la toute premi\u00e8re \u00e9dition du Tournoi BISSO s\u2019est d\u00e9roul\u00e9 dimanche dernier \u00e0 Libreville, en pr\u00e9sence des membres du comit\u00e9 d\u2019organisation et des repr\u00e9sentants des \u00e9quipes engag\u00e9es. <\/p>\n","protected":false},"author":10,"featured_media":103974,"comment_status":"open","ping_status":"open","sticky":false,"template":"","format":"standard","meta":{"_uag_custom_page_level_css":"","footnotes":""},"categories":[75,28,4],"tags":[],"class_list":["post-103972","post","type-post","status-publish","format-standard","has-post-thumbnail","hentry","category-a-la-une","category-football","category-gabon"],"yoast_head":"<!-- This site is optimized with the Yoast SEO plugin v26.6 - https:\/\/yoast.com\/wordpress\/plugins\/seo\/ -->\n<title>Tournoi BISSO : huit \u00e9quipes pr\u00eates pour le coup d\u2019envoi ! - Lesportif<\/title>\n<meta name=\"description\" content=\"Le tirage au sort de la toute premi\u00e8re \u00e9dition du Tournoi BISSO s\u2019est d\u00e9roul\u00e9 dimanche dernier \u00e0 Libreville, en pr\u00e9sence des membres du comit\u00e9 d\u2019organisation et des repr\u00e9sentants des \u00e9quipes engag\u00e9es.\" \/>\n<meta name=\"robots\" content=\"index, follow, max-snippet:-1, max-image-preview:large, max-video-preview:-1\" \/>\n<link rel=\"canonical\" href=\"https:\/\/www.lesportif.info\/?p=103972\" \/>\n<meta property=\"og:locale\" content=\"fr_FR\" \/>\n<meta property=\"og:type\" content=\"article\" \/>\n<meta property=\"og:title\" content=\"Tournoi BISSO : huit \u00e9quipes pr\u00eates pour le coup d\u2019envoi ! - Lesportif\" \/>\n<meta property=\"og:description\" content=\"Le tirage au sort de la toute premi\u00e8re \u00e9dition du Tournoi BISSO s\u2019est d\u00e9roul\u00e9 dimanche dernier \u00e0 Libreville, en pr\u00e9sence des membres du comit\u00e9 d\u2019organisation et des repr\u00e9sentants des \u00e9quipes engag\u00e9es.\" \/>\n<meta property=\"og:url\" content=\"https:\/\/www.lesportif.info\/?p=103972\" \/>\n<meta property=\"og:site_name\" content=\"Lesportif\" \/>\n<meta property=\"article:publisher\" content=\"https:\/\/www.facebook.com\/lesportif.site\/\" \/>\n<meta property=\"article:published_time\" content=\"2026-02-25T08:37:34+00:00\" \/>\n<meta property=\"article:modified_time\" content=\"2026-02-25T08:39:56+00:00\" \/>\n<meta property=\"og:image\" content=\"https:\/\/www.lesportif.info\/wp-content\/uploads\/2026\/02\/24.jpeg\" \/>\n\t<meta property=\"og:image:width\" content=\"1280\" \/>\n\t<meta property=\"og:image:height\" content=\"591\" \/>\n\t<meta property=\"og:image:type\" content=\"image\/jpeg\" \/>\n<meta name=\"author\" content=\"Herald TSONGA\" \/>\n<meta name=\"twitter:card\" content=\"summary_large_image\" \/>\n<meta name=\"twitter:label1\" content=\"\u00c9crit par\" \/>\n\t<meta name=\"twitter:data1\" content=\"Herald TSONGA\" \/>\n\t<meta name=\"twitter:label2\" content=\"Dur\u00e9e de lecture estim\u00e9e\" \/>\n\t<meta name=\"twitter:data2\" content=\"3 minutes\" \/>\n<script type=\"application\/ld+json\" class=\"yoast-schema-graph\">{\"@context\":\"https:\/\/schema.org\",\"@graph\":[{\"@type\":\"Article\",\"@id\":\"https:\/\/www.lesportif.info\/?p=103972#article\",\"isPartOf\":{\"@id\":\"https:\/\/www.lesportif.info\/?p=103972\"},\"author\":{\"name\":\"Herald TSONGA\",\"@id\":\"https:\/\/www.lesportif.info\/#\/schema\/person\/9fb130baca2fe63add53f6883be861f6\"},\"headline\":\"Tournoi BISSO : huit \u00e9quipes pr\u00eates pour le coup d\u2019envoi !\",\"datePublished\":\"2026-02-25T08:37:34+00:00\",\"dateModified\":\"2026-02-25T08:39:56+00:00\",\"mainEntityOfPage\":{\"@id\":\"https:\/\/www.lesportif.info\/?p=103972\"},\"wordCount\":410,\"commentCount\":0,\"publisher\":{\"@id\":\"https:\/\/www.lesportif.info\/#organization\"},\"image\":{\"@id\":\"https:\/\/www.lesportif.info\/?p=103972#primaryimage\"},\"thumbnailUrl\":\"https:\/\/www.lesportif.info\/wp-content\/uploads\/2026\/02\/24.jpeg\",\"articleSection\":[\"A LA UNE\",\"FOOTBALL\",\"Gabon\"],\"inLanguage\":\"fr-FR\",\"potentialAction\":[{\"@type\":\"CommentAction\",\"name\":\"Comment\",\"target\":[\"https:\/\/www.lesportif.info\/?p=103972#respond\"]}]},{\"@type\":\"WebPage\",\"@id\":\"https:\/\/www.lesportif.info\/?p=103972\",\"url\":\"https:\/\/www.lesportif.info\/?p=103972\",\"name\":\"Tournoi BISSO : huit \u00e9quipes pr\u00eates pour le coup d\u2019envoi ! - Lesportif\",\"isPartOf\":{\"@id\":\"https:\/\/www.lesportif.info\/#website\"},\"primaryImageOfPage\":{\"@id\":\"https:\/\/www.lesportif.info\/?p=103972#primaryimage\"},\"image\":{\"@id\":\"https:\/\/www.lesportif.info\/?p=103972#primaryimage\"},\"thumbnailUrl\":\"https:\/\/www.lesportif.info\/wp-content\/uploads\/2026\/02\/24.jpeg\",\"datePublished\":\"2026-02-25T08:37:34+00:00\",\"dateModified\":\"2026-02-25T08:39:56+00:00\",\"description\":\"Le tirage au sort de la toute premi\u00e8re \u00e9dition du Tournoi BISSO s\u2019est d\u00e9roul\u00e9 dimanche dernier \u00e0 Libreville, en pr\u00e9sence des membres du comit\u00e9 d\u2019organisation et des repr\u00e9sentants des \u00e9quipes engag\u00e9es.\",\"breadcrumb\":{\"@id\":\"https:\/\/www.lesportif.info\/?p=103972#breadcrumb\"},\"inLanguage\":\"fr-FR\",\"potentialAction\":[{\"@type\":\"ReadAction\",\"target\":[\"https:\/\/www.lesportif.info\/?p=103972\"]}]},{\"@type\":\"ImageObject\",\"inLanguage\":\"fr-FR\",\"@id\":\"https:\/\/www.lesportif.info\/?p=103972#primaryimage\",\"url\":\"https:\/\/www.lesportif.info\/wp-content\/uploads\/2026\/02\/24.jpeg\",\"contentUrl\":\"https:\/\/www.lesportif.info\/wp-content\/uploads\/2026\/02\/24.jpeg\",\"width\":1280,\"height\":591},{\"@type\":\"BreadcrumbList\",\"@id\":\"https:\/\/www.lesportif.info\/?p=103972#breadcrumb\",\"itemListElement\":[{\"@type\":\"ListItem\",\"position\":1,\"name\":\"Accueil\",\"item\":\"https:\/\/www.lesportif.info\/\"},{\"@type\":\"ListItem\",\"position\":2,\"name\":\"Tournoi BISSO : huit \u00e9quipes pr\u00eates pour le coup d\u2019envoi !\"}]},{\"@type\":\"WebSite\",\"@id\":\"https:\/\/www.lesportif.info\/#website\",\"url\":\"https:\/\/www.lesportif.info\/\",\"name\":\"www.lesportif:info\",\"description\":\"L&#039;information juste et v\u00e9rifi\u00e9e\",\"publisher\":{\"@id\":\"https:\/\/www.lesportif.info\/#organization\"},\"alternateName\":\"Lesportif\",\"potentialAction\":[{\"@type\":\"SearchAction\",\"target\":{\"@type\":\"EntryPoint\",\"urlTemplate\":\"https:\/\/www.lesportif.info\/?s={search_term_string}\"},\"query-input\":{\"@type\":\"PropertyValueSpecification\",\"valueRequired\":true,\"valueName\":\"search_term_string\"}}],\"inLanguage\":\"fr-FR\"},{\"@type\":\"Organization\",\"@id\":\"https:\/\/www.lesportif.info\/#organization\",\"name\":\"Lesportif\",\"alternateName\":\"Lesportif\",\"url\":\"https:\/\/www.lesportif.info\/\",\"logo\":{\"@type\":\"ImageObject\",\"inLanguage\":\"fr-FR\",\"@id\":\"https:\/\/www.lesportif.info\/#\/schema\/logo\/image\/\",\"url\":\"https:\/\/www.lesportif.info\/wp-content\/uploads\/2023\/12\/cropped-logo-noel-removebg-preview.png\",\"contentUrl\":\"https:\/\/www.lesportif.info\/wp-content\/uploads\/2023\/12\/cropped-logo-noel-removebg-preview.png\",\"width\":482,\"height\":482,\"caption\":\"Lesportif\"},\"image\":{\"@id\":\"https:\/\/www.lesportif.info\/#\/schema\/logo\/image\/\"},\"sameAs\":[\"https:\/\/www.facebook.com\/lesportif.site\/\"]},{\"@type\":\"Person\",\"@id\":\"https:\/\/www.lesportif.info\/#\/schema\/person\/9fb130baca2fe63add53f6883be861f6\",\"name\":\"Herald TSONGA\",\"image\":{\"@type\":\"ImageObject\",\"inLanguage\":\"fr-FR\",\"@id\":\"https:\/\/www.lesportif.info\/#\/schema\/person\/image\/\",\"url\":\"https:\/\/secure.gravatar.com\/avatar\/60935db15e823d85d78a5812c3a0dbfed207f55705a4ed218eb6ee8271ca13b5?s=96&d=mm&r=g\",\"contentUrl\":\"https:\/\/secure.gravatar.com\/avatar\/60935db15e823d85d78a5812c3a0dbfed207f55705a4ed218eb6ee8271ca13b5?s=96&d=mm&r=g\",\"caption\":\"Herald TSONGA\"},\"url\":\"https:\/\/www.lesportif.info\/?author=10\"}]}<\/script>\n<!-- \/ Yoast SEO plugin. -->","yoast_head_json":{"title":"Tournoi BISSO : huit \u00e9quipes pr\u00eates pour le coup d\u2019envoi ! - Lesportif","description":"Le tirage au sort de la toute premi\u00e8re \u00e9dition du Tournoi BISSO s\u2019est d\u00e9roul\u00e9 dimanche dernier \u00e0 Libreville, en pr\u00e9sence des membres du comit\u00e9 d\u2019organisation et des repr\u00e9sentants des \u00e9quipes engag\u00e9es.","robots":{"index":"index","follow":"follow","max-snippet":"max-snippet:-1","max-image-preview":"max-image-preview:large","max-video-preview":"max-video-preview:-1"},"canonical":"https:\/\/www.lesportif.info\/?p=103972","og_locale":"fr_FR","og_type":"article","og_title":"Tournoi BISSO : huit \u00e9quipes pr\u00eates pour le coup d\u2019envoi ! - Lesportif","og_description":"Le tirage au sort de la toute premi\u00e8re \u00e9dition du Tournoi BISSO s\u2019est d\u00e9roul\u00e9 dimanche dernier \u00e0 Libreville, en pr\u00e9sence des membres du comit\u00e9 d\u2019organisation et des repr\u00e9sentants des \u00e9quipes engag\u00e9es.","og_url":"https:\/\/www.lesportif.info\/?p=103972","og_site_name":"Lesportif","article_publisher":"https:\/\/www.facebook.com\/lesportif.site\/","article_published_time":"2026-02-25T08:37:34+00:00","article_modified_time":"2026-02-25T08:39:56+00:00","og_image":[{"width":1280,"height":591,"url":"https:\/\/www.lesportif.info\/wp-content\/uploads\/2026\/02\/24.jpeg","type":"image\/jpeg"}],"author":"Herald TSONGA","twitter_card":"summary_large_image","twitter_misc":{"\u00c9crit par":"Herald TSONGA","Dur\u00e9e de lecture estim\u00e9e":"3 minutes"},"schema":{"@context":"https:\/\/schema.org","@graph":[{"@type":"Article","@id":"https:\/\/www.lesportif.info\/?p=103972#article","isPartOf":{"@id":"https:\/\/www.lesportif.info\/?p=103972"},"author":{"name":"Herald TSONGA","@id":"https:\/\/www.lesportif.info\/#\/schema\/person\/9fb130baca2fe63add53f6883be861f6"},"headline":"Tournoi BISSO : huit \u00e9quipes pr\u00eates pour le coup d\u2019envoi !","datePublished":"2026-02-25T08:37:34+00:00","dateModified":"2026-02-25T08:39:56+00:00","mainEntityOfPage":{"@id":"https:\/\/www.lesportif.info\/?p=103972"},"wordCount":410,"commentCount":0,"publisher":{"@id":"https:\/\/www.lesportif.info\/#organization"},"image":{"@id":"https:\/\/www.lesportif.info\/?p=103972#primaryimage"},"thumbnailUrl":"https:\/\/www.lesportif.info\/wp-content\/uploads\/2026\/02\/24.jpeg","articleSection":["A LA UNE","FOOTBALL","Gabon"],"inLanguage":"fr-FR","potentialAction":[{"@type":"CommentAction","name":"Comment","target":["https:\/\/www.lesportif.info\/?p=103972#respond"]}]},{"@type":"WebPage","@id":"https:\/\/www.lesportif.info\/?p=103972","url":"https:\/\/www.lesportif.info\/?p=103972","name":"Tournoi BISSO : huit \u00e9quipes pr\u00eates pour le coup d\u2019envoi ! - Lesportif","isPartOf":{"@id":"https:\/\/www.lesportif.info\/#website"},"primaryImageOfPage":{"@id":"https:\/\/www.lesportif.info\/?p=103972#primaryimage"},"image":{"@id":"https:\/\/www.lesportif.info\/?p=103972#primaryimage"},"thumbnailUrl":"https:\/\/www.lesportif.info\/wp-content\/uploads\/2026\/02\/24.jpeg","datePublished":"2026-02-25T08:37:34+00:00","dateModified":"2026-02-25T08:39:56+00:00","description":"Le tirage au sort de la toute premi\u00e8re \u00e9dition du Tournoi BISSO s\u2019est d\u00e9roul\u00e9 dimanche dernier \u00e0 Libreville, en pr\u00e9sence des membres du comit\u00e9 d\u2019organisation et des repr\u00e9sentants des \u00e9quipes engag\u00e9es.","breadcrumb":{"@id":"https:\/\/www.lesportif.info\/?p=103972#breadcrumb"},"inLanguage":"fr-FR","potentialAction":[{"@type":"ReadAction","target":["https:\/\/www.lesportif.info\/?p=103972"]}]},{"@type":"ImageObject","inLanguage":"fr-FR","@id":"https:\/\/www.lesportif.info\/?p=103972#primaryimage","url":"https:\/\/www.lesportif.info\/wp-content\/uploads\/2026\/02\/24.jpeg","contentUrl":"https:\/\/www.lesportif.info\/wp-content\/uploads\/2026\/02\/24.jpeg","width":1280,"height":591},{"@type":"BreadcrumbList","@id":"https:\/\/www.lesportif.info\/?p=103972#breadcrumb","itemListElement":[{"@type":"ListItem","position":1,"name":"Accueil","item":"https:\/\/www.lesportif.info\/"},{"@type":"ListItem","position":2,"name":"Tournoi BISSO : huit \u00e9quipes pr\u00eates pour le coup d\u2019envoi !"}]},{"@type":"WebSite","@id":"https:\/\/www.lesportif.info\/#website","url":"https:\/\/www.lesportif.info\/","name":"www.lesportif:info","description":"L&#039;information juste et v\u00e9rifi\u00e9e","publisher":{"@id":"https:\/\/www.lesportif.info\/#organization"},"alternateName":"Lesportif","potentialAction":[{"@type":"SearchAction","target":{"@type":"EntryPoint","urlTemplate":"https:\/\/www.lesportif.info\/?s={search_term_string}"},"query-input":{"@type":"PropertyValueSpecification","valueRequired":true,"valueName":"search_term_string"}}],"inLanguage":"fr-FR"},{"@type":"Organization","@id":"https:\/\/www.lesportif.info\/#organization","name":"Lesportif","alternateName":"Lesportif","url":"https:\/\/www.lesportif.info\/","logo":{"@type":"ImageObject","inLanguage":"fr-FR","@id":"https:\/\/www.lesportif.info\/#\/schema\/logo\/image\/","url":"https:\/\/www.lesportif.info\/wp-content\/uploads\/2023\/12\/cropped-logo-noel-removebg-preview.png","contentUrl":"https:\/\/www.lesportif.info\/wp-content\/uploads\/2023\/12\/cropped-logo-noel-removebg-preview.png","width":482,"height":482,"caption":"Lesportif"},"image":{"@id":"https:\/\/www.lesportif.info\/#\/schema\/logo\/image\/"},"sameAs":["https:\/\/www.facebook.com\/lesportif.site\/"]},{"@type":"Person","@id":"https:\/\/www.lesportif.info\/#\/schema\/person\/9fb130baca2fe63add53f6883be861f6","name":"Herald TSONGA","image":{"@type":"ImageObject","inLanguage":"fr-FR","@id":"https:\/\/www.lesportif.info\/#\/schema\/person\/image\/","url":"https:\/\/secure.gravatar.com\/avatar\/60935db15e823d85d78a5812c3a0dbfed207f55705a4ed218eb6ee8271ca13b5?s=96&d=mm&r=g","contentUrl":"https:\/\/secure.gravatar.com\/avatar\/60935db15e823d85d78a5812c3a0dbfed207f55705a4ed218eb6ee8271ca13b5?s=96&d=mm&r=g","caption":"Herald TSONGA"},"url":"https:\/\/www.lesportif.info\/?author=10"}]}},"uagb_featured_image_src":{"full":["https:\/\/www.lesportif.info\/wp-content\/uploads\/2026\/02\/24.jpeg",1280,591,false],"thumbnail":["https:\/\/www.lesportif.info\/wp-content\/uploads\/2026\/02\/24-150x150.jpeg",150,150,true],"medium":["https:\/\/www.lesportif.info\/wp-content\/uploads\/2026\/02\/24-300x139.jpeg",300,139,true],"medium_large":["https:\/\/www.lesportif.info\/wp-content\/uploads\/2026\/02\/24-768x355.jpeg",650,300,true],"large":["https:\/\/www.lesportif.info\/wp-content\/uploads\/2026\/02\/24-1024x473.jpeg",650,300,true],"1536x1536":["https:\/\/www.lesportif.info\/wp-content\/uploads\/2026\/02\/24.jpeg",1280,591,false],"2048x2048":["https:\/\/www.lesportif.info\/wp-content\/uploads\/2026\/02\/24.jpeg",1280,591,false],"sportspress-crop-medium":["https:\/\/www.lesportif.info\/wp-content\/uploads\/2026\/02\/24-300x300.jpeg",300,300,true],"sportspress-fit-medium":["https:\/\/www.lesportif.info\/wp-content\/uploads\/2026\/02\/24-300x139.jpeg",300,139,true],"sportspress-fit-icon":["https:\/\/www.lesportif.info\/wp-content\/uploads\/2026\/02\/24-128x59.jpeg",128,59,true],"sportspress-fit-mini":["https:\/\/www.lesportif.info\/wp-content\/uploads\/2026\/02\/24-32x15.jpeg",32,15,true],"ultp_layout_landscape_large":["https:\/\/www.lesportif.info\/wp-content\/uploads\/2026\/02\/24-1200x591.jpeg",1200,591,true],"ultp_layout_landscape":["https:\/\/www.lesportif.info\/wp-content\/uploads\/2026\/02\/24-870x570.jpeg",870,570,true],"ultp_layout_portrait":["https:\/\/www.lesportif.info\/wp-content\/uploads\/2026\/02\/24-600x591.jpeg",600,591,true],"ultp_layout_square":["https:\/\/www.lesportif.info\/wp-content\/uploads\/2026\/02\/24-600x591.jpeg",600,591,true]},"uagb_author_info":{"display_name":"Herald TSONGA","author_link":"https:\/\/www.lesportif.info\/?author=10"},"uagb_comment_info":0,"uagb_excerpt":"Le tirage au sort de la toute premi\u00e8re \u00e9dition du Tournoi BISSO s\u2019est d\u00e9roul\u00e9 dimanche dernier \u00e0 Libreville, en pr\u00e9sence des membres du comit\u00e9 d\u2019organisation et des repr\u00e9sentants des \u00e9quipes engag\u00e9es.","featured_image_urls":{"full":["https:\/\/www.lesportif.info\/wp-content\/uploads\/2026\/02\/24.jpeg",1280,591,false],"thumbnail":["https:\/\/www.lesportif.info\/wp-content\/uploads\/2026\/02\/24-150x150.jpeg",150,150,true],"medium":["https:\/\/www.lesportif.info\/wp-content\/uploads\/2026\/02\/24-300x139.jpeg",300,139,true],"medium_large":["https:\/\/www.lesportif.info\/wp-content\/uploads\/2026\/02\/24-768x355.jpeg",650,300,true],"large":["https:\/\/www.lesportif.info\/wp-content\/uploads\/2026\/02\/24-1024x473.jpeg",650,300,true],"1536x1536":["https:\/\/www.lesportif.info\/wp-content\/uploads\/2026\/02\/24.jpeg",1280,591,false],"2048x2048":["https:\/\/www.lesportif.info\/wp-content\/uploads\/2026\/02\/24.jpeg",1280,591,false],"sportspress-crop-medium":["https:\/\/www.lesportif.info\/wp-content\/uploads\/2026\/02\/24-300x300.jpeg",300,300,true],"sportspress-fit-medium":["https:\/\/www.lesportif.info\/wp-content\/uploads\/2026\/02\/24-300x139.jpeg",300,139,true],"sportspress-fit-icon":["https:\/\/www.lesportif.info\/wp-content\/uploads\/2026\/02\/24-128x59.jpeg",128,59,true],"sportspress-fit-mini":["https:\/\/www.lesportif.info\/wp-content\/uploads\/2026\/02\/24-32x15.jpeg",32,15,true],"ultp_layout_landscape_large":["https:\/\/www.lesportif.info\/wp-content\/uploads\/2026\/02\/24-1200x591.jpeg",1200,591,true],"ultp_layout_landscape":["https:\/\/www.lesportif.info\/wp-content\/uploads\/2026\/02\/24-870x570.jpeg",870,570,true],"ultp_layout_portrait":["https:\/\/www.lesportif.info\/wp-content\/uploads\/2026\/02\/24-600x591.jpeg",600,591,true],"ultp_layout_square":["https:\/\/www.lesportif.info\/wp-content\/uploads\/2026\/02\/24-600x591.jpeg",600,591,true]},"author_info":{"display_name":"Herald TSONGA","author_link":"https:\/\/www.lesportif.info\/?author=10"},"category_info":"<a href=\"https:\/\/www.lesportif.info\/?cat=75\" rel=\"category\">A LA UNE<\/a> <a href=\"https:\/\/www.lesportif.info\/?cat=28\" rel=\"category\">FOOTBALL<\/a> <a href=\"https:\/\/www.lesportif.info\/?cat=4\" rel=\"category\">Gabon<\/a>","tag_info":"Gabon","comment_count":"0","rttpg_featured_image_url":{"full":["https:\/\/www.lesportif.info\/wp-content\/uploads\/2026\/02\/24.jpeg",1280,591,false],"landscape":["https:\/\/www.lesportif.info\/wp-content\/uploads\/2026\/02\/24.jpeg",1280,591,false],"portraits":["https:\/\/www.lesportif.info\/wp-content\/uploads\/2026\/02\/24.jpeg",1280,591,false],"thumbnail":["https:\/\/www.lesportif.info\/wp-content\/uploads\/2026\/02\/24-150x150.jpeg",150,150,true],"medium":["https:\/\/www.lesportif.info\/wp-content\/uploads\/2026\/02\/24-300x139.jpeg",300,139,true],"large":["https:\/\/www.lesportif.info\/wp-content\/uploads\/2026\/02\/24-1024x473.jpeg",650,300,true],"1536x1536":["https:\/\/www.lesportif.info\/wp-content\/uploads\/2026\/02\/24.jpeg",1280,591,false],"2048x2048":["https:\/\/www.lesportif.info\/wp-content\/uploads\/2026\/02\/24.jpeg",1280,591,false],"sportspress-crop-medium":["https:\/\/www.lesportif.info\/wp-content\/uploads\/2026\/02\/24-300x300.jpeg",300,300,true],"sportspress-fit-medium":["https:\/\/www.lesportif.info\/wp-content\/uploads\/2026\/02\/24-300x139.jpeg",300,139,true],"sportspress-fit-icon":["https:\/\/www.lesportif.info\/wp-content\/uploads\/2026\/02\/24-128x59.jpeg",128,59,true],"sportspress-fit-mini":["https:\/\/www.lesportif.info\/wp-content\/uploads\/2026\/02\/24-32x15.jpeg",32,15,true],"ultp_layout_landscape_large":["https:\/\/www.lesportif.info\/wp-content\/uploads\/2026\/02\/24-1200x591.jpeg",1200,591,true],"ultp_layout_landscape":["https:\/\/www.lesportif.info\/wp-content\/uploads\/2026\/02\/24-870x570.jpeg",870,570,true],"ultp_layout_portrait":["https:\/\/www.lesportif.info\/wp-content\/uploads\/2026\/02\/24-600x591.jpeg",600,591,true],"ultp_layout_square":["https:\/\/www.lesportif.info\/wp-content\/uploads\/2026\/02\/24-600x591.jpeg",600,591,true]},"rttpg_author":{"display_name":"Herald TSONGA","author_link":"https:\/\/www.lesportif.info\/?author=10"},"rttpg_comment":0,"rttpg_category":"<a href=\"https:\/\/www.lesportif.info\/?cat=75\" rel=\"category\">A LA UNE<\/a> <a href=\"https:\/\/www.lesportif.info\/?cat=28\" rel=\"category\">FOOTBALL<\/a> <a href=\"https:\/\/www.lesportif.info\/?cat=4\" rel=\"category\">Gabon<\/a>","rttpg_excerpt":"Le tirage au sort de la toute premi\u00e8re \u00e9dition du Tournoi BISSO s\u2019est d\u00e9roul\u00e9 dimanche dernier \u00e0 Libreville, en pr\u00e9sence des membres du comit\u00e9 d\u2019organisation et des repr\u00e9sentants des \u00e9quipes engag\u00e9es.","_links":{"self":[{"href":"https:\/\/www.lesportif.info\/index.php?rest_route=\/wp\/v2\/posts\/103972","targetHints":{"allow":["GET"]}}],"collection":[{"href":"https:\/\/www.lesportif.info\/index.php?rest_route=\/wp\/v2\/posts"}],"about":[{"href":"https:\/\/www.lesportif.info\/index.php?rest_route=\/wp\/v2\/types\/post"}],"author":[{"embeddable":true,"href":"https:\/\/www.lesportif.info\/index.php?rest_route=\/wp\/v2\/users\/10"}],"replies":[{"embeddable":true,"href":"https:\/\/www.lesportif.info\/index.php?rest_route=%2Fwp%2Fv2%2Fcomments&post=103972"}],"version-history":[{"count":1,"href":"https:\/\/www.lesportif.info\/index.php?rest_route=\/wp\/v2\/posts\/103972\/revisions"}],"predecessor-version":[{"id":103975,"href":"https:\/\/www.lesportif.info\/index.php?rest_route=\/wp\/v2\/posts\/103972\/revisions\/103975"}],"wp:featuredmedia":[{"embeddable":true,"href":"https:\/\/www.lesportif.info\/index.php?rest_route=\/wp\/v2\/media\/103974"}],"wp:attachment":[{"href":"https:\/\/www.lesportif.info\/index.php?rest_route=%2Fwp%2Fv2%2Fmedia&parent=103972"}],"wp:term":[{"taxonomy":"category","embeddable":true,"href":"https:\/\/www.lesportif.info\/index.php?rest_route=%2Fwp%2Fv2%2Fcategories&post=103972"},{"taxonomy":"post_tag","embeddable":true,"href":"https:\/\/www.lesportif.info\/index.php?rest_route=%2Fwp%2Fv2%2Ftags&post=103972"}],"curies":[{"name":"wp","href":"https:\/\/api.w.org\/{rel}","templated":true}]}}