{"id":103968,"date":"2026-02-24T20:03:02","date_gmt":"2026-02-24T19:03:02","guid":{"rendered":"https:\/\/www.lesportif.info\/?p=103968"},"modified":"2026-02-24T20:03:05","modified_gmt":"2026-02-24T19:03:05","slug":"crise-au-sein-de-lusb-tous-chez-rene-pour-trancher","status":"publish","type":"post","link":"https:\/\/www.lesportif.info\/?p=103968","title":{"rendered":"Crise au sein de l\u2019USB\u00a0: : tous chez Ren\u00e9 pour trancher !"},"content":{"rendered":"\n<p><strong>La crise qui secoue l\u2019Union Sportive de Bitam (USB) conna\u00eet un nouveau tournant. Une r\u00e9union s\u2019est tenue cet apr\u00e8s-midi au si\u00e8ge de la Ligue Nationale de Football (LINAF), r\u00e9unissant les deux camps rivaux : celui de Billy Bendo Edo et celui de Samy Edgard Esson Obiang, chacun se revendiquant pr\u00e9sident du club.<\/strong><\/p>\n\n\n\n<figure class=\"wp-block-image size-full is-resized\"><img fetchpriority=\"high\" decoding=\"async\" width=\"728\" height=\"90\" src=\"https:\/\/www.lesportif.info\/wp-content\/uploads\/2025\/11\/Votre-pub.png\" alt=\"\" class=\"wp-image-103507\" style=\"aspect-ratio:8.090119812467442;width:840px;height:auto\" srcset=\"https:\/\/www.lesportif.info\/wp-content\/uploads\/2025\/11\/Votre-pub.png 728w, https:\/\/www.lesportif.info\/wp-content\/uploads\/2025\/11\/Votre-pub-300x37.png 300w, https:\/\/www.lesportif.info\/wp-content\/uploads\/2025\/11\/Votre-pub-128x16.png 128w, https:\/\/www.lesportif.info\/wp-content\/uploads\/2025\/11\/Votre-pub-32x4.png 32w\" sizes=\"(max-width: 728px) 100vw, 728px\" \/><\/figure>\n\n\n\n<figure class=\"wp-block-image size-large\"><img decoding=\"async\" width=\"1024\" height=\"682\" src=\"https:\/\/www.lesportif.info\/wp-content\/uploads\/2026\/02\/USB-2-1024x682.jpeg\" alt=\"\" class=\"wp-image-103970\" srcset=\"https:\/\/www.lesportif.info\/wp-content\/uploads\/2026\/02\/USB-2-1024x682.jpeg 1024w, https:\/\/www.lesportif.info\/wp-content\/uploads\/2026\/02\/USB-2-300x200.jpeg 300w, https:\/\/www.lesportif.info\/wp-content\/uploads\/2026\/02\/USB-2-768x512.jpeg 768w, https:\/\/www.lesportif.info\/wp-content\/uploads\/2026\/02\/USB-2-128x85.jpeg 128w, https:\/\/www.lesportif.info\/wp-content\/uploads\/2026\/02\/USB-2-32x21.jpeg 32w, https:\/\/www.lesportif.info\/wp-content\/uploads\/2026\/02\/USB-2-1200x800.jpeg 1200w, https:\/\/www.lesportif.info\/wp-content\/uploads\/2026\/02\/USB-2.jpeg 1280w\" sizes=\"(max-width: 1024px) 100vw, 1024px\" \/><\/figure>\n\n\n\n<p>La rencontre \u00e9tait pr\u00e9sid\u00e9e par Brice Mbika Ndjambou, pr\u00e9sident de la LINAF. En ouverture des \u00e9changes, il a tenu \u00e0 pr\u00e9ciser :<br>\u00ab La LINAF n\u2019est pas un tribunal et ne prend pas parti. Nous vous avons fait venir ici afin que, ensemble, nous puissions trouver des solutions \u00e0 la crise qui secoue votre club. L\u2019USB ne doit pas vivre une telle situation. Nous devons trouver un consensus dans l\u2019int\u00e9r\u00eat des habitants de Bitam qui aiment ce club et croient encore \u00e0 son rayonnement. \u00bb<\/p>\n\n\n\n<figure class=\"wp-block-image size-full is-resized\"><img decoding=\"async\" width=\"728\" height=\"90\" src=\"https:\/\/www.lesportif.info\/wp-content\/uploads\/2025\/11\/167307_3550548934_bb7211d682c22735d0a2e8bcb4d26238-1.png\" alt=\"\" class=\"wp-image-103521\" style=\"aspect-ratio:8.090119812467442;width:839px;height:auto\" srcset=\"https:\/\/www.lesportif.info\/wp-content\/uploads\/2025\/11\/167307_3550548934_bb7211d682c22735d0a2e8bcb4d26238-1.png 728w, https:\/\/www.lesportif.info\/wp-content\/uploads\/2025\/11\/167307_3550548934_bb7211d682c22735d0a2e8bcb4d26238-1-300x37.png 300w, https:\/\/www.lesportif.info\/wp-content\/uploads\/2025\/11\/167307_3550548934_bb7211d682c22735d0a2e8bcb4d26238-1-128x16.png 128w, https:\/\/www.lesportif.info\/wp-content\/uploads\/2025\/11\/167307_3550548934_bb7211d682c22735d0a2e8bcb4d26238-1-32x4.png 32w\" sizes=\"(max-width: 728px) 100vw, 728px\" \/><\/figure>\n\n\n\n<h3 class=\"wp-block-heading\">Les arguments des deux camps<\/h3>\n\n\n\n<p>Prenant la parole, Billy Bendo Edo a affirm\u00e9 avoir \u00e9t\u00e9 nomm\u00e9 pour une dur\u00e9e de quatre ans par le pr\u00e9sident du comit\u00e9 de surveillance. Il dit avoir \u00e9t\u00e9 surpris d\u2019apprendre sa destitution par voie de communiqu\u00e9, sans notification officielle ni explication pr\u00e9alable.<\/p>\n\n\n\n<p>Selon lui, lorsqu\u2019il a pris les r\u00eanes du club, celui-ci \u00e9tait proche de la rel\u00e9gation en deuxi\u00e8me division. Il \u00e9voque \u00e9galement des d\u00e9penses personnelles estim\u00e9es \u00e0 plus de 60 millions de FCFA engag\u00e9es pour la relance de l\u2019\u00e9quipe. Il affirme d\u00e9tenir le proc\u00e8s-verbal attestant de sa nomination et regrette l\u2019absence de dialogue avec le camp adverse.<\/p>\n\n\n\n<p>De son c\u00f4t\u00e9, Samy Edgard Esson Obiang soutient avoir \u00e9t\u00e9 nomm\u00e9 par le conseil de surveillance, qu\u2019il consid\u00e8re comme l\u2019instance supr\u00eame du club. Il assure disposer des documents officiels relatifs \u00e0 cette d\u00e9signation et maintient la l\u00e9gitimit\u00e9 de sa pr\u00e9sidence.<\/p>\n\n\n\n<figure class=\"wp-block-image size-full is-resized\"><img loading=\"lazy\" decoding=\"async\" width=\"728\" height=\"90\" src=\"https:\/\/www.lesportif.info\/wp-content\/uploads\/2025\/10\/WhatsApp-Image-2025-10-10-a-15.05.44_42d8126a.jpg\" alt=\"\" class=\"wp-image-103265\" style=\"aspect-ratio:8.090119812467442;width:840px;height:auto\" srcset=\"https:\/\/www.lesportif.info\/wp-content\/uploads\/2025\/10\/WhatsApp-Image-2025-10-10-a-15.05.44_42d8126a.jpg 728w, https:\/\/www.lesportif.info\/wp-content\/uploads\/2025\/10\/WhatsApp-Image-2025-10-10-a-15.05.44_42d8126a-300x37.jpg 300w, https:\/\/www.lesportif.info\/wp-content\/uploads\/2025\/10\/WhatsApp-Image-2025-10-10-a-15.05.44_42d8126a-128x16.jpg 128w, https:\/\/www.lesportif.info\/wp-content\/uploads\/2025\/10\/WhatsApp-Image-2025-10-10-a-15.05.44_42d8126a-32x4.jpg 32w\" sizes=\"(max-width: 728px) 100vw, 728px\" \/><\/figure>\n\n\n\n<h3 class=\"wp-block-heading\">Vers une d\u00e9cision finale<\/h3>\n\n\n\n<p>Apr\u00e8s avoir \u00e9cout\u00e9 les deux parties, et afin de pr\u00e9server l\u2019image de l\u2019USB, la LINAF a d\u00e9cid\u00e9 de convoquer une nouvelle rencontre cette semaine en pr\u00e9sence de Ren\u00e9 Ndemezo\u2019o Obiang, pr\u00e9sident du comit\u00e9 de surveillance et acteur central de cette crise. L\u2019objectif est d\u2019aboutir \u00e0 une d\u00e9cision d\u00e9finitive.<\/p>\n\n\n\n<figure class=\"wp-block-image size-full is-resized\"><img loading=\"lazy\" decoding=\"async\" width=\"725\" height=\"523\" src=\"https:\/\/www.lesportif.info\/wp-content\/uploads\/2026\/02\/usb-0.jpg\" alt=\"\" class=\"wp-image-103960\" style=\"aspect-ratio:1.3862746855486838;width:839px;height:auto\" srcset=\"https:\/\/www.lesportif.info\/wp-content\/uploads\/2026\/02\/usb-0.jpg 725w, https:\/\/www.lesportif.info\/wp-content\/uploads\/2026\/02\/usb-0-300x216.jpg 300w, https:\/\/www.lesportif.info\/wp-content\/uploads\/2026\/02\/usb-0-128x92.jpg 128w, https:\/\/www.lesportif.info\/wp-content\/uploads\/2026\/02\/usb-0-32x23.jpg 32w\" sizes=\"(max-width: 725px) 100vw, 725px\" \/><\/figure>\n\n\n\n<p>Dans une volont\u00e9 d\u2019apaisement, la LINAF a exig\u00e9 des deux camps la transmission des proc\u00e8s-verbaux de nomination, d\u00fbment sign\u00e9s par les membres du conseil de surveillance.<\/p>\n\n\n\n<p>En attendant l\u2019issue de cette m\u00e9diation, les deux protagonistes pourront assister \u00e0 l\u2019assembl\u00e9e g\u00e9n\u00e9rale de la LINAF pr\u00e9vue ce samedi 28, non pas en qualit\u00e9 de pr\u00e9sident, mais en tant qu\u2019observateurs, sans droit de parole ni de d\u00e9cision.<\/p>\n\n\n\n<figure class=\"wp-block-image size-large\"><img loading=\"lazy\" decoding=\"async\" width=\"1024\" height=\"796\" src=\"https:\/\/www.lesportif.info\/wp-content\/uploads\/2025\/10\/WhatsApp-Image-2025-10-11-a-12.12.10_8f62f793-1024x796.jpg\" alt=\"\" class=\"wp-image-103289\" srcset=\"https:\/\/www.lesportif.info\/wp-content\/uploads\/2025\/10\/WhatsApp-Image-2025-10-11-a-12.12.10_8f62f793-1024x796.jpg 1024w, https:\/\/www.lesportif.info\/wp-content\/uploads\/2025\/10\/WhatsApp-Image-2025-10-11-a-12.12.10_8f62f793-300x233.jpg 300w, https:\/\/www.lesportif.info\/wp-content\/uploads\/2025\/10\/WhatsApp-Image-2025-10-11-a-12.12.10_8f62f793-768x597.jpg 768w, https:\/\/www.lesportif.info\/wp-content\/uploads\/2025\/10\/WhatsApp-Image-2025-10-11-a-12.12.10_8f62f793-128x100.jpg 128w, https:\/\/www.lesportif.info\/wp-content\/uploads\/2025\/10\/WhatsApp-Image-2025-10-11-a-12.12.10_8f62f793-32x25.jpg 32w, https:\/\/www.lesportif.info\/wp-content\/uploads\/2025\/10\/WhatsApp-Image-2025-10-11-a-12.12.10_8f62f793.jpg 1280w\" sizes=\"(max-width: 1024px) 100vw, 1024px\" \/><\/figure>\n\n\n\n<p>Une premi\u00e8re \u00e9tape vers une sortie de crise qui, esp\u00e9rons-le, permettra \u00e0 l\u2019Union Sportive de Bitam de retrouver stabilit\u00e9 et s\u00e9r\u00e9nit\u00e9.<\/p>\n\n\n\n<p><\/p>\n","protected":false},"excerpt":{"rendered":"<p>La crise qui secoue l\u2019Union Sportive de Bitam (USB) conna\u00eet un nouveau tournant. Une r\u00e9union s\u2019est tenue cet apr\u00e8s-midi au si\u00e8ge de la Ligue Nationale de Football (LINAF), r\u00e9unissant les deux camps rivaux : celui de Billy Bendo Edo et celui de Samy Edgard Esson Obiang, chacun se revendiquant pr\u00e9sident du club.<\/p>\n","protected":false},"author":11,"featured_media":103969,"comment_status":"open","ping_status":"open","sticky":false,"template":"","format":"standard","meta":{"_uag_custom_page_level_css":"","footnotes":""},"categories":[75,28,4,95],"tags":[],"class_list":["post-103968","post","type-post","status-publish","format-standard","has-post-thumbnail","hentry","category-a-la-une","category-football","category-gabon","category-national-foot-1"],"yoast_head":"<!-- This site is optimized with the Yoast SEO plugin v26.6 - https:\/\/yoast.com\/wordpress\/plugins\/seo\/ -->\n<title>Crise au sein de l\u2019USB\u00a0: : tous chez Ren\u00e9 pour trancher ! - Lesportif<\/title>\n<meta name=\"description\" content=\"La crise qui secoue l\u2019Union Sportive de Bitam (USB) conna\u00eet un nouveau tournant. Une r\u00e9union s\u2019est tenue cet apr\u00e8s-midi au si\u00e8ge de la Ligue Nationale de Football (LINAF), r\u00e9unissant les deux camps rivaux : celui de Billy Bendo Edo et celui de Samy Edgard Esson Obiang, chacun se revendiquant pr\u00e9sident du club.\" \/>\n<meta name=\"robots\" content=\"index, follow, max-snippet:-1, max-image-preview:large, max-video-preview:-1\" \/>\n<link rel=\"canonical\" href=\"https:\/\/www.lesportif.info\/?p=103968\" \/>\n<meta property=\"og:locale\" content=\"fr_FR\" \/>\n<meta property=\"og:type\" content=\"article\" \/>\n<meta property=\"og:title\" content=\"Crise au sein de l\u2019USB\u00a0: : tous chez Ren\u00e9 pour trancher ! - Lesportif\" \/>\n<meta property=\"og:description\" content=\"La crise qui secoue l\u2019Union Sportive de Bitam (USB) conna\u00eet un nouveau tournant. Une r\u00e9union s\u2019est tenue cet apr\u00e8s-midi au si\u00e8ge de la Ligue Nationale de Football (LINAF), r\u00e9unissant les deux camps rivaux : celui de Billy Bendo Edo et celui de Samy Edgard Esson Obiang, chacun se revendiquant pr\u00e9sident du club.\" \/>\n<meta property=\"og:url\" content=\"https:\/\/www.lesportif.info\/?p=103968\" \/>\n<meta property=\"og:site_name\" content=\"Lesportif\" \/>\n<meta property=\"article:publisher\" content=\"https:\/\/www.facebook.com\/lesportif.site\/\" \/>\n<meta property=\"article:published_time\" content=\"2026-02-24T19:03:02+00:00\" \/>\n<meta property=\"article:modified_time\" content=\"2026-02-24T19:03:05+00:00\" \/>\n<meta property=\"og:image\" content=\"https:\/\/www.lesportif.info\/wp-content\/uploads\/2026\/02\/USB-1.jpeg\" \/>\n\t<meta property=\"og:image:width\" content=\"1280\" \/>\n\t<meta property=\"og:image:height\" content=\"787\" \/>\n\t<meta property=\"og:image:type\" content=\"image\/jpeg\" \/>\n<meta name=\"author\" content=\"Moutsinga Gabrielle Nathalie\" \/>\n<meta name=\"twitter:card\" content=\"summary_large_image\" \/>\n<meta name=\"twitter:label1\" content=\"\u00c9crit par\" \/>\n\t<meta name=\"twitter:data1\" content=\"Moutsinga Gabrielle Nathalie\" \/>\n\t<meta name=\"twitter:label2\" content=\"Dur\u00e9e de lecture estim\u00e9e\" \/>\n\t<meta name=\"twitter:data2\" content=\"4 minutes\" \/>\n<script type=\"application\/ld+json\" class=\"yoast-schema-graph\">{\"@context\":\"https:\/\/schema.org\",\"@graph\":[{\"@type\":\"Article\",\"@id\":\"https:\/\/www.lesportif.info\/?p=103968#article\",\"isPartOf\":{\"@id\":\"https:\/\/www.lesportif.info\/?p=103968\"},\"author\":{\"name\":\"Moutsinga Gabrielle Nathalie\",\"@id\":\"https:\/\/www.lesportif.info\/#\/schema\/person\/e7da024defe46a0372c31b61b8608bab\"},\"headline\":\"Crise au sein de l\u2019USB\u00a0: : tous chez Ren\u00e9 pour trancher !\",\"datePublished\":\"2026-02-24T19:03:02+00:00\",\"dateModified\":\"2026-02-24T19:03:05+00:00\",\"mainEntityOfPage\":{\"@id\":\"https:\/\/www.lesportif.info\/?p=103968\"},\"wordCount\":486,\"commentCount\":0,\"publisher\":{\"@id\":\"https:\/\/www.lesportif.info\/#organization\"},\"image\":{\"@id\":\"https:\/\/www.lesportif.info\/?p=103968#primaryimage\"},\"thumbnailUrl\":\"https:\/\/www.lesportif.info\/wp-content\/uploads\/2026\/02\/USB-1.jpeg\",\"articleSection\":[\"A LA UNE\",\"FOOTBALL\",\"Gabon\",\"NATIONAL FOOT 1\"],\"inLanguage\":\"fr-FR\",\"potentialAction\":[{\"@type\":\"CommentAction\",\"name\":\"Comment\",\"target\":[\"https:\/\/www.lesportif.info\/?p=103968#respond\"]}]},{\"@type\":\"WebPage\",\"@id\":\"https:\/\/www.lesportif.info\/?p=103968\",\"url\":\"https:\/\/www.lesportif.info\/?p=103968\",\"name\":\"Crise au sein de l\u2019USB\u00a0: : tous chez Ren\u00e9 pour trancher ! - Lesportif\",\"isPartOf\":{\"@id\":\"https:\/\/www.lesportif.info\/#website\"},\"primaryImageOfPage\":{\"@id\":\"https:\/\/www.lesportif.info\/?p=103968#primaryimage\"},\"image\":{\"@id\":\"https:\/\/www.lesportif.info\/?p=103968#primaryimage\"},\"thumbnailUrl\":\"https:\/\/www.lesportif.info\/wp-content\/uploads\/2026\/02\/USB-1.jpeg\",\"datePublished\":\"2026-02-24T19:03:02+00:00\",\"dateModified\":\"2026-02-24T19:03:05+00:00\",\"description\":\"La crise qui secoue l\u2019Union Sportive de Bitam (USB) conna\u00eet un nouveau tournant. Une r\u00e9union s\u2019est tenue cet apr\u00e8s-midi au si\u00e8ge de la Ligue Nationale de Football (LINAF), r\u00e9unissant les deux camps rivaux : celui de Billy Bendo Edo et celui de Samy Edgard Esson Obiang, chacun se revendiquant pr\u00e9sident du club.\",\"breadcrumb\":{\"@id\":\"https:\/\/www.lesportif.info\/?p=103968#breadcrumb\"},\"inLanguage\":\"fr-FR\",\"potentialAction\":[{\"@type\":\"ReadAction\",\"target\":[\"https:\/\/www.lesportif.info\/?p=103968\"]}]},{\"@type\":\"ImageObject\",\"inLanguage\":\"fr-FR\",\"@id\":\"https:\/\/www.lesportif.info\/?p=103968#primaryimage\",\"url\":\"https:\/\/www.lesportif.info\/wp-content\/uploads\/2026\/02\/USB-1.jpeg\",\"contentUrl\":\"https:\/\/www.lesportif.info\/wp-content\/uploads\/2026\/02\/USB-1.jpeg\",\"width\":1280,\"height\":787},{\"@type\":\"BreadcrumbList\",\"@id\":\"https:\/\/www.lesportif.info\/?p=103968#breadcrumb\",\"itemListElement\":[{\"@type\":\"ListItem\",\"position\":1,\"name\":\"Accueil\",\"item\":\"https:\/\/www.lesportif.info\/\"},{\"@type\":\"ListItem\",\"position\":2,\"name\":\"Crise au sein de l\u2019USB\u00a0: : tous chez Ren\u00e9 pour trancher !\"}]},{\"@type\":\"WebSite\",\"@id\":\"https:\/\/www.lesportif.info\/#website\",\"url\":\"https:\/\/www.lesportif.info\/\",\"name\":\"www.lesportif:info\",\"description\":\"L&#039;information juste et v\u00e9rifi\u00e9e\",\"publisher\":{\"@id\":\"https:\/\/www.lesportif.info\/#organization\"},\"alternateName\":\"Lesportif\",\"potentialAction\":[{\"@type\":\"SearchAction\",\"target\":{\"@type\":\"EntryPoint\",\"urlTemplate\":\"https:\/\/www.lesportif.info\/?s={search_term_string}\"},\"query-input\":{\"@type\":\"PropertyValueSpecification\",\"valueRequired\":true,\"valueName\":\"search_term_string\"}}],\"inLanguage\":\"fr-FR\"},{\"@type\":\"Organization\",\"@id\":\"https:\/\/www.lesportif.info\/#organization\",\"name\":\"Lesportif\",\"alternateName\":\"Lesportif\",\"url\":\"https:\/\/www.lesportif.info\/\",\"logo\":{\"@type\":\"ImageObject\",\"inLanguage\":\"fr-FR\",\"@id\":\"https:\/\/www.lesportif.info\/#\/schema\/logo\/image\/\",\"url\":\"https:\/\/www.lesportif.info\/wp-content\/uploads\/2023\/12\/cropped-logo-noel-removebg-preview.png\",\"contentUrl\":\"https:\/\/www.lesportif.info\/wp-content\/uploads\/2023\/12\/cropped-logo-noel-removebg-preview.png\",\"width\":482,\"height\":482,\"caption\":\"Lesportif\"},\"image\":{\"@id\":\"https:\/\/www.lesportif.info\/#\/schema\/logo\/image\/\"},\"sameAs\":[\"https:\/\/www.facebook.com\/lesportif.site\/\"]},{\"@type\":\"Person\",\"@id\":\"https:\/\/www.lesportif.info\/#\/schema\/person\/e7da024defe46a0372c31b61b8608bab\",\"name\":\"Moutsinga Gabrielle Nathalie\",\"image\":{\"@type\":\"ImageObject\",\"inLanguage\":\"fr-FR\",\"@id\":\"https:\/\/www.lesportif.info\/#\/schema\/person\/image\/\",\"url\":\"https:\/\/secure.gravatar.com\/avatar\/1e02fe86c61f30824d3e0fe2aea0ad97405a3b5c8a92e1d21335b8d1393c9ac7?s=96&d=mm&r=g\",\"contentUrl\":\"https:\/\/secure.gravatar.com\/avatar\/1e02fe86c61f30824d3e0fe2aea0ad97405a3b5c8a92e1d21335b8d1393c9ac7?s=96&d=mm&r=g\",\"caption\":\"Moutsinga Gabrielle Nathalie\"},\"url\":\"https:\/\/www.lesportif.info\/?author=11\"}]}<\/script>\n<!-- \/ Yoast SEO plugin. -->","yoast_head_json":{"title":"Crise au sein de l\u2019USB\u00a0: : tous chez Ren\u00e9 pour trancher ! - Lesportif","description":"La crise qui secoue l\u2019Union Sportive de Bitam (USB) conna\u00eet un nouveau tournant. Une r\u00e9union s\u2019est tenue cet apr\u00e8s-midi au si\u00e8ge de la Ligue Nationale de Football (LINAF), r\u00e9unissant les deux camps rivaux : celui de Billy Bendo Edo et celui de Samy Edgard Esson Obiang, chacun se revendiquant pr\u00e9sident du club.","robots":{"index":"index","follow":"follow","max-snippet":"max-snippet:-1","max-image-preview":"max-image-preview:large","max-video-preview":"max-video-preview:-1"},"canonical":"https:\/\/www.lesportif.info\/?p=103968","og_locale":"fr_FR","og_type":"article","og_title":"Crise au sein de l\u2019USB\u00a0: : tous chez Ren\u00e9 pour trancher ! - Lesportif","og_description":"La crise qui secoue l\u2019Union Sportive de Bitam (USB) conna\u00eet un nouveau tournant. Une r\u00e9union s\u2019est tenue cet apr\u00e8s-midi au si\u00e8ge de la Ligue Nationale de Football (LINAF), r\u00e9unissant les deux camps rivaux : celui de Billy Bendo Edo et celui de Samy Edgard Esson Obiang, chacun se revendiquant pr\u00e9sident du club.","og_url":"https:\/\/www.lesportif.info\/?p=103968","og_site_name":"Lesportif","article_publisher":"https:\/\/www.facebook.com\/lesportif.site\/","article_published_time":"2026-02-24T19:03:02+00:00","article_modified_time":"2026-02-24T19:03:05+00:00","og_image":[{"width":1280,"height":787,"url":"https:\/\/www.lesportif.info\/wp-content\/uploads\/2026\/02\/USB-1.jpeg","type":"image\/jpeg"}],"author":"Moutsinga Gabrielle Nathalie","twitter_card":"summary_large_image","twitter_misc":{"\u00c9crit par":"Moutsinga Gabrielle Nathalie","Dur\u00e9e de lecture estim\u00e9e":"4 minutes"},"schema":{"@context":"https:\/\/schema.org","@graph":[{"@type":"Article","@id":"https:\/\/www.lesportif.info\/?p=103968#article","isPartOf":{"@id":"https:\/\/www.lesportif.info\/?p=103968"},"author":{"name":"Moutsinga Gabrielle Nathalie","@id":"https:\/\/www.lesportif.info\/#\/schema\/person\/e7da024defe46a0372c31b61b8608bab"},"headline":"Crise au sein de l\u2019USB\u00a0: : tous chez Ren\u00e9 pour trancher !","datePublished":"2026-02-24T19:03:02+00:00","dateModified":"2026-02-24T19:03:05+00:00","mainEntityOfPage":{"@id":"https:\/\/www.lesportif.info\/?p=103968"},"wordCount":486,"commentCount":0,"publisher":{"@id":"https:\/\/www.lesportif.info\/#organization"},"image":{"@id":"https:\/\/www.lesportif.info\/?p=103968#primaryimage"},"thumbnailUrl":"https:\/\/www.lesportif.info\/wp-content\/uploads\/2026\/02\/USB-1.jpeg","articleSection":["A LA UNE","FOOTBALL","Gabon","NATIONAL FOOT 1"],"inLanguage":"fr-FR","potentialAction":[{"@type":"CommentAction","name":"Comment","target":["https:\/\/www.lesportif.info\/?p=103968#respond"]}]},{"@type":"WebPage","@id":"https:\/\/www.lesportif.info\/?p=103968","url":"https:\/\/www.lesportif.info\/?p=103968","name":"Crise au sein de l\u2019USB\u00a0: : tous chez Ren\u00e9 pour trancher ! - Lesportif","isPartOf":{"@id":"https:\/\/www.lesportif.info\/#website"},"primaryImageOfPage":{"@id":"https:\/\/www.lesportif.info\/?p=103968#primaryimage"},"image":{"@id":"https:\/\/www.lesportif.info\/?p=103968#primaryimage"},"thumbnailUrl":"https:\/\/www.lesportif.info\/wp-content\/uploads\/2026\/02\/USB-1.jpeg","datePublished":"2026-02-24T19:03:02+00:00","dateModified":"2026-02-24T19:03:05+00:00","description":"La crise qui secoue l\u2019Union Sportive de Bitam (USB) conna\u00eet un nouveau tournant. Une r\u00e9union s\u2019est tenue cet apr\u00e8s-midi au si\u00e8ge de la Ligue Nationale de Football (LINAF), r\u00e9unissant les deux camps rivaux : celui de Billy Bendo Edo et celui de Samy Edgard Esson Obiang, chacun se revendiquant pr\u00e9sident du club.","breadcrumb":{"@id":"https:\/\/www.lesportif.info\/?p=103968#breadcrumb"},"inLanguage":"fr-FR","potentialAction":[{"@type":"ReadAction","target":["https:\/\/www.lesportif.info\/?p=103968"]}]},{"@type":"ImageObject","inLanguage":"fr-FR","@id":"https:\/\/www.lesportif.info\/?p=103968#primaryimage","url":"https:\/\/www.lesportif.info\/wp-content\/uploads\/2026\/02\/USB-1.jpeg","contentUrl":"https:\/\/www.lesportif.info\/wp-content\/uploads\/2026\/02\/USB-1.jpeg","width":1280,"height":787},{"@type":"BreadcrumbList","@id":"https:\/\/www.lesportif.info\/?p=103968#breadcrumb","itemListElement":[{"@type":"ListItem","position":1,"name":"Accueil","item":"https:\/\/www.lesportif.info\/"},{"@type":"ListItem","position":2,"name":"Crise au sein de l\u2019USB\u00a0: : tous chez Ren\u00e9 pour trancher !"}]},{"@type":"WebSite","@id":"https:\/\/www.lesportif.info\/#website","url":"https:\/\/www.lesportif.info\/","name":"www.lesportif:info","description":"L&#039;information juste et v\u00e9rifi\u00e9e","publisher":{"@id":"https:\/\/www.lesportif.info\/#organization"},"alternateName":"Lesportif","potentialAction":[{"@type":"SearchAction","target":{"@type":"EntryPoint","urlTemplate":"https:\/\/www.lesportif.info\/?s={search_term_string}"},"query-input":{"@type":"PropertyValueSpecification","valueRequired":true,"valueName":"search_term_string"}}],"inLanguage":"fr-FR"},{"@type":"Organization","@id":"https:\/\/www.lesportif.info\/#organization","name":"Lesportif","alternateName":"Lesportif","url":"https:\/\/www.lesportif.info\/","logo":{"@type":"ImageObject","inLanguage":"fr-FR","@id":"https:\/\/www.lesportif.info\/#\/schema\/logo\/image\/","url":"https:\/\/www.lesportif.info\/wp-content\/uploads\/2023\/12\/cropped-logo-noel-removebg-preview.png","contentUrl":"https:\/\/www.lesportif.info\/wp-content\/uploads\/2023\/12\/cropped-logo-noel-removebg-preview.png","width":482,"height":482,"caption":"Lesportif"},"image":{"@id":"https:\/\/www.lesportif.info\/#\/schema\/logo\/image\/"},"sameAs":["https:\/\/www.facebook.com\/lesportif.site\/"]},{"@type":"Person","@id":"https:\/\/www.lesportif.info\/#\/schema\/person\/e7da024defe46a0372c31b61b8608bab","name":"Moutsinga Gabrielle Nathalie","image":{"@type":"ImageObject","inLanguage":"fr-FR","@id":"https:\/\/www.lesportif.info\/#\/schema\/person\/image\/","url":"https:\/\/secure.gravatar.com\/avatar\/1e02fe86c61f30824d3e0fe2aea0ad97405a3b5c8a92e1d21335b8d1393c9ac7?s=96&d=mm&r=g","contentUrl":"https:\/\/secure.gravatar.com\/avatar\/1e02fe86c61f30824d3e0fe2aea0ad97405a3b5c8a92e1d21335b8d1393c9ac7?s=96&d=mm&r=g","caption":"Moutsinga Gabrielle Nathalie"},"url":"https:\/\/www.lesportif.info\/?author=11"}]}},"uagb_featured_image_src":{"full":["https:\/\/www.lesportif.info\/wp-content\/uploads\/2026\/02\/USB-1.jpeg",1280,787,false],"thumbnail":["https:\/\/www.lesportif.info\/wp-content\/uploads\/2026\/02\/USB-1-150x150.jpeg",150,150,true],"medium":["https:\/\/www.lesportif.info\/wp-content\/uploads\/2026\/02\/USB-1-300x184.jpeg",300,184,true],"medium_large":["https:\/\/www.lesportif.info\/wp-content\/uploads\/2026\/02\/USB-1-768x472.jpeg",650,399,true],"large":["https:\/\/www.lesportif.info\/wp-content\/uploads\/2026\/02\/USB-1-1024x630.jpeg",650,400,true],"1536x1536":["https:\/\/www.lesportif.info\/wp-content\/uploads\/2026\/02\/USB-1.jpeg",1280,787,false],"2048x2048":["https:\/\/www.lesportif.info\/wp-content\/uploads\/2026\/02\/USB-1.jpeg",1280,787,false],"sportspress-crop-medium":["https:\/\/www.lesportif.info\/wp-content\/uploads\/2026\/02\/USB-1-300x300.jpeg",300,300,true],"sportspress-fit-medium":["https:\/\/www.lesportif.info\/wp-content\/uploads\/2026\/02\/USB-1-300x184.jpeg",300,184,true],"sportspress-fit-icon":["https:\/\/www.lesportif.info\/wp-content\/uploads\/2026\/02\/USB-1-128x79.jpeg",128,79,true],"sportspress-fit-mini":["https:\/\/www.lesportif.info\/wp-content\/uploads\/2026\/02\/USB-1-32x20.jpeg",32,20,true],"ultp_layout_landscape_large":["https:\/\/www.lesportif.info\/wp-content\/uploads\/2026\/02\/USB-1-1200x787.jpeg",1200,787,true],"ultp_layout_landscape":["https:\/\/www.lesportif.info\/wp-content\/uploads\/2026\/02\/USB-1-870x570.jpeg",870,570,true],"ultp_layout_portrait":["https:\/\/www.lesportif.info\/wp-content\/uploads\/2026\/02\/USB-1-600x787.jpeg",600,787,true],"ultp_layout_square":["https:\/\/www.lesportif.info\/wp-content\/uploads\/2026\/02\/USB-1-600x600.jpeg",600,600,true]},"uagb_author_info":{"display_name":"Moutsinga Gabrielle Nathalie","author_link":"https:\/\/www.lesportif.info\/?author=11"},"uagb_comment_info":0,"uagb_excerpt":"La crise qui secoue l\u2019Union Sportive de Bitam (USB) conna\u00eet un nouveau tournant. Une r\u00e9union s\u2019est tenue cet apr\u00e8s-midi au si\u00e8ge de la Ligue Nationale de Football (LINAF), r\u00e9unissant les deux camps rivaux : celui de Billy Bendo Edo et celui de Samy Edgard Esson Obiang, chacun se revendiquant pr\u00e9sident du club.","featured_image_urls":{"full":["https:\/\/www.lesportif.info\/wp-content\/uploads\/2026\/02\/USB-1.jpeg",1280,787,false],"thumbnail":["https:\/\/www.lesportif.info\/wp-content\/uploads\/2026\/02\/USB-1-150x150.jpeg",150,150,true],"medium":["https:\/\/www.lesportif.info\/wp-content\/uploads\/2026\/02\/USB-1-300x184.jpeg",300,184,true],"medium_large":["https:\/\/www.lesportif.info\/wp-content\/uploads\/2026\/02\/USB-1-768x472.jpeg",650,399,true],"large":["https:\/\/www.lesportif.info\/wp-content\/uploads\/2026\/02\/USB-1-1024x630.jpeg",650,400,true],"1536x1536":["https:\/\/www.lesportif.info\/wp-content\/uploads\/2026\/02\/USB-1.jpeg",1280,787,false],"2048x2048":["https:\/\/www.lesportif.info\/wp-content\/uploads\/2026\/02\/USB-1.jpeg",1280,787,false],"sportspress-crop-medium":["https:\/\/www.lesportif.info\/wp-content\/uploads\/2026\/02\/USB-1-300x300.jpeg",300,300,true],"sportspress-fit-medium":["https:\/\/www.lesportif.info\/wp-content\/uploads\/2026\/02\/USB-1-300x184.jpeg",300,184,true],"sportspress-fit-icon":["https:\/\/www.lesportif.info\/wp-content\/uploads\/2026\/02\/USB-1-128x79.jpeg",128,79,true],"sportspress-fit-mini":["https:\/\/www.lesportif.info\/wp-content\/uploads\/2026\/02\/USB-1-32x20.jpeg",32,20,true],"ultp_layout_landscape_large":["https:\/\/www.lesportif.info\/wp-content\/uploads\/2026\/02\/USB-1-1200x787.jpeg",1200,787,true],"ultp_layout_landscape":["https:\/\/www.lesportif.info\/wp-content\/uploads\/2026\/02\/USB-1-870x570.jpeg",870,570,true],"ultp_layout_portrait":["https:\/\/www.lesportif.info\/wp-content\/uploads\/2026\/02\/USB-1-600x787.jpeg",600,787,true],"ultp_layout_square":["https:\/\/www.lesportif.info\/wp-content\/uploads\/2026\/02\/USB-1-600x600.jpeg",600,600,true]},"author_info":{"display_name":"Moutsinga Gabrielle Nathalie","author_link":"https:\/\/www.lesportif.info\/?author=11"},"category_info":"<a href=\"https:\/\/www.lesportif.info\/?cat=75\" rel=\"category\">A LA UNE<\/a> <a href=\"https:\/\/www.lesportif.info\/?cat=28\" rel=\"category\">FOOTBALL<\/a> <a href=\"https:\/\/www.lesportif.info\/?cat=4\" rel=\"category\">Gabon<\/a> <a href=\"https:\/\/www.lesportif.info\/?cat=95\" rel=\"category\">NATIONAL FOOT 1<\/a>","tag_info":"NATIONAL FOOT 1","comment_count":"0","rttpg_featured_image_url":{"full":["https:\/\/www.lesportif.info\/wp-content\/uploads\/2026\/02\/USB-1.jpeg",1280,787,false],"landscape":["https:\/\/www.lesportif.info\/wp-content\/uploads\/2026\/02\/USB-1.jpeg",1280,787,false],"portraits":["https:\/\/www.lesportif.info\/wp-content\/uploads\/2026\/02\/USB-1.jpeg",1280,787,false],"thumbnail":["https:\/\/www.lesportif.info\/wp-content\/uploads\/2026\/02\/USB-1-150x150.jpeg",150,150,true],"medium":["https:\/\/www.lesportif.info\/wp-content\/uploads\/2026\/02\/USB-1-300x184.jpeg",300,184,true],"large":["https:\/\/www.lesportif.info\/wp-content\/uploads\/2026\/02\/USB-1-1024x630.jpeg",650,400,true],"1536x1536":["https:\/\/www.lesportif.info\/wp-content\/uploads\/2026\/02\/USB-1.jpeg",1280,787,false],"2048x2048":["https:\/\/www.lesportif.info\/wp-content\/uploads\/2026\/02\/USB-1.jpeg",1280,787,false],"sportspress-crop-medium":["https:\/\/www.lesportif.info\/wp-content\/uploads\/2026\/02\/USB-1-300x300.jpeg",300,300,true],"sportspress-fit-medium":["https:\/\/www.lesportif.info\/wp-content\/uploads\/2026\/02\/USB-1-300x184.jpeg",300,184,true],"sportspress-fit-icon":["https:\/\/www.lesportif.info\/wp-content\/uploads\/2026\/02\/USB-1-128x79.jpeg",128,79,true],"sportspress-fit-mini":["https:\/\/www.lesportif.info\/wp-content\/uploads\/2026\/02\/USB-1-32x20.jpeg",32,20,true],"ultp_layout_landscape_large":["https:\/\/www.lesportif.info\/wp-content\/uploads\/2026\/02\/USB-1-1200x787.jpeg",1200,787,true],"ultp_layout_landscape":["https:\/\/www.lesportif.info\/wp-content\/uploads\/2026\/02\/USB-1-870x570.jpeg",870,570,true],"ultp_layout_portrait":["https:\/\/www.lesportif.info\/wp-content\/uploads\/2026\/02\/USB-1-600x787.jpeg",600,787,true],"ultp_layout_square":["https:\/\/www.lesportif.info\/wp-content\/uploads\/2026\/02\/USB-1-600x600.jpeg",600,600,true]},"rttpg_author":{"display_name":"Moutsinga Gabrielle Nathalie","author_link":"https:\/\/www.lesportif.info\/?author=11"},"rttpg_comment":0,"rttpg_category":"<a href=\"https:\/\/www.lesportif.info\/?cat=75\" rel=\"category\">A LA UNE<\/a> <a href=\"https:\/\/www.lesportif.info\/?cat=28\" rel=\"category\">FOOTBALL<\/a> <a href=\"https:\/\/www.lesportif.info\/?cat=4\" rel=\"category\">Gabon<\/a> <a href=\"https:\/\/www.lesportif.info\/?cat=95\" rel=\"category\">NATIONAL FOOT 1<\/a>","rttpg_excerpt":"La crise qui secoue l\u2019Union Sportive de Bitam (USB) conna\u00eet un nouveau tournant. Une r\u00e9union s\u2019est tenue cet apr\u00e8s-midi au si\u00e8ge de la Ligue Nationale de Football (LINAF), r\u00e9unissant les deux camps rivaux : celui de Billy Bendo Edo et celui de Samy Edgard Esson Obiang, chacun se revendiquant pr\u00e9sident du club.","_links":{"self":[{"href":"https:\/\/www.lesportif.info\/index.php?rest_route=\/wp\/v2\/posts\/103968","targetHints":{"allow":["GET"]}}],"collection":[{"href":"https:\/\/www.lesportif.info\/index.php?rest_route=\/wp\/v2\/posts"}],"about":[{"href":"https:\/\/www.lesportif.info\/index.php?rest_route=\/wp\/v2\/types\/post"}],"author":[{"embeddable":true,"href":"https:\/\/www.lesportif.info\/index.php?rest_route=\/wp\/v2\/users\/11"}],"replies":[{"embeddable":true,"href":"https:\/\/www.lesportif.info\/index.php?rest_route=%2Fwp%2Fv2%2Fcomments&post=103968"}],"version-history":[{"count":1,"href":"https:\/\/www.lesportif.info\/index.php?rest_route=\/wp\/v2\/posts\/103968\/revisions"}],"predecessor-version":[{"id":103971,"href":"https:\/\/www.lesportif.info\/index.php?rest_route=\/wp\/v2\/posts\/103968\/revisions\/103971"}],"wp:featuredmedia":[{"embeddable":true,"href":"https:\/\/www.lesportif.info\/index.php?rest_route=\/wp\/v2\/media\/103969"}],"wp:attachment":[{"href":"https:\/\/www.lesportif.info\/index.php?rest_route=%2Fwp%2Fv2%2Fmedia&parent=103968"}],"wp:term":[{"taxonomy":"category","embeddable":true,"href":"https:\/\/www.lesportif.info\/index.php?rest_route=%2Fwp%2Fv2%2Fcategories&post=103968"},{"taxonomy":"post_tag","embeddable":true,"href":"https:\/\/www.lesportif.info\/index.php?rest_route=%2Fwp%2Fv2%2Ftags&post=103968"}],"curies":[{"name":"wp","href":"https:\/\/api.w.org\/{rel}","templated":true}]}}