{"id":103965,"date":"2026-02-24T13:50:13","date_gmt":"2026-02-24T12:50:13","guid":{"rendered":"https:\/\/www.lesportif.info\/?p=103965"},"modified":"2026-02-24T13:50:14","modified_gmt":"2026-02-24T12:50:14","slug":"pantheres-le-28-cest-le-28","status":"publish","type":"post","link":"https:\/\/www.lesportif.info\/?p=103965","title":{"rendered":"Panth\u00e8res : le 28, c\u2019est le 28 !"},"content":{"rendered":"\n<p><strong>C\u2019est \u00e0 la date annonc\u00e9e par la F\u00e9d\u00e9ration gabonaise de football que sera rendu public le nom du successeur de Thierry Mouyouma \u00e0 la t\u00eate des Panth\u00e8res du Gabon.<\/strong><\/p>\n\n\n\n<figure class=\"wp-block-image size-full is-resized\"><img fetchpriority=\"high\" decoding=\"async\" width=\"728\" height=\"90\" src=\"https:\/\/www.lesportif.info\/wp-content\/uploads\/2025\/11\/Votre-pub.png\" alt=\"\" class=\"wp-image-103507\" style=\"aspect-ratio:8.090119812467442;width:839px;height:auto\" srcset=\"https:\/\/www.lesportif.info\/wp-content\/uploads\/2025\/11\/Votre-pub.png 728w, https:\/\/www.lesportif.info\/wp-content\/uploads\/2025\/11\/Votre-pub-300x37.png 300w, https:\/\/www.lesportif.info\/wp-content\/uploads\/2025\/11\/Votre-pub-128x16.png 128w, https:\/\/www.lesportif.info\/wp-content\/uploads\/2025\/11\/Votre-pub-32x4.png 32w\" sizes=\"(max-width: 728px) 100vw, 728px\" \/><\/figure>\n\n\n\n<figure class=\"wp-block-image size-large\"><img decoding=\"async\" width=\"1024\" height=\"683\" src=\"https:\/\/www.lesportif.info\/wp-content\/uploads\/2025\/12\/45-1024x683.jpg\" alt=\"\" class=\"wp-image-103812\" srcset=\"https:\/\/www.lesportif.info\/wp-content\/uploads\/2025\/12\/45-1024x683.jpg 1024w, https:\/\/www.lesportif.info\/wp-content\/uploads\/2025\/12\/45-300x200.jpg 300w, https:\/\/www.lesportif.info\/wp-content\/uploads\/2025\/12\/45-768x512.jpg 768w, https:\/\/www.lesportif.info\/wp-content\/uploads\/2025\/12\/45-1536x1024.jpg 1536w, https:\/\/www.lesportif.info\/wp-content\/uploads\/2025\/12\/45-2048x1365.jpg 2048w, https:\/\/www.lesportif.info\/wp-content\/uploads\/2025\/12\/45-128x85.jpg 128w, https:\/\/www.lesportif.info\/wp-content\/uploads\/2025\/12\/45-32x21.jpg 32w, https:\/\/www.lesportif.info\/wp-content\/uploads\/2025\/12\/45-1200x800.jpg 1200w\" sizes=\"(max-width: 1024px) 100vw, 1024px\" \/><\/figure>\n\n\n\n<p>Deux \u00e9tapes restent \u00e0 franchir avant de conna\u00eetre le prochain s\u00e9lectionneur national. Apr\u00e8s avoir effectu\u00e9 le tri parmi 605 dossiers de candidature, la commission, qui a quasiment boucl\u00e9 ses travaux, entame d\u00e9sormais la derni\u00e8re ligne droite de la mission qui lui avait \u00e9t\u00e9 confi\u00e9e : \u00e9tudier l\u2019ensemble des candidatures et n\u2019en retenir que trois.<\/p>\n\n\n\n<figure class=\"wp-block-image size-full is-resized\"><img decoding=\"async\" width=\"728\" height=\"90\" src=\"https:\/\/www.lesportif.info\/wp-content\/uploads\/2025\/11\/167307_3550548934_bb7211d682c22735d0a2e8bcb4d26238.png\" alt=\"\" class=\"wp-image-103508\" style=\"aspect-ratio:8.090119812467442;width:840px;height:auto\" srcset=\"https:\/\/www.lesportif.info\/wp-content\/uploads\/2025\/11\/167307_3550548934_bb7211d682c22735d0a2e8bcb4d26238.png 728w, https:\/\/www.lesportif.info\/wp-content\/uploads\/2025\/11\/167307_3550548934_bb7211d682c22735d0a2e8bcb4d26238-300x37.png 300w, https:\/\/www.lesportif.info\/wp-content\/uploads\/2025\/11\/167307_3550548934_bb7211d682c22735d0a2e8bcb4d26238-128x16.png 128w, https:\/\/www.lesportif.info\/wp-content\/uploads\/2025\/11\/167307_3550548934_bb7211d682c22735d0a2e8bcb4d26238-32x4.png 32w\" sizes=\"(max-width: 728px) 100vw, 728px\" \/><\/figure>\n\n\n\n<figure class=\"wp-block-image size-full is-resized\"><img loading=\"lazy\" decoding=\"async\" width=\"800\" height=\"533\" src=\"https:\/\/www.lesportif.info\/wp-content\/uploads\/2026\/02\/commission-fegafoot-Gabon-LUnion.jpg\" alt=\"\" class=\"wp-image-103966\" style=\"aspect-ratio:1.500982087889537;width:840px;height:auto\" srcset=\"https:\/\/www.lesportif.info\/wp-content\/uploads\/2026\/02\/commission-fegafoot-Gabon-LUnion.jpg 800w, https:\/\/www.lesportif.info\/wp-content\/uploads\/2026\/02\/commission-fegafoot-Gabon-LUnion-300x200.jpg 300w, https:\/\/www.lesportif.info\/wp-content\/uploads\/2026\/02\/commission-fegafoot-Gabon-LUnion-768x512.jpg 768w, https:\/\/www.lesportif.info\/wp-content\/uploads\/2026\/02\/commission-fegafoot-Gabon-LUnion-128x85.jpg 128w, https:\/\/www.lesportif.info\/wp-content\/uploads\/2026\/02\/commission-fegafoot-Gabon-LUnion-32x21.jpg 32w\" sizes=\"(max-width: 800px) 100vw, 800px\" \/><\/figure>\n\n\n\n<p>Chose faite. Dans le courant de cette semaine, la commission transmettra au comit\u00e9 ex\u00e9cutif de la f\u00e9d\u00e9ration les r\u00e9sultats de ses travaux, men\u00e9s durant deux semaines. Apr\u00e8s r\u00e9ception des 4 noms retenus, le comit\u00e9 ex\u00e9cutif proc\u00e9dera \u00e0 leur transmission au ministre de la Jeunesse et des Sports. Celui-ci les soumettra \u00e0 son tour \u00e0 la Pr\u00e9sidence de la R\u00e9publique afin que le chef de l\u2019\u00c9tat d\u00e9cide de l\u2019identit\u00e9 du prochain coach des Panth\u00e8res du Gabon.<\/p>\n\n\n\n<figure class=\"wp-block-image size-full is-resized\"><img loading=\"lazy\" decoding=\"async\" width=\"728\" height=\"90\" src=\"https:\/\/www.lesportif.info\/wp-content\/uploads\/2025\/10\/WhatsApp-Image-2025-10-10-a-15.05.44_42d8126a.jpg\" alt=\"\" class=\"wp-image-103265\" style=\"aspect-ratio:8.090119812467442;width:838px;height:auto\" srcset=\"https:\/\/www.lesportif.info\/wp-content\/uploads\/2025\/10\/WhatsApp-Image-2025-10-10-a-15.05.44_42d8126a.jpg 728w, https:\/\/www.lesportif.info\/wp-content\/uploads\/2025\/10\/WhatsApp-Image-2025-10-10-a-15.05.44_42d8126a-300x37.jpg 300w, https:\/\/www.lesportif.info\/wp-content\/uploads\/2025\/10\/WhatsApp-Image-2025-10-10-a-15.05.44_42d8126a-128x16.jpg 128w, https:\/\/www.lesportif.info\/wp-content\/uploads\/2025\/10\/WhatsApp-Image-2025-10-10-a-15.05.44_42d8126a-32x4.jpg 32w\" sizes=\"(max-width: 728px) 100vw, 728px\" \/><\/figure>\n\n\n\n<figure class=\"wp-block-image size-large\"><img loading=\"lazy\" decoding=\"async\" width=\"1024\" height=\"687\" src=\"https:\/\/www.lesportif.info\/wp-content\/uploads\/2025\/08\/486348351_658132493841342_6781972364164075649_n-1024x687.jpg\" alt=\"\" class=\"wp-image-102782\" srcset=\"https:\/\/www.lesportif.info\/wp-content\/uploads\/2025\/08\/486348351_658132493841342_6781972364164075649_n-1024x687.jpg 1024w, https:\/\/www.lesportif.info\/wp-content\/uploads\/2025\/08\/486348351_658132493841342_6781972364164075649_n-300x201.jpg 300w, https:\/\/www.lesportif.info\/wp-content\/uploads\/2025\/08\/486348351_658132493841342_6781972364164075649_n-768x515.jpg 768w, https:\/\/www.lesportif.info\/wp-content\/uploads\/2025\/08\/486348351_658132493841342_6781972364164075649_n-1536x1031.jpg 1536w, https:\/\/www.lesportif.info\/wp-content\/uploads\/2025\/08\/486348351_658132493841342_6781972364164075649_n-128x86.jpg 128w, https:\/\/www.lesportif.info\/wp-content\/uploads\/2025\/08\/486348351_658132493841342_6781972364164075649_n-32x21.jpg 32w, https:\/\/www.lesportif.info\/wp-content\/uploads\/2025\/08\/486348351_658132493841342_6781972364164075649_n.jpg 2048w\" sizes=\"(max-width: 1024px) 100vw, 1024px\" \/><\/figure>\n\n\n\n<p>Selon certaines sources, une s\u00e9ance de travail en visioconf\u00e9rence a d\u00e9j\u00e0 eu lieu avec quatre profils pr\u00e9s\u00e9lectionn\u00e9s parmi les 605 dossiers. On note la pr\u00e9sence de deux entra\u00eeneurs fran\u00e7ais, d\u2019un Portugais et d\u2019un Franco-Portugais.<\/p>\n\n\n\n<figure class=\"wp-block-image size-large\"><img loading=\"lazy\" decoding=\"async\" width=\"1024\" height=\"132\" src=\"https:\/\/www.lesportif.info\/wp-content\/uploads\/2025\/01\/REVEAL-PUB-_-AFG_Bandeau-GMT-729x94-1-1024x132.png\" alt=\"\" class=\"wp-image-102063\" srcset=\"https:\/\/www.lesportif.info\/wp-content\/uploads\/2025\/01\/REVEAL-PUB-_-AFG_Bandeau-GMT-729x94-1-1024x132.png 1024w, https:\/\/www.lesportif.info\/wp-content\/uploads\/2025\/01\/REVEAL-PUB-_-AFG_Bandeau-GMT-729x94-1-300x39.png 300w, https:\/\/www.lesportif.info\/wp-content\/uploads\/2025\/01\/REVEAL-PUB-_-AFG_Bandeau-GMT-729x94-1-768x99.png 768w, https:\/\/www.lesportif.info\/wp-content\/uploads\/2025\/01\/REVEAL-PUB-_-AFG_Bandeau-GMT-729x94-1-1536x198.png 1536w, https:\/\/www.lesportif.info\/wp-content\/uploads\/2025\/01\/REVEAL-PUB-_-AFG_Bandeau-GMT-729x94-1-2048x264.png 2048w, https:\/\/www.lesportif.info\/wp-content\/uploads\/2025\/01\/REVEAL-PUB-_-AFG_Bandeau-GMT-729x94-1-128x17.png 128w, https:\/\/www.lesportif.info\/wp-content\/uploads\/2025\/01\/REVEAL-PUB-_-AFG_Bandeau-GMT-729x94-1-32x4.png 32w\" sizes=\"(max-width: 1024px) 100vw, 1024px\" \/><\/figure>\n\n\n\n<figure class=\"wp-block-image size-large\"><img loading=\"lazy\" decoding=\"async\" width=\"1024\" height=\"716\" src=\"https:\/\/www.lesportif.info\/wp-content\/uploads\/2025\/10\/492495232_679812081673383_6192709196589310167_n-1024x716.jpg\" alt=\"\" class=\"wp-image-103384\" srcset=\"https:\/\/www.lesportif.info\/wp-content\/uploads\/2025\/10\/492495232_679812081673383_6192709196589310167_n-1024x716.jpg 1024w, https:\/\/www.lesportif.info\/wp-content\/uploads\/2025\/10\/492495232_679812081673383_6192709196589310167_n-300x210.jpg 300w, https:\/\/www.lesportif.info\/wp-content\/uploads\/2025\/10\/492495232_679812081673383_6192709196589310167_n-768x537.jpg 768w, https:\/\/www.lesportif.info\/wp-content\/uploads\/2025\/10\/492495232_679812081673383_6192709196589310167_n-1536x1074.jpg 1536w, https:\/\/www.lesportif.info\/wp-content\/uploads\/2025\/10\/492495232_679812081673383_6192709196589310167_n-128x90.jpg 128w, https:\/\/www.lesportif.info\/wp-content\/uploads\/2025\/10\/492495232_679812081673383_6192709196589310167_n-32x22.jpg 32w, https:\/\/www.lesportif.info\/wp-content\/uploads\/2025\/10\/492495232_679812081673383_6192709196589310167_n.jpg 2048w\" sizes=\"(max-width: 1024px) 100vw, 1024px\" \/><\/figure>\n\n\n\n<p>Si le calendrier publi\u00e9 par la F\u00e9d\u00e9ration gabonaise de football est respect\u00e9, c\u2019est donc ce samedi 28 f\u00e9vrier que sera officiellement connu le successeur de Thierry Mouyouma.<\/p>\n\n\n\n<p><\/p>\n","protected":false},"excerpt":{"rendered":"<p>C\u2019est \u00e0 la date annonc\u00e9e par la F\u00e9d\u00e9ration gabonaise de football que sera rendu public le nom du successeur de Thierry Mouyouma \u00e0 la t\u00eate des Panth\u00e8res du Gabon.<\/p>\n","protected":false},"author":11,"featured_media":103808,"comment_status":"open","ping_status":"open","sticky":false,"template":"","format":"standard","meta":{"_uag_custom_page_level_css":"","footnotes":""},"categories":[75,28,4,84],"tags":[],"class_list":["post-103965","post","type-post","status-publish","format-standard","has-post-thumbnail","hentry","category-a-la-une","category-football","category-gabon","category-pantheres-a"],"yoast_head":"<!-- This site is optimized with the Yoast SEO plugin v26.6 - https:\/\/yoast.com\/wordpress\/plugins\/seo\/ -->\n<title>Panth\u00e8res : le 28, c\u2019est le 28 ! - Lesportif<\/title>\n<meta name=\"description\" content=\"C\u2019est \u00e0 la date annonc\u00e9e par la F\u00e9d\u00e9ration gabonaise de football que sera rendu public le nom du successeur de Thierry Mouyouma \u00e0 la t\u00eate des Panth\u00e8res du Gabon.\" \/>\n<meta name=\"robots\" content=\"index, follow, max-snippet:-1, max-image-preview:large, max-video-preview:-1\" \/>\n<link rel=\"canonical\" href=\"https:\/\/www.lesportif.info\/?p=103965\" \/>\n<meta property=\"og:locale\" content=\"fr_FR\" \/>\n<meta property=\"og:type\" content=\"article\" \/>\n<meta property=\"og:title\" content=\"Panth\u00e8res : le 28, c\u2019est le 28 ! - Lesportif\" \/>\n<meta property=\"og:description\" content=\"C\u2019est \u00e0 la date annonc\u00e9e par la F\u00e9d\u00e9ration gabonaise de football que sera rendu public le nom du successeur de Thierry Mouyouma \u00e0 la t\u00eate des Panth\u00e8res du Gabon.\" \/>\n<meta property=\"og:url\" content=\"https:\/\/www.lesportif.info\/?p=103965\" \/>\n<meta property=\"og:site_name\" content=\"Lesportif\" \/>\n<meta property=\"article:publisher\" content=\"https:\/\/www.facebook.com\/lesportif.site\/\" \/>\n<meta property=\"article:published_time\" content=\"2026-02-24T12:50:13+00:00\" \/>\n<meta property=\"article:modified_time\" content=\"2026-02-24T12:50:14+00:00\" \/>\n<meta property=\"og:image\" content=\"https:\/\/www.lesportif.info\/wp-content\/uploads\/2025\/12\/Zadig-10.jpg\" \/>\n\t<meta property=\"og:image:width\" content=\"1440\" \/>\n\t<meta property=\"og:image:height\" content=\"960\" \/>\n\t<meta property=\"og:image:type\" content=\"image\/jpeg\" \/>\n<meta name=\"author\" content=\"Moutsinga Gabrielle Nathalie\" \/>\n<meta name=\"twitter:card\" content=\"summary_large_image\" \/>\n<meta name=\"twitter:label1\" content=\"\u00c9crit par\" \/>\n\t<meta name=\"twitter:data1\" content=\"Moutsinga Gabrielle Nathalie\" \/>\n\t<meta name=\"twitter:label2\" content=\"Dur\u00e9e de lecture estim\u00e9e\" \/>\n\t<meta name=\"twitter:data2\" content=\"3 minutes\" \/>\n<script type=\"application\/ld+json\" class=\"yoast-schema-graph\">{\"@context\":\"https:\/\/schema.org\",\"@graph\":[{\"@type\":\"Article\",\"@id\":\"https:\/\/www.lesportif.info\/?p=103965#article\",\"isPartOf\":{\"@id\":\"https:\/\/www.lesportif.info\/?p=103965\"},\"author\":{\"name\":\"Moutsinga Gabrielle Nathalie\",\"@id\":\"https:\/\/www.lesportif.info\/#\/schema\/person\/e7da024defe46a0372c31b61b8608bab\"},\"headline\":\"Panth\u00e8res : le 28, c\u2019est le 28 !\",\"datePublished\":\"2026-02-24T12:50:13+00:00\",\"dateModified\":\"2026-02-24T12:50:14+00:00\",\"mainEntityOfPage\":{\"@id\":\"https:\/\/www.lesportif.info\/?p=103965\"},\"wordCount\":258,\"commentCount\":0,\"publisher\":{\"@id\":\"https:\/\/www.lesportif.info\/#organization\"},\"image\":{\"@id\":\"https:\/\/www.lesportif.info\/?p=103965#primaryimage\"},\"thumbnailUrl\":\"https:\/\/www.lesportif.info\/wp-content\/uploads\/2025\/12\/Zadig-10.jpg\",\"articleSection\":[\"A LA UNE\",\"FOOTBALL\",\"Gabon\",\"Panth\u00e8res A\"],\"inLanguage\":\"fr-FR\",\"potentialAction\":[{\"@type\":\"CommentAction\",\"name\":\"Comment\",\"target\":[\"https:\/\/www.lesportif.info\/?p=103965#respond\"]}]},{\"@type\":\"WebPage\",\"@id\":\"https:\/\/www.lesportif.info\/?p=103965\",\"url\":\"https:\/\/www.lesportif.info\/?p=103965\",\"name\":\"Panth\u00e8res : le 28, c\u2019est le 28 ! - Lesportif\",\"isPartOf\":{\"@id\":\"https:\/\/www.lesportif.info\/#website\"},\"primaryImageOfPage\":{\"@id\":\"https:\/\/www.lesportif.info\/?p=103965#primaryimage\"},\"image\":{\"@id\":\"https:\/\/www.lesportif.info\/?p=103965#primaryimage\"},\"thumbnailUrl\":\"https:\/\/www.lesportif.info\/wp-content\/uploads\/2025\/12\/Zadig-10.jpg\",\"datePublished\":\"2026-02-24T12:50:13+00:00\",\"dateModified\":\"2026-02-24T12:50:14+00:00\",\"description\":\"C\u2019est \u00e0 la date annonc\u00e9e par la F\u00e9d\u00e9ration gabonaise de football que sera rendu public le nom du successeur de Thierry Mouyouma \u00e0 la t\u00eate des Panth\u00e8res du Gabon.\",\"breadcrumb\":{\"@id\":\"https:\/\/www.lesportif.info\/?p=103965#breadcrumb\"},\"inLanguage\":\"fr-FR\",\"potentialAction\":[{\"@type\":\"ReadAction\",\"target\":[\"https:\/\/www.lesportif.info\/?p=103965\"]}]},{\"@type\":\"ImageObject\",\"inLanguage\":\"fr-FR\",\"@id\":\"https:\/\/www.lesportif.info\/?p=103965#primaryimage\",\"url\":\"https:\/\/www.lesportif.info\/wp-content\/uploads\/2025\/12\/Zadig-10.jpg\",\"contentUrl\":\"https:\/\/www.lesportif.info\/wp-content\/uploads\/2025\/12\/Zadig-10.jpg\",\"width\":1440,\"height\":960},{\"@type\":\"BreadcrumbList\",\"@id\":\"https:\/\/www.lesportif.info\/?p=103965#breadcrumb\",\"itemListElement\":[{\"@type\":\"ListItem\",\"position\":1,\"name\":\"Accueil\",\"item\":\"https:\/\/www.lesportif.info\/\"},{\"@type\":\"ListItem\",\"position\":2,\"name\":\"Panth\u00e8res : le 28, c\u2019est le 28 !\"}]},{\"@type\":\"WebSite\",\"@id\":\"https:\/\/www.lesportif.info\/#website\",\"url\":\"https:\/\/www.lesportif.info\/\",\"name\":\"www.lesportif:info\",\"description\":\"L&#039;information juste et v\u00e9rifi\u00e9e\",\"publisher\":{\"@id\":\"https:\/\/www.lesportif.info\/#organization\"},\"alternateName\":\"Lesportif\",\"potentialAction\":[{\"@type\":\"SearchAction\",\"target\":{\"@type\":\"EntryPoint\",\"urlTemplate\":\"https:\/\/www.lesportif.info\/?s={search_term_string}\"},\"query-input\":{\"@type\":\"PropertyValueSpecification\",\"valueRequired\":true,\"valueName\":\"search_term_string\"}}],\"inLanguage\":\"fr-FR\"},{\"@type\":\"Organization\",\"@id\":\"https:\/\/www.lesportif.info\/#organization\",\"name\":\"Lesportif\",\"alternateName\":\"Lesportif\",\"url\":\"https:\/\/www.lesportif.info\/\",\"logo\":{\"@type\":\"ImageObject\",\"inLanguage\":\"fr-FR\",\"@id\":\"https:\/\/www.lesportif.info\/#\/schema\/logo\/image\/\",\"url\":\"https:\/\/www.lesportif.info\/wp-content\/uploads\/2023\/12\/cropped-logo-noel-removebg-preview.png\",\"contentUrl\":\"https:\/\/www.lesportif.info\/wp-content\/uploads\/2023\/12\/cropped-logo-noel-removebg-preview.png\",\"width\":482,\"height\":482,\"caption\":\"Lesportif\"},\"image\":{\"@id\":\"https:\/\/www.lesportif.info\/#\/schema\/logo\/image\/\"},\"sameAs\":[\"https:\/\/www.facebook.com\/lesportif.site\/\"]},{\"@type\":\"Person\",\"@id\":\"https:\/\/www.lesportif.info\/#\/schema\/person\/e7da024defe46a0372c31b61b8608bab\",\"name\":\"Moutsinga Gabrielle Nathalie\",\"image\":{\"@type\":\"ImageObject\",\"inLanguage\":\"fr-FR\",\"@id\":\"https:\/\/www.lesportif.info\/#\/schema\/person\/image\/\",\"url\":\"https:\/\/secure.gravatar.com\/avatar\/1e02fe86c61f30824d3e0fe2aea0ad97405a3b5c8a92e1d21335b8d1393c9ac7?s=96&d=mm&r=g\",\"contentUrl\":\"https:\/\/secure.gravatar.com\/avatar\/1e02fe86c61f30824d3e0fe2aea0ad97405a3b5c8a92e1d21335b8d1393c9ac7?s=96&d=mm&r=g\",\"caption\":\"Moutsinga Gabrielle Nathalie\"},\"url\":\"https:\/\/www.lesportif.info\/?author=11\"}]}<\/script>\n<!-- \/ Yoast SEO plugin. -->","yoast_head_json":{"title":"Panth\u00e8res : le 28, c\u2019est le 28 ! - Lesportif","description":"C\u2019est \u00e0 la date annonc\u00e9e par la F\u00e9d\u00e9ration gabonaise de football que sera rendu public le nom du successeur de Thierry Mouyouma \u00e0 la t\u00eate des Panth\u00e8res du Gabon.","robots":{"index":"index","follow":"follow","max-snippet":"max-snippet:-1","max-image-preview":"max-image-preview:large","max-video-preview":"max-video-preview:-1"},"canonical":"https:\/\/www.lesportif.info\/?p=103965","og_locale":"fr_FR","og_type":"article","og_title":"Panth\u00e8res : le 28, c\u2019est le 28 ! - Lesportif","og_description":"C\u2019est \u00e0 la date annonc\u00e9e par la F\u00e9d\u00e9ration gabonaise de football que sera rendu public le nom du successeur de Thierry Mouyouma \u00e0 la t\u00eate des Panth\u00e8res du Gabon.","og_url":"https:\/\/www.lesportif.info\/?p=103965","og_site_name":"Lesportif","article_publisher":"https:\/\/www.facebook.com\/lesportif.site\/","article_published_time":"2026-02-24T12:50:13+00:00","article_modified_time":"2026-02-24T12:50:14+00:00","og_image":[{"width":1440,"height":960,"url":"https:\/\/www.lesportif.info\/wp-content\/uploads\/2025\/12\/Zadig-10.jpg","type":"image\/jpeg"}],"author":"Moutsinga Gabrielle Nathalie","twitter_card":"summary_large_image","twitter_misc":{"\u00c9crit par":"Moutsinga Gabrielle Nathalie","Dur\u00e9e de lecture estim\u00e9e":"3 minutes"},"schema":{"@context":"https:\/\/schema.org","@graph":[{"@type":"Article","@id":"https:\/\/www.lesportif.info\/?p=103965#article","isPartOf":{"@id":"https:\/\/www.lesportif.info\/?p=103965"},"author":{"name":"Moutsinga Gabrielle Nathalie","@id":"https:\/\/www.lesportif.info\/#\/schema\/person\/e7da024defe46a0372c31b61b8608bab"},"headline":"Panth\u00e8res : le 28, c\u2019est le 28 !","datePublished":"2026-02-24T12:50:13+00:00","dateModified":"2026-02-24T12:50:14+00:00","mainEntityOfPage":{"@id":"https:\/\/www.lesportif.info\/?p=103965"},"wordCount":258,"commentCount":0,"publisher":{"@id":"https:\/\/www.lesportif.info\/#organization"},"image":{"@id":"https:\/\/www.lesportif.info\/?p=103965#primaryimage"},"thumbnailUrl":"https:\/\/www.lesportif.info\/wp-content\/uploads\/2025\/12\/Zadig-10.jpg","articleSection":["A LA UNE","FOOTBALL","Gabon","Panth\u00e8res A"],"inLanguage":"fr-FR","potentialAction":[{"@type":"CommentAction","name":"Comment","target":["https:\/\/www.lesportif.info\/?p=103965#respond"]}]},{"@type":"WebPage","@id":"https:\/\/www.lesportif.info\/?p=103965","url":"https:\/\/www.lesportif.info\/?p=103965","name":"Panth\u00e8res : le 28, c\u2019est le 28 ! - Lesportif","isPartOf":{"@id":"https:\/\/www.lesportif.info\/#website"},"primaryImageOfPage":{"@id":"https:\/\/www.lesportif.info\/?p=103965#primaryimage"},"image":{"@id":"https:\/\/www.lesportif.info\/?p=103965#primaryimage"},"thumbnailUrl":"https:\/\/www.lesportif.info\/wp-content\/uploads\/2025\/12\/Zadig-10.jpg","datePublished":"2026-02-24T12:50:13+00:00","dateModified":"2026-02-24T12:50:14+00:00","description":"C\u2019est \u00e0 la date annonc\u00e9e par la F\u00e9d\u00e9ration gabonaise de football que sera rendu public le nom du successeur de Thierry Mouyouma \u00e0 la t\u00eate des Panth\u00e8res du Gabon.","breadcrumb":{"@id":"https:\/\/www.lesportif.info\/?p=103965#breadcrumb"},"inLanguage":"fr-FR","potentialAction":[{"@type":"ReadAction","target":["https:\/\/www.lesportif.info\/?p=103965"]}]},{"@type":"ImageObject","inLanguage":"fr-FR","@id":"https:\/\/www.lesportif.info\/?p=103965#primaryimage","url":"https:\/\/www.lesportif.info\/wp-content\/uploads\/2025\/12\/Zadig-10.jpg","contentUrl":"https:\/\/www.lesportif.info\/wp-content\/uploads\/2025\/12\/Zadig-10.jpg","width":1440,"height":960},{"@type":"BreadcrumbList","@id":"https:\/\/www.lesportif.info\/?p=103965#breadcrumb","itemListElement":[{"@type":"ListItem","position":1,"name":"Accueil","item":"https:\/\/www.lesportif.info\/"},{"@type":"ListItem","position":2,"name":"Panth\u00e8res : le 28, c\u2019est le 28 !"}]},{"@type":"WebSite","@id":"https:\/\/www.lesportif.info\/#website","url":"https:\/\/www.lesportif.info\/","name":"www.lesportif:info","description":"L&#039;information juste et v\u00e9rifi\u00e9e","publisher":{"@id":"https:\/\/www.lesportif.info\/#organization"},"alternateName":"Lesportif","potentialAction":[{"@type":"SearchAction","target":{"@type":"EntryPoint","urlTemplate":"https:\/\/www.lesportif.info\/?s={search_term_string}"},"query-input":{"@type":"PropertyValueSpecification","valueRequired":true,"valueName":"search_term_string"}}],"inLanguage":"fr-FR"},{"@type":"Organization","@id":"https:\/\/www.lesportif.info\/#organization","name":"Lesportif","alternateName":"Lesportif","url":"https:\/\/www.lesportif.info\/","logo":{"@type":"ImageObject","inLanguage":"fr-FR","@id":"https:\/\/www.lesportif.info\/#\/schema\/logo\/image\/","url":"https:\/\/www.lesportif.info\/wp-content\/uploads\/2023\/12\/cropped-logo-noel-removebg-preview.png","contentUrl":"https:\/\/www.lesportif.info\/wp-content\/uploads\/2023\/12\/cropped-logo-noel-removebg-preview.png","width":482,"height":482,"caption":"Lesportif"},"image":{"@id":"https:\/\/www.lesportif.info\/#\/schema\/logo\/image\/"},"sameAs":["https:\/\/www.facebook.com\/lesportif.site\/"]},{"@type":"Person","@id":"https:\/\/www.lesportif.info\/#\/schema\/person\/e7da024defe46a0372c31b61b8608bab","name":"Moutsinga Gabrielle Nathalie","image":{"@type":"ImageObject","inLanguage":"fr-FR","@id":"https:\/\/www.lesportif.info\/#\/schema\/person\/image\/","url":"https:\/\/secure.gravatar.com\/avatar\/1e02fe86c61f30824d3e0fe2aea0ad97405a3b5c8a92e1d21335b8d1393c9ac7?s=96&d=mm&r=g","contentUrl":"https:\/\/secure.gravatar.com\/avatar\/1e02fe86c61f30824d3e0fe2aea0ad97405a3b5c8a92e1d21335b8d1393c9ac7?s=96&d=mm&r=g","caption":"Moutsinga Gabrielle Nathalie"},"url":"https:\/\/www.lesportif.info\/?author=11"}]}},"uagb_featured_image_src":{"full":["https:\/\/www.lesportif.info\/wp-content\/uploads\/2025\/12\/Zadig-10.jpg",1440,960,false],"thumbnail":["https:\/\/www.lesportif.info\/wp-content\/uploads\/2025\/12\/Zadig-10-150x150.jpg",150,150,true],"medium":["https:\/\/www.lesportif.info\/wp-content\/uploads\/2025\/12\/Zadig-10-300x200.jpg",300,200,true],"medium_large":["https:\/\/www.lesportif.info\/wp-content\/uploads\/2025\/12\/Zadig-10-768x512.jpg",650,433,true],"large":["https:\/\/www.lesportif.info\/wp-content\/uploads\/2025\/12\/Zadig-10-1024x683.jpg",650,434,true],"1536x1536":["https:\/\/www.lesportif.info\/wp-content\/uploads\/2025\/12\/Zadig-10.jpg",1440,960,false],"2048x2048":["https:\/\/www.lesportif.info\/wp-content\/uploads\/2025\/12\/Zadig-10.jpg",1440,960,false],"sportspress-crop-medium":["https:\/\/www.lesportif.info\/wp-content\/uploads\/2025\/12\/Zadig-10-300x300.jpg",300,300,true],"sportspress-fit-medium":["https:\/\/www.lesportif.info\/wp-content\/uploads\/2025\/12\/Zadig-10-300x200.jpg",300,200,true],"sportspress-fit-icon":["https:\/\/www.lesportif.info\/wp-content\/uploads\/2025\/12\/Zadig-10-128x85.jpg",128,85,true],"sportspress-fit-mini":["https:\/\/www.lesportif.info\/wp-content\/uploads\/2025\/12\/Zadig-10-32x21.jpg",32,21,true],"ultp_layout_landscape_large":["https:\/\/www.lesportif.info\/wp-content\/uploads\/2025\/12\/Zadig-10-1200x800.jpg",1200,800,true],"ultp_layout_landscape":["https:\/\/www.lesportif.info\/wp-content\/uploads\/2025\/12\/Zadig-10-870x570.jpg",870,570,true],"ultp_layout_portrait":["https:\/\/www.lesportif.info\/wp-content\/uploads\/2025\/12\/Zadig-10-600x900.jpg",600,900,true],"ultp_layout_square":["https:\/\/www.lesportif.info\/wp-content\/uploads\/2025\/12\/Zadig-10-600x600.jpg",600,600,true]},"uagb_author_info":{"display_name":"Moutsinga Gabrielle Nathalie","author_link":"https:\/\/www.lesportif.info\/?author=11"},"uagb_comment_info":0,"uagb_excerpt":"C\u2019est \u00e0 la date annonc\u00e9e par la F\u00e9d\u00e9ration gabonaise de football que sera rendu public le nom du successeur de Thierry Mouyouma \u00e0 la t\u00eate des Panth\u00e8res du Gabon.","featured_image_urls":{"full":["https:\/\/www.lesportif.info\/wp-content\/uploads\/2025\/12\/Zadig-10.jpg",1440,960,false],"thumbnail":["https:\/\/www.lesportif.info\/wp-content\/uploads\/2025\/12\/Zadig-10-150x150.jpg",150,150,true],"medium":["https:\/\/www.lesportif.info\/wp-content\/uploads\/2025\/12\/Zadig-10-300x200.jpg",300,200,true],"medium_large":["https:\/\/www.lesportif.info\/wp-content\/uploads\/2025\/12\/Zadig-10-768x512.jpg",650,433,true],"large":["https:\/\/www.lesportif.info\/wp-content\/uploads\/2025\/12\/Zadig-10-1024x683.jpg",650,434,true],"1536x1536":["https:\/\/www.lesportif.info\/wp-content\/uploads\/2025\/12\/Zadig-10.jpg",1440,960,false],"2048x2048":["https:\/\/www.lesportif.info\/wp-content\/uploads\/2025\/12\/Zadig-10.jpg",1440,960,false],"sportspress-crop-medium":["https:\/\/www.lesportif.info\/wp-content\/uploads\/2025\/12\/Zadig-10-300x300.jpg",300,300,true],"sportspress-fit-medium":["https:\/\/www.lesportif.info\/wp-content\/uploads\/2025\/12\/Zadig-10-300x200.jpg",300,200,true],"sportspress-fit-icon":["https:\/\/www.lesportif.info\/wp-content\/uploads\/2025\/12\/Zadig-10-128x85.jpg",128,85,true],"sportspress-fit-mini":["https:\/\/www.lesportif.info\/wp-content\/uploads\/2025\/12\/Zadig-10-32x21.jpg",32,21,true],"ultp_layout_landscape_large":["https:\/\/www.lesportif.info\/wp-content\/uploads\/2025\/12\/Zadig-10-1200x800.jpg",1200,800,true],"ultp_layout_landscape":["https:\/\/www.lesportif.info\/wp-content\/uploads\/2025\/12\/Zadig-10-870x570.jpg",870,570,true],"ultp_layout_portrait":["https:\/\/www.lesportif.info\/wp-content\/uploads\/2025\/12\/Zadig-10-600x900.jpg",600,900,true],"ultp_layout_square":["https:\/\/www.lesportif.info\/wp-content\/uploads\/2025\/12\/Zadig-10-600x600.jpg",600,600,true]},"author_info":{"display_name":"Moutsinga Gabrielle Nathalie","author_link":"https:\/\/www.lesportif.info\/?author=11"},"category_info":"<a href=\"https:\/\/www.lesportif.info\/?cat=75\" rel=\"category\">A LA UNE<\/a> <a href=\"https:\/\/www.lesportif.info\/?cat=28\" rel=\"category\">FOOTBALL<\/a> <a href=\"https:\/\/www.lesportif.info\/?cat=4\" rel=\"category\">Gabon<\/a> <a href=\"https:\/\/www.lesportif.info\/?cat=84\" rel=\"category\">Panth\u00e8res A<\/a>","tag_info":"Panth\u00e8res A","comment_count":"0","rttpg_featured_image_url":{"full":["https:\/\/www.lesportif.info\/wp-content\/uploads\/2025\/12\/Zadig-10.jpg",1440,960,false],"landscape":["https:\/\/www.lesportif.info\/wp-content\/uploads\/2025\/12\/Zadig-10.jpg",1440,960,false],"portraits":["https:\/\/www.lesportif.info\/wp-content\/uploads\/2025\/12\/Zadig-10.jpg",1440,960,false],"thumbnail":["https:\/\/www.lesportif.info\/wp-content\/uploads\/2025\/12\/Zadig-10-150x150.jpg",150,150,true],"medium":["https:\/\/www.lesportif.info\/wp-content\/uploads\/2025\/12\/Zadig-10-300x200.jpg",300,200,true],"large":["https:\/\/www.lesportif.info\/wp-content\/uploads\/2025\/12\/Zadig-10-1024x683.jpg",650,434,true],"1536x1536":["https:\/\/www.lesportif.info\/wp-content\/uploads\/2025\/12\/Zadig-10.jpg",1440,960,false],"2048x2048":["https:\/\/www.lesportif.info\/wp-content\/uploads\/2025\/12\/Zadig-10.jpg",1440,960,false],"sportspress-crop-medium":["https:\/\/www.lesportif.info\/wp-content\/uploads\/2025\/12\/Zadig-10-300x300.jpg",300,300,true],"sportspress-fit-medium":["https:\/\/www.lesportif.info\/wp-content\/uploads\/2025\/12\/Zadig-10-300x200.jpg",300,200,true],"sportspress-fit-icon":["https:\/\/www.lesportif.info\/wp-content\/uploads\/2025\/12\/Zadig-10-128x85.jpg",128,85,true],"sportspress-fit-mini":["https:\/\/www.lesportif.info\/wp-content\/uploads\/2025\/12\/Zadig-10-32x21.jpg",32,21,true],"ultp_layout_landscape_large":["https:\/\/www.lesportif.info\/wp-content\/uploads\/2025\/12\/Zadig-10-1200x800.jpg",1200,800,true],"ultp_layout_landscape":["https:\/\/www.lesportif.info\/wp-content\/uploads\/2025\/12\/Zadig-10-870x570.jpg",870,570,true],"ultp_layout_portrait":["https:\/\/www.lesportif.info\/wp-content\/uploads\/2025\/12\/Zadig-10-600x900.jpg",600,900,true],"ultp_layout_square":["https:\/\/www.lesportif.info\/wp-content\/uploads\/2025\/12\/Zadig-10-600x600.jpg",600,600,true]},"rttpg_author":{"display_name":"Moutsinga Gabrielle Nathalie","author_link":"https:\/\/www.lesportif.info\/?author=11"},"rttpg_comment":0,"rttpg_category":"<a href=\"https:\/\/www.lesportif.info\/?cat=75\" rel=\"category\">A LA UNE<\/a> <a href=\"https:\/\/www.lesportif.info\/?cat=28\" rel=\"category\">FOOTBALL<\/a> <a href=\"https:\/\/www.lesportif.info\/?cat=4\" rel=\"category\">Gabon<\/a> <a href=\"https:\/\/www.lesportif.info\/?cat=84\" rel=\"category\">Panth\u00e8res A<\/a>","rttpg_excerpt":"C\u2019est \u00e0 la date annonc\u00e9e par la F\u00e9d\u00e9ration gabonaise de football que sera rendu public le nom du successeur de Thierry Mouyouma \u00e0 la t\u00eate des Panth\u00e8res du Gabon.","_links":{"self":[{"href":"https:\/\/www.lesportif.info\/index.php?rest_route=\/wp\/v2\/posts\/103965","targetHints":{"allow":["GET"]}}],"collection":[{"href":"https:\/\/www.lesportif.info\/index.php?rest_route=\/wp\/v2\/posts"}],"about":[{"href":"https:\/\/www.lesportif.info\/index.php?rest_route=\/wp\/v2\/types\/post"}],"author":[{"embeddable":true,"href":"https:\/\/www.lesportif.info\/index.php?rest_route=\/wp\/v2\/users\/11"}],"replies":[{"embeddable":true,"href":"https:\/\/www.lesportif.info\/index.php?rest_route=%2Fwp%2Fv2%2Fcomments&post=103965"}],"version-history":[{"count":1,"href":"https:\/\/www.lesportif.info\/index.php?rest_route=\/wp\/v2\/posts\/103965\/revisions"}],"predecessor-version":[{"id":103967,"href":"https:\/\/www.lesportif.info\/index.php?rest_route=\/wp\/v2\/posts\/103965\/revisions\/103967"}],"wp:featuredmedia":[{"embeddable":true,"href":"https:\/\/www.lesportif.info\/index.php?rest_route=\/wp\/v2\/media\/103808"}],"wp:attachment":[{"href":"https:\/\/www.lesportif.info\/index.php?rest_route=%2Fwp%2Fv2%2Fmedia&parent=103965"}],"wp:term":[{"taxonomy":"category","embeddable":true,"href":"https:\/\/www.lesportif.info\/index.php?rest_route=%2Fwp%2Fv2%2Fcategories&post=103965"},{"taxonomy":"post_tag","embeddable":true,"href":"https:\/\/www.lesportif.info\/index.php?rest_route=%2Fwp%2Fv2%2Ftags&post=103965"}],"curies":[{"name":"wp","href":"https:\/\/api.w.org\/{rel}","templated":true}]}}