{"id":103957,"date":"2026-02-24T09:51:09","date_gmt":"2026-02-24T08:51:09","guid":{"rendered":"https:\/\/www.lesportif.info\/?p=103957"},"modified":"2026-02-24T09:51:10","modified_gmt":"2026-02-24T08:51:10","slug":"usb-lultime-chance-cet-apres-midi","status":"publish","type":"post","link":"https:\/\/www.lesportif.info\/?p=103957","title":{"rendered":"USB : L\u2019ultime chance cet apr\u00e8s-midi\u00a0?"},"content":{"rendered":"\n<p><strong>La crise que traverse l\u2019Union Sportive de Bitam (USB) s\u2019impose aujourd\u2019hui comme l\u2019un des dossiers les plus sensibles du football gabonais \u00e0 quelques semaines de la reprise du championnat national.<\/strong><\/p>\n\n\n\n<figure class=\"wp-block-image size-full is-resized\"><img fetchpriority=\"high\" decoding=\"async\" width=\"728\" height=\"90\" src=\"https:\/\/www.lesportif.info\/wp-content\/uploads\/2025\/11\/Votre-pub.png\" alt=\"\" class=\"wp-image-103507\" style=\"aspect-ratio:8.090119812467442;width:840px;height:auto\" srcset=\"https:\/\/www.lesportif.info\/wp-content\/uploads\/2025\/11\/Votre-pub.png 728w, https:\/\/www.lesportif.info\/wp-content\/uploads\/2025\/11\/Votre-pub-300x37.png 300w, https:\/\/www.lesportif.info\/wp-content\/uploads\/2025\/11\/Votre-pub-128x16.png 128w, https:\/\/www.lesportif.info\/wp-content\/uploads\/2025\/11\/Votre-pub-32x4.png 32w\" sizes=\"(max-width: 728px) 100vw, 728px\" \/><\/figure>\n\n\n\n<figure class=\"wp-block-image size-full\"><img decoding=\"async\" width=\"960\" height=\"720\" src=\"https:\/\/www.lesportif.info\/wp-content\/uploads\/2026\/02\/USB-12.jpg\" alt=\"\" class=\"wp-image-103959\" srcset=\"https:\/\/www.lesportif.info\/wp-content\/uploads\/2026\/02\/USB-12.jpg 960w, https:\/\/www.lesportif.info\/wp-content\/uploads\/2026\/02\/USB-12-300x225.jpg 300w, https:\/\/www.lesportif.info\/wp-content\/uploads\/2026\/02\/USB-12-768x576.jpg 768w, https:\/\/www.lesportif.info\/wp-content\/uploads\/2026\/02\/USB-12-128x96.jpg 128w, https:\/\/www.lesportif.info\/wp-content\/uploads\/2026\/02\/USB-12-32x24.jpg 32w\" sizes=\"(max-width: 960px) 100vw, 960px\" \/><\/figure>\n\n\n\n<h3 class=\"wp-block-heading\">Une r\u00e9union r\u00e9v\u00e9latrice<\/h3>\n\n\n\n<p>La rencontre initi\u00e9e par le ministre des Sports <strong>Paul Ulrich Kessany<\/strong>, en pr\u00e9sence de la <strong>F\u00e9d\u00e9ration Gabonaise de Football<\/strong>** (FEGAFOOT)** et de la <strong>Ligue Nationale de Football Professionnel<\/strong> (Linafp), a mis en lumi\u00e8re une situation in\u00e9dite : deux pr\u00e9sidents se sont pr\u00e9sent\u00e9s pour repr\u00e9senter un seul et m\u00eame club.<\/p>\n\n\n\n<figure class=\"wp-block-image size-full is-resized\"><img decoding=\"async\" width=\"728\" height=\"90\" src=\"https:\/\/www.lesportif.info\/wp-content\/uploads\/2025\/11\/167307_3550548934_bb7211d682c22735d0a2e8bcb4d26238-1.png\" alt=\"\" class=\"wp-image-103521\" style=\"aspect-ratio:8.090119812467442;width:840px;height:auto\" srcset=\"https:\/\/www.lesportif.info\/wp-content\/uploads\/2025\/11\/167307_3550548934_bb7211d682c22735d0a2e8bcb4d26238-1.png 728w, https:\/\/www.lesportif.info\/wp-content\/uploads\/2025\/11\/167307_3550548934_bb7211d682c22735d0a2e8bcb4d26238-1-300x37.png 300w, https:\/\/www.lesportif.info\/wp-content\/uploads\/2025\/11\/167307_3550548934_bb7211d682c22735d0a2e8bcb4d26238-1-128x16.png 128w, https:\/\/www.lesportif.info\/wp-content\/uploads\/2025\/11\/167307_3550548934_bb7211d682c22735d0a2e8bcb4d26238-1-32x4.png 32w\" sizes=\"(max-width: 728px) 100vw, 728px\" \/><\/figure>\n\n\n\n<h3 class=\"wp-block-heading\">Deux pr\u00e9sidents, une seule l\u00e9gitimit\u00e9 contest\u00e9e<\/h3>\n\n\n\n<p>D\u2019un c\u00f4t\u00e9, <strong>Billy Bendo Edo<\/strong> affirme avoir \u00e9t\u00e9 \u00e9lu pour un mandat de quatre ans renouvelable une fois, \u00e0 l\u2019issue d\u2019une assembl\u00e9e g\u00e9n\u00e9rale qu\u2019il qualifie de strat\u00e9gique pour la structuration juridique du club.<\/p>\n\n\n\n<p>De l\u2019autre, <strong>Samy Edgard Essono Obiang<\/strong> revendique la pr\u00e9sidence sur la base d\u2019une nomination attribu\u00e9e au Conseil de Surveillance.<\/p>\n\n\n\n<p>Ce bic\u00e9phalisme plonge l\u2019USB dans une crise institutionnelle profonde, alimentant la confusion sur la direction effective du club.<\/p>\n\n\n\n<figure class=\"wp-block-image size-full is-resized\"><img loading=\"lazy\" decoding=\"async\" width=\"728\" height=\"90\" src=\"https:\/\/www.lesportif.info\/wp-content\/uploads\/2025\/10\/cropped-WhatsApp-Image-2025-10-10-a-15.05.44_42d8126a.jpg\" alt=\"\" class=\"wp-image-103271\" style=\"aspect-ratio:8.090119812467442;width:840px;height:auto\" srcset=\"https:\/\/www.lesportif.info\/wp-content\/uploads\/2025\/10\/cropped-WhatsApp-Image-2025-10-10-a-15.05.44_42d8126a.jpg 728w, https:\/\/www.lesportif.info\/wp-content\/uploads\/2025\/10\/cropped-WhatsApp-Image-2025-10-10-a-15.05.44_42d8126a-300x37.jpg 300w, https:\/\/www.lesportif.info\/wp-content\/uploads\/2025\/10\/cropped-WhatsApp-Image-2025-10-10-a-15.05.44_42d8126a-128x16.jpg 128w, https:\/\/www.lesportif.info\/wp-content\/uploads\/2025\/10\/cropped-WhatsApp-Image-2025-10-10-a-15.05.44_42d8126a-32x4.jpg 32w\" sizes=\"(max-width: 728px) 100vw, 728px\" \/><\/figure>\n\n\n\n<h3 class=\"wp-block-heading\">Le silence du Conseil de Surveillance<\/h3>\n\n\n\n<figure class=\"wp-block-image size-full is-resized\"><img loading=\"lazy\" decoding=\"async\" width=\"725\" height=\"523\" src=\"https:\/\/www.lesportif.info\/wp-content\/uploads\/2026\/02\/usb-0.jpg\" alt=\"\" class=\"wp-image-103960\" style=\"aspect-ratio:1.3862746855486838;width:840px;height:auto\" srcset=\"https:\/\/www.lesportif.info\/wp-content\/uploads\/2026\/02\/usb-0.jpg 725w, https:\/\/www.lesportif.info\/wp-content\/uploads\/2026\/02\/usb-0-300x216.jpg 300w, https:\/\/www.lesportif.info\/wp-content\/uploads\/2026\/02\/usb-0-128x92.jpg 128w, https:\/\/www.lesportif.info\/wp-content\/uploads\/2026\/02\/usb-0-32x23.jpg 32w\" sizes=\"(max-width: 725px) 100vw, 725px\" \/><\/figure>\n\n\n\n<p>Au centre des interrogations : <strong>Ren\u00e9 Ndemezo\u2019o Obiang<\/strong>, pr\u00e9sident du Conseil de Surveillance. Son silence depuis l\u2019\u00e9clatement de l\u2019affaire suscite de nombreuses questions :<\/p>\n\n\n\n<ul class=\"wp-block-list\">\n<li>Reconna\u00eet-il toujours Billy Bendo Edo comme pr\u00e9sident ?<\/li>\n\n\n\n<li>Soutient-il d\u00e9sormais Samy Edgard Essono Obiang ?<\/li>\n\n\n\n<li>Sur quelle base statutaire repose la nomination contest\u00e9e ?<\/li>\n\n\n\n<li>Quelles solutions concr\u00e8tes propose-t-il pour sortir de cette impasse ?<\/li>\n<\/ul>\n\n\n\n<p>L\u2019absence de communication officielle entretient le flou et fragilise davantage l\u2019image du club.<\/p>\n\n\n\n<figure class=\"wp-block-image size-large\"><img loading=\"lazy\" decoding=\"async\" width=\"1024\" height=\"132\" src=\"https:\/\/www.lesportif.info\/wp-content\/uploads\/2025\/01\/REVEAL-PUB-_-AFG_Bandeau-GMT-729x94-1-1024x132.png\" alt=\"\" class=\"wp-image-102063\" srcset=\"https:\/\/www.lesportif.info\/wp-content\/uploads\/2025\/01\/REVEAL-PUB-_-AFG_Bandeau-GMT-729x94-1-1024x132.png 1024w, https:\/\/www.lesportif.info\/wp-content\/uploads\/2025\/01\/REVEAL-PUB-_-AFG_Bandeau-GMT-729x94-1-300x39.png 300w, https:\/\/www.lesportif.info\/wp-content\/uploads\/2025\/01\/REVEAL-PUB-_-AFG_Bandeau-GMT-729x94-1-768x99.png 768w, https:\/\/www.lesportif.info\/wp-content\/uploads\/2025\/01\/REVEAL-PUB-_-AFG_Bandeau-GMT-729x94-1-1536x198.png 1536w, https:\/\/www.lesportif.info\/wp-content\/uploads\/2025\/01\/REVEAL-PUB-_-AFG_Bandeau-GMT-729x94-1-2048x264.png 2048w, https:\/\/www.lesportif.info\/wp-content\/uploads\/2025\/01\/REVEAL-PUB-_-AFG_Bandeau-GMT-729x94-1-128x17.png 128w, https:\/\/www.lesportif.info\/wp-content\/uploads\/2025\/01\/REVEAL-PUB-_-AFG_Bandeau-GMT-729x94-1-32x4.png 32w\" sizes=\"(max-width: 1024px) 100vw, 1024px\" \/><\/figure>\n\n\n\n<h3 class=\"wp-block-heading\">Une image ternie \u00e0 l\u2019\u00e9chelle nationale<\/h3>\n\n\n\n<p>La pr\u00e9sence de deux dirigeants lors d\u2019une r\u00e9union officielle avec le ministre et les instances nationales renvoie une image d\u2019instabilit\u00e9 pr\u00e9occupante. Pour un club historiquement influent dans le football du septentrion, l\u2019impact en termes de cr\u00e9dibilit\u00e9 est lourd. Des cons\u00e9quences administratives ou sportives ne sont pas \u00e0 exclure si la situation perdure.<\/p>\n\n\n\n<h3 class=\"wp-block-heading\">Une tentative de sortie de crise cet apr\u00e8s-midi<\/h3>\n\n\n\n<figure class=\"wp-block-image size-full is-resized\"><img loading=\"lazy\" decoding=\"async\" width=\"636\" height=\"900\" src=\"https:\/\/www.lesportif.info\/wp-content\/uploads\/2026\/02\/linaf-8.jpeg\" alt=\"\" class=\"wp-image-103961\" style=\"aspect-ratio:0.7066615739856594;width:840px;height:auto\" srcset=\"https:\/\/www.lesportif.info\/wp-content\/uploads\/2026\/02\/linaf-8.jpeg 636w, https:\/\/www.lesportif.info\/wp-content\/uploads\/2026\/02\/linaf-8-212x300.jpeg 212w, https:\/\/www.lesportif.info\/wp-content\/uploads\/2026\/02\/linaf-8-90x128.jpeg 90w, https:\/\/www.lesportif.info\/wp-content\/uploads\/2026\/02\/linaf-8-23x32.jpeg 23w\" sizes=\"(max-width: 636px) 100vw, 636px\" \/><\/figure>\n\n\n\n<p>Sur instruction de la FEGAFOOT, la Ligue nationale de football convoque cet apr\u00e8s-midi \u00e0 14h, \u00e0 son si\u00e8ge, les deux parties pour une r\u00e9union de clarification. Cette rencontre pourrait constituer l\u2019ultime opportunit\u00e9 d\u2019\u00e9viter une escalade institutionnelle \u00e0 l\u2019approche du National Foot.<\/p>\n\n\n\n<figure class=\"wp-block-image size-large\"><img loading=\"lazy\" decoding=\"async\" width=\"1024\" height=\"796\" src=\"https:\/\/www.lesportif.info\/wp-content\/uploads\/2025\/10\/WhatsApp-Image-2025-10-11-a-12.12.10_8f62f793-1024x796.jpg\" alt=\"\" class=\"wp-image-103289\" srcset=\"https:\/\/www.lesportif.info\/wp-content\/uploads\/2025\/10\/WhatsApp-Image-2025-10-11-a-12.12.10_8f62f793-1024x796.jpg 1024w, https:\/\/www.lesportif.info\/wp-content\/uploads\/2025\/10\/WhatsApp-Image-2025-10-11-a-12.12.10_8f62f793-300x233.jpg 300w, https:\/\/www.lesportif.info\/wp-content\/uploads\/2025\/10\/WhatsApp-Image-2025-10-11-a-12.12.10_8f62f793-768x597.jpg 768w, https:\/\/www.lesportif.info\/wp-content\/uploads\/2025\/10\/WhatsApp-Image-2025-10-11-a-12.12.10_8f62f793-128x100.jpg 128w, https:\/\/www.lesportif.info\/wp-content\/uploads\/2025\/10\/WhatsApp-Image-2025-10-11-a-12.12.10_8f62f793-32x25.jpg 32w, https:\/\/www.lesportif.info\/wp-content\/uploads\/2025\/10\/WhatsApp-Image-2025-10-11-a-12.12.10_8f62f793.jpg 1280w\" sizes=\"(max-width: 1024px) 100vw, 1024px\" \/><\/figure>\n\n\n\n<p>L\u2019avenir de l\u2019USB d\u00e9pend d\u00e9sormais de la capacit\u00e9 de ses responsables \u00e0 restaurer une gouvernance claire, l\u00e9gitime et conforme aux statuts. \u00c0 d\u00e9faut, le club risque d\u2019aborder la nouvelle saison dans une incertitude lourde de cons\u00e9quences, tant sur le plan sportif qu\u2019institutionnel.<\/p>\n\n\n\n<p><\/p>\n","protected":false},"excerpt":{"rendered":"<p>La crise que traverse l\u2019Union Sportive de Bitam (USB) s\u2019impose aujourd\u2019hui comme l\u2019un des dossiers les plus sensibles du football gabonais \u00e0 quelques semaines de la reprise du championnat national.<\/p>\n","protected":false},"author":12,"featured_media":103958,"comment_status":"open","ping_status":"open","sticky":false,"template":"","format":"standard","meta":{"_uag_custom_page_level_css":"","footnotes":""},"categories":[75,28,4,95],"tags":[],"class_list":["post-103957","post","type-post","status-publish","format-standard","has-post-thumbnail","hentry","category-a-la-une","category-football","category-gabon","category-national-foot-1"],"yoast_head":"<!-- This site is optimized with the Yoast SEO plugin v26.6 - https:\/\/yoast.com\/wordpress\/plugins\/seo\/ -->\n<title>USB : L\u2019ultime chance cet apr\u00e8s-midi\u00a0? - Lesportif<\/title>\n<meta name=\"description\" content=\"La crise que traverse l\u2019Union Sportive de Bitam (USB) s\u2019impose aujourd\u2019hui comme l\u2019un des dossiers les plus sensibles du football gabonais \u00e0 quelques semaines de la reprise du championnat national.\" \/>\n<meta name=\"robots\" content=\"index, follow, max-snippet:-1, max-image-preview:large, max-video-preview:-1\" \/>\n<link rel=\"canonical\" href=\"https:\/\/www.lesportif.info\/?p=103957\" \/>\n<meta property=\"og:locale\" content=\"fr_FR\" \/>\n<meta property=\"og:type\" content=\"article\" \/>\n<meta property=\"og:title\" content=\"USB : L\u2019ultime chance cet apr\u00e8s-midi\u00a0? - Lesportif\" \/>\n<meta property=\"og:description\" content=\"La crise que traverse l\u2019Union Sportive de Bitam (USB) s\u2019impose aujourd\u2019hui comme l\u2019un des dossiers les plus sensibles du football gabonais \u00e0 quelques semaines de la reprise du championnat national.\" \/>\n<meta property=\"og:url\" content=\"https:\/\/www.lesportif.info\/?p=103957\" \/>\n<meta property=\"og:site_name\" content=\"Lesportif\" \/>\n<meta property=\"article:publisher\" content=\"https:\/\/www.facebook.com\/lesportif.site\/\" \/>\n<meta property=\"article:published_time\" content=\"2026-02-24T08:51:09+00:00\" \/>\n<meta property=\"article:modified_time\" content=\"2026-02-24T08:51:10+00:00\" \/>\n<meta property=\"og:image\" content=\"https:\/\/www.lesportif.info\/wp-content\/uploads\/2026\/02\/USB-13.jpg\" \/>\n\t<meta property=\"og:image:width\" content=\"2048\" \/>\n\t<meta property=\"og:image:height\" content=\"922\" \/>\n\t<meta property=\"og:image:type\" content=\"image\/jpeg\" \/>\n<meta name=\"author\" content=\"Claude Mbadinga MOMBO\" \/>\n<meta name=\"twitter:card\" content=\"summary_large_image\" \/>\n<meta name=\"twitter:label1\" content=\"\u00c9crit par\" \/>\n\t<meta name=\"twitter:data1\" content=\"Claude Mbadinga MOMBO\" \/>\n\t<meta name=\"twitter:label2\" content=\"Dur\u00e9e de lecture estim\u00e9e\" \/>\n\t<meta name=\"twitter:data2\" content=\"4 minutes\" \/>\n<script type=\"application\/ld+json\" class=\"yoast-schema-graph\">{\"@context\":\"https:\/\/schema.org\",\"@graph\":[{\"@type\":\"Article\",\"@id\":\"https:\/\/www.lesportif.info\/?p=103957#article\",\"isPartOf\":{\"@id\":\"https:\/\/www.lesportif.info\/?p=103957\"},\"author\":{\"name\":\"Claude Mbadinga MOMBO\",\"@id\":\"https:\/\/www.lesportif.info\/#\/schema\/person\/8352bb06f8997a7ea0255c21b9c05b1b\"},\"headline\":\"USB : L\u2019ultime chance cet apr\u00e8s-midi\u00a0?\",\"datePublished\":\"2026-02-24T08:51:09+00:00\",\"dateModified\":\"2026-02-24T08:51:10+00:00\",\"mainEntityOfPage\":{\"@id\":\"https:\/\/www.lesportif.info\/?p=103957\"},\"wordCount\":447,\"commentCount\":0,\"publisher\":{\"@id\":\"https:\/\/www.lesportif.info\/#organization\"},\"image\":{\"@id\":\"https:\/\/www.lesportif.info\/?p=103957#primaryimage\"},\"thumbnailUrl\":\"https:\/\/www.lesportif.info\/wp-content\/uploads\/2026\/02\/USB-13.jpg\",\"articleSection\":[\"A LA UNE\",\"FOOTBALL\",\"Gabon\",\"NATIONAL FOOT 1\"],\"inLanguage\":\"fr-FR\",\"potentialAction\":[{\"@type\":\"CommentAction\",\"name\":\"Comment\",\"target\":[\"https:\/\/www.lesportif.info\/?p=103957#respond\"]}]},{\"@type\":\"WebPage\",\"@id\":\"https:\/\/www.lesportif.info\/?p=103957\",\"url\":\"https:\/\/www.lesportif.info\/?p=103957\",\"name\":\"USB : L\u2019ultime chance cet apr\u00e8s-midi\u00a0? - Lesportif\",\"isPartOf\":{\"@id\":\"https:\/\/www.lesportif.info\/#website\"},\"primaryImageOfPage\":{\"@id\":\"https:\/\/www.lesportif.info\/?p=103957#primaryimage\"},\"image\":{\"@id\":\"https:\/\/www.lesportif.info\/?p=103957#primaryimage\"},\"thumbnailUrl\":\"https:\/\/www.lesportif.info\/wp-content\/uploads\/2026\/02\/USB-13.jpg\",\"datePublished\":\"2026-02-24T08:51:09+00:00\",\"dateModified\":\"2026-02-24T08:51:10+00:00\",\"description\":\"La crise que traverse l\u2019Union Sportive de Bitam (USB) s\u2019impose aujourd\u2019hui comme l\u2019un des dossiers les plus sensibles du football gabonais \u00e0 quelques semaines de la reprise du championnat national.\",\"breadcrumb\":{\"@id\":\"https:\/\/www.lesportif.info\/?p=103957#breadcrumb\"},\"inLanguage\":\"fr-FR\",\"potentialAction\":[{\"@type\":\"ReadAction\",\"target\":[\"https:\/\/www.lesportif.info\/?p=103957\"]}]},{\"@type\":\"ImageObject\",\"inLanguage\":\"fr-FR\",\"@id\":\"https:\/\/www.lesportif.info\/?p=103957#primaryimage\",\"url\":\"https:\/\/www.lesportif.info\/wp-content\/uploads\/2026\/02\/USB-13.jpg\",\"contentUrl\":\"https:\/\/www.lesportif.info\/wp-content\/uploads\/2026\/02\/USB-13.jpg\",\"width\":2048,\"height\":922},{\"@type\":\"BreadcrumbList\",\"@id\":\"https:\/\/www.lesportif.info\/?p=103957#breadcrumb\",\"itemListElement\":[{\"@type\":\"ListItem\",\"position\":1,\"name\":\"Accueil\",\"item\":\"https:\/\/www.lesportif.info\/\"},{\"@type\":\"ListItem\",\"position\":2,\"name\":\"USB : L\u2019ultime chance cet apr\u00e8s-midi\u00a0?\"}]},{\"@type\":\"WebSite\",\"@id\":\"https:\/\/www.lesportif.info\/#website\",\"url\":\"https:\/\/www.lesportif.info\/\",\"name\":\"www.lesportif:info\",\"description\":\"L&#039;information juste et v\u00e9rifi\u00e9e\",\"publisher\":{\"@id\":\"https:\/\/www.lesportif.info\/#organization\"},\"alternateName\":\"Lesportif\",\"potentialAction\":[{\"@type\":\"SearchAction\",\"target\":{\"@type\":\"EntryPoint\",\"urlTemplate\":\"https:\/\/www.lesportif.info\/?s={search_term_string}\"},\"query-input\":{\"@type\":\"PropertyValueSpecification\",\"valueRequired\":true,\"valueName\":\"search_term_string\"}}],\"inLanguage\":\"fr-FR\"},{\"@type\":\"Organization\",\"@id\":\"https:\/\/www.lesportif.info\/#organization\",\"name\":\"Lesportif\",\"alternateName\":\"Lesportif\",\"url\":\"https:\/\/www.lesportif.info\/\",\"logo\":{\"@type\":\"ImageObject\",\"inLanguage\":\"fr-FR\",\"@id\":\"https:\/\/www.lesportif.info\/#\/schema\/logo\/image\/\",\"url\":\"https:\/\/www.lesportif.info\/wp-content\/uploads\/2023\/12\/cropped-logo-noel-removebg-preview.png\",\"contentUrl\":\"https:\/\/www.lesportif.info\/wp-content\/uploads\/2023\/12\/cropped-logo-noel-removebg-preview.png\",\"width\":482,\"height\":482,\"caption\":\"Lesportif\"},\"image\":{\"@id\":\"https:\/\/www.lesportif.info\/#\/schema\/logo\/image\/\"},\"sameAs\":[\"https:\/\/www.facebook.com\/lesportif.site\/\"]},{\"@type\":\"Person\",\"@id\":\"https:\/\/www.lesportif.info\/#\/schema\/person\/8352bb06f8997a7ea0255c21b9c05b1b\",\"name\":\"Claude Mbadinga MOMBO\",\"image\":{\"@type\":\"ImageObject\",\"inLanguage\":\"fr-FR\",\"@id\":\"https:\/\/www.lesportif.info\/#\/schema\/person\/image\/\",\"url\":\"https:\/\/secure.gravatar.com\/avatar\/ad879f46115567a7fd0310b5e57d8d520a9cc56a98eed65794fac0baa064cc1c?s=96&d=mm&r=g\",\"contentUrl\":\"https:\/\/secure.gravatar.com\/avatar\/ad879f46115567a7fd0310b5e57d8d520a9cc56a98eed65794fac0baa064cc1c?s=96&d=mm&r=g\",\"caption\":\"Claude Mbadinga MOMBO\"},\"url\":\"https:\/\/www.lesportif.info\/?author=12\"}]}<\/script>\n<!-- \/ Yoast SEO plugin. -->","yoast_head_json":{"title":"USB : L\u2019ultime chance cet apr\u00e8s-midi\u00a0? - Lesportif","description":"La crise que traverse l\u2019Union Sportive de Bitam (USB) s\u2019impose aujourd\u2019hui comme l\u2019un des dossiers les plus sensibles du football gabonais \u00e0 quelques semaines de la reprise du championnat national.","robots":{"index":"index","follow":"follow","max-snippet":"max-snippet:-1","max-image-preview":"max-image-preview:large","max-video-preview":"max-video-preview:-1"},"canonical":"https:\/\/www.lesportif.info\/?p=103957","og_locale":"fr_FR","og_type":"article","og_title":"USB : L\u2019ultime chance cet apr\u00e8s-midi\u00a0? - Lesportif","og_description":"La crise que traverse l\u2019Union Sportive de Bitam (USB) s\u2019impose aujourd\u2019hui comme l\u2019un des dossiers les plus sensibles du football gabonais \u00e0 quelques semaines de la reprise du championnat national.","og_url":"https:\/\/www.lesportif.info\/?p=103957","og_site_name":"Lesportif","article_publisher":"https:\/\/www.facebook.com\/lesportif.site\/","article_published_time":"2026-02-24T08:51:09+00:00","article_modified_time":"2026-02-24T08:51:10+00:00","og_image":[{"width":2048,"height":922,"url":"https:\/\/www.lesportif.info\/wp-content\/uploads\/2026\/02\/USB-13.jpg","type":"image\/jpeg"}],"author":"Claude Mbadinga MOMBO","twitter_card":"summary_large_image","twitter_misc":{"\u00c9crit par":"Claude Mbadinga MOMBO","Dur\u00e9e de lecture estim\u00e9e":"4 minutes"},"schema":{"@context":"https:\/\/schema.org","@graph":[{"@type":"Article","@id":"https:\/\/www.lesportif.info\/?p=103957#article","isPartOf":{"@id":"https:\/\/www.lesportif.info\/?p=103957"},"author":{"name":"Claude Mbadinga MOMBO","@id":"https:\/\/www.lesportif.info\/#\/schema\/person\/8352bb06f8997a7ea0255c21b9c05b1b"},"headline":"USB : L\u2019ultime chance cet apr\u00e8s-midi\u00a0?","datePublished":"2026-02-24T08:51:09+00:00","dateModified":"2026-02-24T08:51:10+00:00","mainEntityOfPage":{"@id":"https:\/\/www.lesportif.info\/?p=103957"},"wordCount":447,"commentCount":0,"publisher":{"@id":"https:\/\/www.lesportif.info\/#organization"},"image":{"@id":"https:\/\/www.lesportif.info\/?p=103957#primaryimage"},"thumbnailUrl":"https:\/\/www.lesportif.info\/wp-content\/uploads\/2026\/02\/USB-13.jpg","articleSection":["A LA UNE","FOOTBALL","Gabon","NATIONAL FOOT 1"],"inLanguage":"fr-FR","potentialAction":[{"@type":"CommentAction","name":"Comment","target":["https:\/\/www.lesportif.info\/?p=103957#respond"]}]},{"@type":"WebPage","@id":"https:\/\/www.lesportif.info\/?p=103957","url":"https:\/\/www.lesportif.info\/?p=103957","name":"USB : L\u2019ultime chance cet apr\u00e8s-midi\u00a0? - Lesportif","isPartOf":{"@id":"https:\/\/www.lesportif.info\/#website"},"primaryImageOfPage":{"@id":"https:\/\/www.lesportif.info\/?p=103957#primaryimage"},"image":{"@id":"https:\/\/www.lesportif.info\/?p=103957#primaryimage"},"thumbnailUrl":"https:\/\/www.lesportif.info\/wp-content\/uploads\/2026\/02\/USB-13.jpg","datePublished":"2026-02-24T08:51:09+00:00","dateModified":"2026-02-24T08:51:10+00:00","description":"La crise que traverse l\u2019Union Sportive de Bitam (USB) s\u2019impose aujourd\u2019hui comme l\u2019un des dossiers les plus sensibles du football gabonais \u00e0 quelques semaines de la reprise du championnat national.","breadcrumb":{"@id":"https:\/\/www.lesportif.info\/?p=103957#breadcrumb"},"inLanguage":"fr-FR","potentialAction":[{"@type":"ReadAction","target":["https:\/\/www.lesportif.info\/?p=103957"]}]},{"@type":"ImageObject","inLanguage":"fr-FR","@id":"https:\/\/www.lesportif.info\/?p=103957#primaryimage","url":"https:\/\/www.lesportif.info\/wp-content\/uploads\/2026\/02\/USB-13.jpg","contentUrl":"https:\/\/www.lesportif.info\/wp-content\/uploads\/2026\/02\/USB-13.jpg","width":2048,"height":922},{"@type":"BreadcrumbList","@id":"https:\/\/www.lesportif.info\/?p=103957#breadcrumb","itemListElement":[{"@type":"ListItem","position":1,"name":"Accueil","item":"https:\/\/www.lesportif.info\/"},{"@type":"ListItem","position":2,"name":"USB : L\u2019ultime chance cet apr\u00e8s-midi\u00a0?"}]},{"@type":"WebSite","@id":"https:\/\/www.lesportif.info\/#website","url":"https:\/\/www.lesportif.info\/","name":"www.lesportif:info","description":"L&#039;information juste et v\u00e9rifi\u00e9e","publisher":{"@id":"https:\/\/www.lesportif.info\/#organization"},"alternateName":"Lesportif","potentialAction":[{"@type":"SearchAction","target":{"@type":"EntryPoint","urlTemplate":"https:\/\/www.lesportif.info\/?s={search_term_string}"},"query-input":{"@type":"PropertyValueSpecification","valueRequired":true,"valueName":"search_term_string"}}],"inLanguage":"fr-FR"},{"@type":"Organization","@id":"https:\/\/www.lesportif.info\/#organization","name":"Lesportif","alternateName":"Lesportif","url":"https:\/\/www.lesportif.info\/","logo":{"@type":"ImageObject","inLanguage":"fr-FR","@id":"https:\/\/www.lesportif.info\/#\/schema\/logo\/image\/","url":"https:\/\/www.lesportif.info\/wp-content\/uploads\/2023\/12\/cropped-logo-noel-removebg-preview.png","contentUrl":"https:\/\/www.lesportif.info\/wp-content\/uploads\/2023\/12\/cropped-logo-noel-removebg-preview.png","width":482,"height":482,"caption":"Lesportif"},"image":{"@id":"https:\/\/www.lesportif.info\/#\/schema\/logo\/image\/"},"sameAs":["https:\/\/www.facebook.com\/lesportif.site\/"]},{"@type":"Person","@id":"https:\/\/www.lesportif.info\/#\/schema\/person\/8352bb06f8997a7ea0255c21b9c05b1b","name":"Claude Mbadinga MOMBO","image":{"@type":"ImageObject","inLanguage":"fr-FR","@id":"https:\/\/www.lesportif.info\/#\/schema\/person\/image\/","url":"https:\/\/secure.gravatar.com\/avatar\/ad879f46115567a7fd0310b5e57d8d520a9cc56a98eed65794fac0baa064cc1c?s=96&d=mm&r=g","contentUrl":"https:\/\/secure.gravatar.com\/avatar\/ad879f46115567a7fd0310b5e57d8d520a9cc56a98eed65794fac0baa064cc1c?s=96&d=mm&r=g","caption":"Claude Mbadinga MOMBO"},"url":"https:\/\/www.lesportif.info\/?author=12"}]}},"uagb_featured_image_src":{"full":["https:\/\/www.lesportif.info\/wp-content\/uploads\/2026\/02\/USB-13.jpg",2048,922,false],"thumbnail":["https:\/\/www.lesportif.info\/wp-content\/uploads\/2026\/02\/USB-13-150x150.jpg",150,150,true],"medium":["https:\/\/www.lesportif.info\/wp-content\/uploads\/2026\/02\/USB-13-300x135.jpg",300,135,true],"medium_large":["https:\/\/www.lesportif.info\/wp-content\/uploads\/2026\/02\/USB-13-768x346.jpg",650,293,true],"large":["https:\/\/www.lesportif.info\/wp-content\/uploads\/2026\/02\/USB-13-1024x461.jpg",650,293,true],"1536x1536":["https:\/\/www.lesportif.info\/wp-content\/uploads\/2026\/02\/USB-13-1536x692.jpg",1536,692,true],"2048x2048":["https:\/\/www.lesportif.info\/wp-content\/uploads\/2026\/02\/USB-13.jpg",2048,922,false],"sportspress-crop-medium":["https:\/\/www.lesportif.info\/wp-content\/uploads\/2026\/02\/USB-13-300x300.jpg",300,300,true],"sportspress-fit-medium":["https:\/\/www.lesportif.info\/wp-content\/uploads\/2026\/02\/USB-13-300x135.jpg",300,135,true],"sportspress-fit-icon":["https:\/\/www.lesportif.info\/wp-content\/uploads\/2026\/02\/USB-13-128x58.jpg",128,58,true],"sportspress-fit-mini":["https:\/\/www.lesportif.info\/wp-content\/uploads\/2026\/02\/USB-13-32x14.jpg",32,14,true],"ultp_layout_landscape_large":["https:\/\/www.lesportif.info\/wp-content\/uploads\/2026\/02\/USB-13-1200x800.jpg",1200,800,true],"ultp_layout_landscape":["https:\/\/www.lesportif.info\/wp-content\/uploads\/2026\/02\/USB-13-870x570.jpg",870,570,true],"ultp_layout_portrait":["https:\/\/www.lesportif.info\/wp-content\/uploads\/2026\/02\/USB-13-600x900.jpg",600,900,true],"ultp_layout_square":["https:\/\/www.lesportif.info\/wp-content\/uploads\/2026\/02\/USB-13-600x600.jpg",600,600,true]},"uagb_author_info":{"display_name":"Claude Mbadinga MOMBO","author_link":"https:\/\/www.lesportif.info\/?author=12"},"uagb_comment_info":0,"uagb_excerpt":"La crise que traverse l\u2019Union Sportive de Bitam (USB) s\u2019impose aujourd\u2019hui comme l\u2019un des dossiers les plus sensibles du football gabonais \u00e0 quelques semaines de la reprise du championnat national.","featured_image_urls":{"full":["https:\/\/www.lesportif.info\/wp-content\/uploads\/2026\/02\/USB-13.jpg",2048,922,false],"thumbnail":["https:\/\/www.lesportif.info\/wp-content\/uploads\/2026\/02\/USB-13-150x150.jpg",150,150,true],"medium":["https:\/\/www.lesportif.info\/wp-content\/uploads\/2026\/02\/USB-13-300x135.jpg",300,135,true],"medium_large":["https:\/\/www.lesportif.info\/wp-content\/uploads\/2026\/02\/USB-13-768x346.jpg",650,293,true],"large":["https:\/\/www.lesportif.info\/wp-content\/uploads\/2026\/02\/USB-13-1024x461.jpg",650,293,true],"1536x1536":["https:\/\/www.lesportif.info\/wp-content\/uploads\/2026\/02\/USB-13-1536x692.jpg",1536,692,true],"2048x2048":["https:\/\/www.lesportif.info\/wp-content\/uploads\/2026\/02\/USB-13.jpg",2048,922,false],"sportspress-crop-medium":["https:\/\/www.lesportif.info\/wp-content\/uploads\/2026\/02\/USB-13-300x300.jpg",300,300,true],"sportspress-fit-medium":["https:\/\/www.lesportif.info\/wp-content\/uploads\/2026\/02\/USB-13-300x135.jpg",300,135,true],"sportspress-fit-icon":["https:\/\/www.lesportif.info\/wp-content\/uploads\/2026\/02\/USB-13-128x58.jpg",128,58,true],"sportspress-fit-mini":["https:\/\/www.lesportif.info\/wp-content\/uploads\/2026\/02\/USB-13-32x14.jpg",32,14,true],"ultp_layout_landscape_large":["https:\/\/www.lesportif.info\/wp-content\/uploads\/2026\/02\/USB-13-1200x800.jpg",1200,800,true],"ultp_layout_landscape":["https:\/\/www.lesportif.info\/wp-content\/uploads\/2026\/02\/USB-13-870x570.jpg",870,570,true],"ultp_layout_portrait":["https:\/\/www.lesportif.info\/wp-content\/uploads\/2026\/02\/USB-13-600x900.jpg",600,900,true],"ultp_layout_square":["https:\/\/www.lesportif.info\/wp-content\/uploads\/2026\/02\/USB-13-600x600.jpg",600,600,true]},"author_info":{"display_name":"Claude Mbadinga MOMBO","author_link":"https:\/\/www.lesportif.info\/?author=12"},"category_info":"<a href=\"https:\/\/www.lesportif.info\/?cat=75\" rel=\"category\">A LA UNE<\/a> <a href=\"https:\/\/www.lesportif.info\/?cat=28\" rel=\"category\">FOOTBALL<\/a> <a href=\"https:\/\/www.lesportif.info\/?cat=4\" rel=\"category\">Gabon<\/a> <a href=\"https:\/\/www.lesportif.info\/?cat=95\" rel=\"category\">NATIONAL FOOT 1<\/a>","tag_info":"NATIONAL FOOT 1","comment_count":"0","rttpg_featured_image_url":{"full":["https:\/\/www.lesportif.info\/wp-content\/uploads\/2026\/02\/USB-13.jpg",2048,922,false],"landscape":["https:\/\/www.lesportif.info\/wp-content\/uploads\/2026\/02\/USB-13.jpg",2048,922,false],"portraits":["https:\/\/www.lesportif.info\/wp-content\/uploads\/2026\/02\/USB-13.jpg",2048,922,false],"thumbnail":["https:\/\/www.lesportif.info\/wp-content\/uploads\/2026\/02\/USB-13-150x150.jpg",150,150,true],"medium":["https:\/\/www.lesportif.info\/wp-content\/uploads\/2026\/02\/USB-13-300x135.jpg",300,135,true],"large":["https:\/\/www.lesportif.info\/wp-content\/uploads\/2026\/02\/USB-13-1024x461.jpg",650,293,true],"1536x1536":["https:\/\/www.lesportif.info\/wp-content\/uploads\/2026\/02\/USB-13-1536x692.jpg",1536,692,true],"2048x2048":["https:\/\/www.lesportif.info\/wp-content\/uploads\/2026\/02\/USB-13.jpg",2048,922,false],"sportspress-crop-medium":["https:\/\/www.lesportif.info\/wp-content\/uploads\/2026\/02\/USB-13-300x300.jpg",300,300,true],"sportspress-fit-medium":["https:\/\/www.lesportif.info\/wp-content\/uploads\/2026\/02\/USB-13-300x135.jpg",300,135,true],"sportspress-fit-icon":["https:\/\/www.lesportif.info\/wp-content\/uploads\/2026\/02\/USB-13-128x58.jpg",128,58,true],"sportspress-fit-mini":["https:\/\/www.lesportif.info\/wp-content\/uploads\/2026\/02\/USB-13-32x14.jpg",32,14,true],"ultp_layout_landscape_large":["https:\/\/www.lesportif.info\/wp-content\/uploads\/2026\/02\/USB-13-1200x800.jpg",1200,800,true],"ultp_layout_landscape":["https:\/\/www.lesportif.info\/wp-content\/uploads\/2026\/02\/USB-13-870x570.jpg",870,570,true],"ultp_layout_portrait":["https:\/\/www.lesportif.info\/wp-content\/uploads\/2026\/02\/USB-13-600x900.jpg",600,900,true],"ultp_layout_square":["https:\/\/www.lesportif.info\/wp-content\/uploads\/2026\/02\/USB-13-600x600.jpg",600,600,true]},"rttpg_author":{"display_name":"Claude Mbadinga MOMBO","author_link":"https:\/\/www.lesportif.info\/?author=12"},"rttpg_comment":0,"rttpg_category":"<a href=\"https:\/\/www.lesportif.info\/?cat=75\" rel=\"category\">A LA UNE<\/a> <a href=\"https:\/\/www.lesportif.info\/?cat=28\" rel=\"category\">FOOTBALL<\/a> <a href=\"https:\/\/www.lesportif.info\/?cat=4\" rel=\"category\">Gabon<\/a> <a href=\"https:\/\/www.lesportif.info\/?cat=95\" rel=\"category\">NATIONAL FOOT 1<\/a>","rttpg_excerpt":"La crise que traverse l\u2019Union Sportive de Bitam (USB) s\u2019impose aujourd\u2019hui comme l\u2019un des dossiers les plus sensibles du football gabonais \u00e0 quelques semaines de la reprise du championnat national.","_links":{"self":[{"href":"https:\/\/www.lesportif.info\/index.php?rest_route=\/wp\/v2\/posts\/103957","targetHints":{"allow":["GET"]}}],"collection":[{"href":"https:\/\/www.lesportif.info\/index.php?rest_route=\/wp\/v2\/posts"}],"about":[{"href":"https:\/\/www.lesportif.info\/index.php?rest_route=\/wp\/v2\/types\/post"}],"author":[{"embeddable":true,"href":"https:\/\/www.lesportif.info\/index.php?rest_route=\/wp\/v2\/users\/12"}],"replies":[{"embeddable":true,"href":"https:\/\/www.lesportif.info\/index.php?rest_route=%2Fwp%2Fv2%2Fcomments&post=103957"}],"version-history":[{"count":1,"href":"https:\/\/www.lesportif.info\/index.php?rest_route=\/wp\/v2\/posts\/103957\/revisions"}],"predecessor-version":[{"id":103962,"href":"https:\/\/www.lesportif.info\/index.php?rest_route=\/wp\/v2\/posts\/103957\/revisions\/103962"}],"wp:featuredmedia":[{"embeddable":true,"href":"https:\/\/www.lesportif.info\/index.php?rest_route=\/wp\/v2\/media\/103958"}],"wp:attachment":[{"href":"https:\/\/www.lesportif.info\/index.php?rest_route=%2Fwp%2Fv2%2Fmedia&parent=103957"}],"wp:term":[{"taxonomy":"category","embeddable":true,"href":"https:\/\/www.lesportif.info\/index.php?rest_route=%2Fwp%2Fv2%2Fcategories&post=103957"},{"taxonomy":"post_tag","embeddable":true,"href":"https:\/\/www.lesportif.info\/index.php?rest_route=%2Fwp%2Fv2%2Ftags&post=103957"}],"curies":[{"name":"wp","href":"https:\/\/api.w.org\/{rel}","templated":true}]}}