{"id":103953,"date":"2026-02-23T09:21:19","date_gmt":"2026-02-23T08:21:19","guid":{"rendered":"https:\/\/www.lesportif.info\/?p=103953"},"modified":"2026-02-23T09:21:20","modified_gmt":"2026-02-23T08:21:20","slug":"pantheres-u17-les-raisons-dune-debacle","status":"publish","type":"post","link":"https:\/\/www.lesportif.info\/?p=103953","title":{"rendered":"Panth\u00e8res U17 : les raisons d\u2019une d\u00e9b\u00e2cle !"},"content":{"rendered":"\n<p><strong>La lourde d\u00e9faite (3-1) des Panth\u00e8res U17 face \u00e0 la R\u00e9publique d\u00e9mocratique du Congo, pays organisateur du tournoi de l\u2019UNIFFAC \u00e0 Kinshasa, d\u00e9passe le simple cadre sportif. Elle met en lumi\u00e8re des d\u00e9faillances profondes dans l\u2019organisation du football des jeunes au Gabon.<\/strong><\/p>\n\n\n\n<figure class=\"wp-block-image size-full is-resized\"><img fetchpriority=\"high\" decoding=\"async\" width=\"728\" height=\"90\" src=\"https:\/\/www.lesportif.info\/wp-content\/uploads\/2025\/11\/Votre-pub.png\" alt=\"\" class=\"wp-image-103507\" style=\"aspect-ratio:8.090119812467442;width:840px;height:auto\" srcset=\"https:\/\/www.lesportif.info\/wp-content\/uploads\/2025\/11\/Votre-pub.png 728w, https:\/\/www.lesportif.info\/wp-content\/uploads\/2025\/11\/Votre-pub-300x37.png 300w, https:\/\/www.lesportif.info\/wp-content\/uploads\/2025\/11\/Votre-pub-128x16.png 128w, https:\/\/www.lesportif.info\/wp-content\/uploads\/2025\/11\/Votre-pub-32x4.png 32w\" sizes=\"(max-width: 728px) 100vw, 728px\" \/><\/figure>\n\n\n\n<figure class=\"wp-block-image size-full is-resized\"><img decoding=\"async\" width=\"800\" height=\"533\" src=\"https:\/\/www.lesportif.info\/wp-content\/uploads\/2026\/02\/U17.webp\" alt=\"\" class=\"wp-image-103955\" style=\"aspect-ratio:1.500982087889537;width:840px;height:auto\" srcset=\"https:\/\/www.lesportif.info\/wp-content\/uploads\/2026\/02\/U17.webp 800w, https:\/\/www.lesportif.info\/wp-content\/uploads\/2026\/02\/U17-300x200.webp 300w, https:\/\/www.lesportif.info\/wp-content\/uploads\/2026\/02\/U17-768x512.webp 768w, https:\/\/www.lesportif.info\/wp-content\/uploads\/2026\/02\/U17-128x85.webp 128w, https:\/\/www.lesportif.info\/wp-content\/uploads\/2026\/02\/U17-32x21.webp 32w\" sizes=\"(max-width: 800px) 100vw, 800px\" \/><\/figure>\n\n\n\n<h2 class=\"wp-block-heading\">1. L\u2019absence d\u2019un championnat U17 structur\u00e9<\/h2>\n\n\n\n<p>Le premier probl\u00e8me est structurel : l\u2019inexistence d\u2019un v\u00e9ritable championnat national U17 r\u00e9gulier et organis\u00e9. Sans comp\u00e9tition continue, les jeunes joueurs manquent :<\/p>\n\n\n\n<ul class=\"wp-block-list\">\n<li>de rythme,<\/li>\n\n\n\n<li>d\u2019automatismes collectifs,<\/li>\n\n\n\n<li>d\u2019exp\u00e9rience des matchs \u00e0 enjeu,<\/li>\n\n\n\n<li>de maturit\u00e9 tactique.<\/li>\n<\/ul>\n\n\n\n<p>Pendant que d\u2019autres nations assurent un suivi permanent de leurs cat\u00e9gories d\u2019\u00e2ge, le Gabon semble fonctionner par \u00e0-coups, organisant des d\u00e9tections ponctuelles \u00e0 l\u2019approche des comp\u00e9titions, sans base de donn\u00e9es fiable ni continuit\u00e9 dans le suivi des talents.<\/p>\n\n\n\n<p>Dans un syst\u00e8me professionnel, un joueur performant en U16 progresse naturellement vers la s\u00e9lection U17 gr\u00e2ce \u00e0 son rendement en championnat. Or, au Gabon, m\u00eame des joueurs issus d\u2019\u00e9quipes championnes sont contraints de repasser par des phases de d\u00e9tection, sans garantie d\u2019\u00eatre retenus.<\/p>\n\n\n\n<figure class=\"wp-block-image size-full is-resized\"><img decoding=\"async\" width=\"728\" height=\"90\" src=\"https:\/\/www.lesportif.info\/wp-content\/uploads\/2025\/11\/167307_3550548934_bb7211d682c22735d0a2e8bcb4d26238-1.png\" alt=\"\" class=\"wp-image-103521\" style=\"aspect-ratio:8.090119812467442;width:840px;height:auto\" srcset=\"https:\/\/www.lesportif.info\/wp-content\/uploads\/2025\/11\/167307_3550548934_bb7211d682c22735d0a2e8bcb4d26238-1.png 728w, https:\/\/www.lesportif.info\/wp-content\/uploads\/2025\/11\/167307_3550548934_bb7211d682c22735d0a2e8bcb4d26238-1-300x37.png 300w, https:\/\/www.lesportif.info\/wp-content\/uploads\/2025\/11\/167307_3550548934_bb7211d682c22735d0a2e8bcb4d26238-1-128x16.png 128w, https:\/\/www.lesportif.info\/wp-content\/uploads\/2025\/11\/167307_3550548934_bb7211d682c22735d0a2e8bcb4d26238-1-32x4.png 32w\" sizes=\"(max-width: 728px) 100vw, 728px\" \/><\/figure>\n\n\n\n<h2 class=\"wp-block-heading\">2. Une d\u00e9tection controvers\u00e9e et opaque<\/h2>\n\n\n\n<p>Quatre phases de d\u00e9tection avaient pourtant \u00e9t\u00e9 organis\u00e9es par la F\u00e9d\u00e9ration Gabonaise de Football. Les directeurs techniques provinciaux avaient transmis leurs listes au s\u00e9lectionneur national, Jean Joseph Tango.<\/p>\n\n\n\n<p>Mais plusieurs faits troublants ont aliment\u00e9 la pol\u00e9mique :<\/p>\n\n\n\n<ul class=\"wp-block-list\">\n<li>Des joueurs retenus lors des d\u00e9tections ont \u00e9t\u00e9 \u00e9cart\u00e9s \u00e0 la derni\u00e8re minute.<\/li>\n\n\n\n<li>Certains \u00e9l\u00e9ments auraient int\u00e9gr\u00e9 la s\u00e9lection sans avoir particip\u00e9 aux phases officielles.<\/li>\n\n\n\n<li>La liste finale a \u00e9t\u00e9 publi\u00e9e dans un climat de grande opacit\u00e9.<\/li>\n<\/ul>\n\n\n\n<p>Cette situation fragilise la cr\u00e9dibilit\u00e9 du processus et nourrit le sentiment que le m\u00e9rite sportif n\u2019est pas toujours le crit\u00e8re principal. Pourtant, dans les quartiers et les acad\u00e9mies locales, le vivier de talents existe bel et bien.<\/p>\n\n\n\n<figure class=\"wp-block-image size-full is-resized\"><img loading=\"lazy\" decoding=\"async\" width=\"728\" height=\"90\" src=\"https:\/\/www.lesportif.info\/wp-content\/uploads\/2025\/10\/WhatsApp-Image-2025-10-10-a-15.05.44_42d8126a.jpg\" alt=\"\" class=\"wp-image-103265\" style=\"aspect-ratio:8.090119812467442;width:840px;height:auto\" srcset=\"https:\/\/www.lesportif.info\/wp-content\/uploads\/2025\/10\/WhatsApp-Image-2025-10-10-a-15.05.44_42d8126a.jpg 728w, https:\/\/www.lesportif.info\/wp-content\/uploads\/2025\/10\/WhatsApp-Image-2025-10-10-a-15.05.44_42d8126a-300x37.jpg 300w, https:\/\/www.lesportif.info\/wp-content\/uploads\/2025\/10\/WhatsApp-Image-2025-10-10-a-15.05.44_42d8126a-128x16.jpg 128w, https:\/\/www.lesportif.info\/wp-content\/uploads\/2025\/10\/WhatsApp-Image-2025-10-10-a-15.05.44_42d8126a-32x4.jpg 32w\" sizes=\"(max-width: 728px) 100vw, 728px\" \/><\/figure>\n\n\n\n<h2 class=\"wp-block-heading\">3. Des choix techniques ambigu\u00ebs<\/h2>\n\n\n\n<p>Les d\u00e9cisions du staff ont suscit\u00e9 de nombreuses incompr\u00e9hensions :<\/p>\n\n\n\n<ul class=\"wp-block-list\">\n<li>choix de joueurs contest\u00e9s,<\/li>\n\n\n\n<li>options tactiques incoh\u00e9rentes,<\/li>\n\n\n\n<li>gestion approximative du groupe.<\/li>\n<\/ul>\n\n\n\n<p>Face \u00e0 une \u00e9quipe congolaise plus structur\u00e9e, disciplin\u00e9e et mieux pr\u00e9par\u00e9e, les lacunes organisationnelles sont apparues avec \u00e9vidence.<\/p>\n\n\n\n<figure class=\"wp-block-image size-large\"><img loading=\"lazy\" decoding=\"async\" width=\"1024\" height=\"132\" src=\"https:\/\/www.lesportif.info\/wp-content\/uploads\/2025\/01\/REVEAL-PUB-_-AFG_Bandeau-GMT-729x94-1-1024x132.png\" alt=\"\" class=\"wp-image-102063\" srcset=\"https:\/\/www.lesportif.info\/wp-content\/uploads\/2025\/01\/REVEAL-PUB-_-AFG_Bandeau-GMT-729x94-1-1024x132.png 1024w, https:\/\/www.lesportif.info\/wp-content\/uploads\/2025\/01\/REVEAL-PUB-_-AFG_Bandeau-GMT-729x94-1-300x39.png 300w, https:\/\/www.lesportif.info\/wp-content\/uploads\/2025\/01\/REVEAL-PUB-_-AFG_Bandeau-GMT-729x94-1-768x99.png 768w, https:\/\/www.lesportif.info\/wp-content\/uploads\/2025\/01\/REVEAL-PUB-_-AFG_Bandeau-GMT-729x94-1-1536x198.png 1536w, https:\/\/www.lesportif.info\/wp-content\/uploads\/2025\/01\/REVEAL-PUB-_-AFG_Bandeau-GMT-729x94-1-2048x264.png 2048w, https:\/\/www.lesportif.info\/wp-content\/uploads\/2025\/01\/REVEAL-PUB-_-AFG_Bandeau-GMT-729x94-1-128x17.png 128w, https:\/\/www.lesportif.info\/wp-content\/uploads\/2025\/01\/REVEAL-PUB-_-AFG_Bandeau-GMT-729x94-1-32x4.png 32w\" sizes=\"(max-width: 1024px) 100vw, 1024px\" \/><\/figure>\n\n\n\n<h2 class=\"wp-block-heading\">4. Un staff sans v\u00e9ritable projet \u00e0 long terme<\/h2>\n\n\n\n<p>Une s\u00e9lection nationale de jeunes ne devrait pas \u00eatre un projet improvis\u00e9. Elle doit s\u2019inscrire dans :<\/p>\n\n\n\n<ul class=\"wp-block-list\">\n<li>une vision technique claire,<\/li>\n\n\n\n<li>un suivi progressif des g\u00e9n\u00e9rations,<\/li>\n\n\n\n<li>une strat\u00e9gie de formation coh\u00e9rente.<\/li>\n<\/ul>\n\n\n\n<p>Or, l\u2019\u00e9quipe U17 gabonaise a donn\u00e9 l\u2019impression d\u2019un groupe constitu\u00e9 dans l\u2019urgence, sans pr\u00e9paration suffisante ni plan de d\u00e9veloppement durable.<\/p>\n\n\n\n<figure class=\"wp-block-image size-full is-resized\"><img loading=\"lazy\" decoding=\"async\" width=\"650\" height=\"90\" src=\"https:\/\/www.lesportif.info\/wp-content\/uploads\/2025\/09\/Gabon-Review-650-x-90px-VISUEL-IMPERIAL-TONIC.jpg\" alt=\"\" class=\"wp-image-103040\" style=\"width:839px;height:auto\" srcset=\"https:\/\/www.lesportif.info\/wp-content\/uploads\/2025\/09\/Gabon-Review-650-x-90px-VISUEL-IMPERIAL-TONIC.jpg 650w, https:\/\/www.lesportif.info\/wp-content\/uploads\/2025\/09\/Gabon-Review-650-x-90px-VISUEL-IMPERIAL-TONIC-300x42.jpg 300w, https:\/\/www.lesportif.info\/wp-content\/uploads\/2025\/09\/Gabon-Review-650-x-90px-VISUEL-IMPERIAL-TONIC-128x18.jpg 128w, https:\/\/www.lesportif.info\/wp-content\/uploads\/2025\/09\/Gabon-Review-650-x-90px-VISUEL-IMPERIAL-TONIC-32x4.jpg 32w\" sizes=\"(max-width: 650px) 100vw, 650px\" \/><\/figure>\n\n\n\n<h2 class=\"wp-block-heading\">5. Les joueurs, r\u00e9v\u00e9lateurs d\u2019un syst\u00e8me fragile<\/h2>\n\n\n\n<p>Sportivement, les jeunes Gabonais ont montr\u00e9 leurs limites face \u00e0 leurs homologues congolais. Mais leur responsabilit\u00e9 reste relative.<\/p>\n\n\n\n<p>Sans championnat structur\u00e9, sans pr\u00e9paration continue, sans s\u00e9lection transparente et sans encadrement stable, il est illusoire d\u2019exiger des performances de haut niveau.<\/p>\n\n\n\n<hr class=\"wp-block-separator has-alpha-channel-opacity\"\/>\n\n\n\n<h3 class=\"wp-block-heading\">Un \u00e9lectrochoc n\u00e9cessaire<\/h3>\n\n\n\n<figure class=\"wp-block-image size-full is-resized\"><img loading=\"lazy\" decoding=\"async\" width=\"729\" height=\"94\" src=\"https:\/\/www.lesportif.info\/wp-content\/uploads\/2024\/12\/PUB-BGFI-carte-en-fonte-Campagne-RS-V3-promotionnelle-2024-GMT-729_94.jpg\" alt=\"\" class=\"wp-image-101748\" style=\"aspect-ratio:7.756442227763923;width:840px;height:auto\" srcset=\"https:\/\/www.lesportif.info\/wp-content\/uploads\/2024\/12\/PUB-BGFI-carte-en-fonte-Campagne-RS-V3-promotionnelle-2024-GMT-729_94.jpg 729w, https:\/\/www.lesportif.info\/wp-content\/uploads\/2024\/12\/PUB-BGFI-carte-en-fonte-Campagne-RS-V3-promotionnelle-2024-GMT-729_94-300x39.jpg 300w, https:\/\/www.lesportif.info\/wp-content\/uploads\/2024\/12\/PUB-BGFI-carte-en-fonte-Campagne-RS-V3-promotionnelle-2024-GMT-729_94-128x17.jpg 128w, https:\/\/www.lesportif.info\/wp-content\/uploads\/2024\/12\/PUB-BGFI-carte-en-fonte-Campagne-RS-V3-promotionnelle-2024-GMT-729_94-32x4.jpg 32w\" sizes=\"(max-width: 729px) 100vw, 729px\" \/><\/figure>\n\n\n\n<p>Cette d\u00e9faite doit servir de signal d\u2019alarme. Elle r\u00e9v\u00e8le moins un manque de talent qu\u2019un d\u00e9ficit d\u2019organisation.<\/p>\n\n\n\n<p>Le Gabon dispose d\u2019un potentiel important. Mais pour reconstruire l\u2019avenir du football national, il faudra :<\/p>\n\n\n\n<ul class=\"wp-block-list\">\n<li>instaurer un championnat U17 r\u00e9gulier,<\/li>\n\n\n\n<li>mettre en place une base de donn\u00e9es fiable des jeunes joueurs,<\/li>\n\n\n\n<li>garantir la transparence des s\u00e9lections,<\/li>\n\n\n\n<li>d\u00e9finir un projet technique \u00e0 long terme.<\/li>\n<\/ul>\n\n\n\n<figure class=\"wp-block-image size-large\"><img loading=\"lazy\" decoding=\"async\" width=\"1024\" height=\"796\" src=\"https:\/\/www.lesportif.info\/wp-content\/uploads\/2025\/10\/WhatsApp-Image-2025-10-11-a-12.12.10_8f62f793-1024x796.jpg\" alt=\"\" class=\"wp-image-103289\" srcset=\"https:\/\/www.lesportif.info\/wp-content\/uploads\/2025\/10\/WhatsApp-Image-2025-10-11-a-12.12.10_8f62f793-1024x796.jpg 1024w, https:\/\/www.lesportif.info\/wp-content\/uploads\/2025\/10\/WhatsApp-Image-2025-10-11-a-12.12.10_8f62f793-300x233.jpg 300w, https:\/\/www.lesportif.info\/wp-content\/uploads\/2025\/10\/WhatsApp-Image-2025-10-11-a-12.12.10_8f62f793-768x597.jpg 768w, https:\/\/www.lesportif.info\/wp-content\/uploads\/2025\/10\/WhatsApp-Image-2025-10-11-a-12.12.10_8f62f793-128x100.jpg 128w, https:\/\/www.lesportif.info\/wp-content\/uploads\/2025\/10\/WhatsApp-Image-2025-10-11-a-12.12.10_8f62f793-32x25.jpg 32w, https:\/\/www.lesportif.info\/wp-content\/uploads\/2025\/10\/WhatsApp-Image-2025-10-11-a-12.12.10_8f62f793.jpg 1280w\" sizes=\"(max-width: 1024px) 100vw, 1024px\" \/><\/figure>\n\n\n\n<p>Sans ces r\u00e9formes structurelles, les \u00e9checs risquent de se r\u00e9p\u00e9ter, et les g\u00e9n\u00e9rations prometteuses de se perdre dans un syst\u00e8me qui peine encore \u00e0 se professionnaliser.<\/p>\n\n\n\n<p><\/p>\n","protected":false},"excerpt":{"rendered":"<p>La lourde d\u00e9faite (3-1) des Panth\u00e8res U17 face \u00e0 la R\u00e9publique d\u00e9mocratique du Congo, pays organisateur du tournoi de l\u2019UNIFFAC \u00e0 Kinshasa, d\u00e9passe le simple cadre sportif. Elle met en lumi\u00e8re des d\u00e9faillances profondes dans l\u2019organisation du football des jeunes au Gabon.<\/p>\n","protected":false},"author":12,"featured_media":103954,"comment_status":"open","ping_status":"open","sticky":false,"template":"","format":"standard","meta":{"_uag_custom_page_level_css":"","footnotes":""},"categories":[75,28,4],"tags":[],"class_list":["post-103953","post","type-post","status-publish","format-standard","has-post-thumbnail","hentry","category-a-la-une","category-football","category-gabon"],"yoast_head":"<!-- This site is optimized with the Yoast SEO plugin v26.6 - https:\/\/yoast.com\/wordpress\/plugins\/seo\/ -->\n<title>Panth\u00e8res U17 : les raisons d\u2019une d\u00e9b\u00e2cle ! - Lesportif<\/title>\n<meta name=\"description\" content=\"La lourde d\u00e9faite (3-1) des Panth\u00e8res U17 face \u00e0 la R\u00e9publique d\u00e9mocratique du Congo, pays organisateur du tournoi de l\u2019UNIFFAC \u00e0 Kinshasa, d\u00e9passe le simple cadre sportif. Elle met en lumi\u00e8re des d\u00e9faillances profondes dans l\u2019organisation du football des jeunes au Gabon.\" \/>\n<meta name=\"robots\" content=\"index, follow, max-snippet:-1, max-image-preview:large, max-video-preview:-1\" \/>\n<link rel=\"canonical\" href=\"https:\/\/www.lesportif.info\/?p=103953\" \/>\n<meta property=\"og:locale\" content=\"fr_FR\" \/>\n<meta property=\"og:type\" content=\"article\" \/>\n<meta property=\"og:title\" content=\"Panth\u00e8res U17 : les raisons d\u2019une d\u00e9b\u00e2cle ! - Lesportif\" \/>\n<meta property=\"og:description\" content=\"La lourde d\u00e9faite (3-1) des Panth\u00e8res U17 face \u00e0 la R\u00e9publique d\u00e9mocratique du Congo, pays organisateur du tournoi de l\u2019UNIFFAC \u00e0 Kinshasa, d\u00e9passe le simple cadre sportif. Elle met en lumi\u00e8re des d\u00e9faillances profondes dans l\u2019organisation du football des jeunes au Gabon.\" \/>\n<meta property=\"og:url\" content=\"https:\/\/www.lesportif.info\/?p=103953\" \/>\n<meta property=\"og:site_name\" content=\"Lesportif\" \/>\n<meta property=\"article:publisher\" content=\"https:\/\/www.facebook.com\/lesportif.site\/\" \/>\n<meta property=\"article:published_time\" content=\"2026-02-23T08:21:19+00:00\" \/>\n<meta property=\"article:modified_time\" content=\"2026-02-23T08:21:20+00:00\" \/>\n<meta property=\"og:image\" content=\"https:\/\/www.lesportif.info\/wp-content\/uploads\/2026\/02\/Match-Gabon-Cameroun-LUnion.webp\" \/>\n\t<meta property=\"og:image:width\" content=\"800\" \/>\n\t<meta property=\"og:image:height\" content=\"533\" \/>\n\t<meta property=\"og:image:type\" content=\"image\/webp\" \/>\n<meta name=\"author\" content=\"Claude Mbadinga MOMBO\" \/>\n<meta name=\"twitter:card\" content=\"summary_large_image\" \/>\n<meta name=\"twitter:label1\" content=\"\u00c9crit par\" \/>\n\t<meta name=\"twitter:data1\" content=\"Claude Mbadinga MOMBO\" \/>\n\t<meta name=\"twitter:label2\" content=\"Dur\u00e9e de lecture estim\u00e9e\" \/>\n\t<meta name=\"twitter:data2\" content=\"5 minutes\" \/>\n<script type=\"application\/ld+json\" class=\"yoast-schema-graph\">{\"@context\":\"https:\/\/schema.org\",\"@graph\":[{\"@type\":\"Article\",\"@id\":\"https:\/\/www.lesportif.info\/?p=103953#article\",\"isPartOf\":{\"@id\":\"https:\/\/www.lesportif.info\/?p=103953\"},\"author\":{\"name\":\"Claude Mbadinga MOMBO\",\"@id\":\"https:\/\/www.lesportif.info\/#\/schema\/person\/8352bb06f8997a7ea0255c21b9c05b1b\"},\"headline\":\"Panth\u00e8res U17 : les raisons d\u2019une d\u00e9b\u00e2cle !\",\"datePublished\":\"2026-02-23T08:21:19+00:00\",\"dateModified\":\"2026-02-23T08:21:20+00:00\",\"mainEntityOfPage\":{\"@id\":\"https:\/\/www.lesportif.info\/?p=103953\"},\"wordCount\":613,\"commentCount\":0,\"publisher\":{\"@id\":\"https:\/\/www.lesportif.info\/#organization\"},\"image\":{\"@id\":\"https:\/\/www.lesportif.info\/?p=103953#primaryimage\"},\"thumbnailUrl\":\"https:\/\/www.lesportif.info\/wp-content\/uploads\/2026\/02\/Match-Gabon-Cameroun-LUnion.webp\",\"articleSection\":[\"A LA UNE\",\"FOOTBALL\",\"Gabon\"],\"inLanguage\":\"fr-FR\",\"potentialAction\":[{\"@type\":\"CommentAction\",\"name\":\"Comment\",\"target\":[\"https:\/\/www.lesportif.info\/?p=103953#respond\"]}]},{\"@type\":\"WebPage\",\"@id\":\"https:\/\/www.lesportif.info\/?p=103953\",\"url\":\"https:\/\/www.lesportif.info\/?p=103953\",\"name\":\"Panth\u00e8res U17 : les raisons d\u2019une d\u00e9b\u00e2cle ! - Lesportif\",\"isPartOf\":{\"@id\":\"https:\/\/www.lesportif.info\/#website\"},\"primaryImageOfPage\":{\"@id\":\"https:\/\/www.lesportif.info\/?p=103953#primaryimage\"},\"image\":{\"@id\":\"https:\/\/www.lesportif.info\/?p=103953#primaryimage\"},\"thumbnailUrl\":\"https:\/\/www.lesportif.info\/wp-content\/uploads\/2026\/02\/Match-Gabon-Cameroun-LUnion.webp\",\"datePublished\":\"2026-02-23T08:21:19+00:00\",\"dateModified\":\"2026-02-23T08:21:20+00:00\",\"description\":\"La lourde d\u00e9faite (3-1) des Panth\u00e8res U17 face \u00e0 la R\u00e9publique d\u00e9mocratique du Congo, pays organisateur du tournoi de l\u2019UNIFFAC \u00e0 Kinshasa, d\u00e9passe le simple cadre sportif. Elle met en lumi\u00e8re des d\u00e9faillances profondes dans l\u2019organisation du football des jeunes au Gabon.\",\"breadcrumb\":{\"@id\":\"https:\/\/www.lesportif.info\/?p=103953#breadcrumb\"},\"inLanguage\":\"fr-FR\",\"potentialAction\":[{\"@type\":\"ReadAction\",\"target\":[\"https:\/\/www.lesportif.info\/?p=103953\"]}]},{\"@type\":\"ImageObject\",\"inLanguage\":\"fr-FR\",\"@id\":\"https:\/\/www.lesportif.info\/?p=103953#primaryimage\",\"url\":\"https:\/\/www.lesportif.info\/wp-content\/uploads\/2026\/02\/Match-Gabon-Cameroun-LUnion.webp\",\"contentUrl\":\"https:\/\/www.lesportif.info\/wp-content\/uploads\/2026\/02\/Match-Gabon-Cameroun-LUnion.webp\",\"width\":800,\"height\":533},{\"@type\":\"BreadcrumbList\",\"@id\":\"https:\/\/www.lesportif.info\/?p=103953#breadcrumb\",\"itemListElement\":[{\"@type\":\"ListItem\",\"position\":1,\"name\":\"Accueil\",\"item\":\"https:\/\/www.lesportif.info\/\"},{\"@type\":\"ListItem\",\"position\":2,\"name\":\"Panth\u00e8res U17 : les raisons d\u2019une d\u00e9b\u00e2cle !\"}]},{\"@type\":\"WebSite\",\"@id\":\"https:\/\/www.lesportif.info\/#website\",\"url\":\"https:\/\/www.lesportif.info\/\",\"name\":\"www.lesportif:info\",\"description\":\"L&#039;information juste et v\u00e9rifi\u00e9e\",\"publisher\":{\"@id\":\"https:\/\/www.lesportif.info\/#organization\"},\"alternateName\":\"Lesportif\",\"potentialAction\":[{\"@type\":\"SearchAction\",\"target\":{\"@type\":\"EntryPoint\",\"urlTemplate\":\"https:\/\/www.lesportif.info\/?s={search_term_string}\"},\"query-input\":{\"@type\":\"PropertyValueSpecification\",\"valueRequired\":true,\"valueName\":\"search_term_string\"}}],\"inLanguage\":\"fr-FR\"},{\"@type\":\"Organization\",\"@id\":\"https:\/\/www.lesportif.info\/#organization\",\"name\":\"Lesportif\",\"alternateName\":\"Lesportif\",\"url\":\"https:\/\/www.lesportif.info\/\",\"logo\":{\"@type\":\"ImageObject\",\"inLanguage\":\"fr-FR\",\"@id\":\"https:\/\/www.lesportif.info\/#\/schema\/logo\/image\/\",\"url\":\"https:\/\/www.lesportif.info\/wp-content\/uploads\/2023\/12\/cropped-logo-noel-removebg-preview.png\",\"contentUrl\":\"https:\/\/www.lesportif.info\/wp-content\/uploads\/2023\/12\/cropped-logo-noel-removebg-preview.png\",\"width\":482,\"height\":482,\"caption\":\"Lesportif\"},\"image\":{\"@id\":\"https:\/\/www.lesportif.info\/#\/schema\/logo\/image\/\"},\"sameAs\":[\"https:\/\/www.facebook.com\/lesportif.site\/\"]},{\"@type\":\"Person\",\"@id\":\"https:\/\/www.lesportif.info\/#\/schema\/person\/8352bb06f8997a7ea0255c21b9c05b1b\",\"name\":\"Claude Mbadinga MOMBO\",\"image\":{\"@type\":\"ImageObject\",\"inLanguage\":\"fr-FR\",\"@id\":\"https:\/\/www.lesportif.info\/#\/schema\/person\/image\/\",\"url\":\"https:\/\/secure.gravatar.com\/avatar\/ad879f46115567a7fd0310b5e57d8d520a9cc56a98eed65794fac0baa064cc1c?s=96&d=mm&r=g\",\"contentUrl\":\"https:\/\/secure.gravatar.com\/avatar\/ad879f46115567a7fd0310b5e57d8d520a9cc56a98eed65794fac0baa064cc1c?s=96&d=mm&r=g\",\"caption\":\"Claude Mbadinga MOMBO\"},\"url\":\"https:\/\/www.lesportif.info\/?author=12\"}]}<\/script>\n<!-- \/ Yoast SEO plugin. -->","yoast_head_json":{"title":"Panth\u00e8res U17 : les raisons d\u2019une d\u00e9b\u00e2cle ! - Lesportif","description":"La lourde d\u00e9faite (3-1) des Panth\u00e8res U17 face \u00e0 la R\u00e9publique d\u00e9mocratique du Congo, pays organisateur du tournoi de l\u2019UNIFFAC \u00e0 Kinshasa, d\u00e9passe le simple cadre sportif. Elle met en lumi\u00e8re des d\u00e9faillances profondes dans l\u2019organisation du football des jeunes au Gabon.","robots":{"index":"index","follow":"follow","max-snippet":"max-snippet:-1","max-image-preview":"max-image-preview:large","max-video-preview":"max-video-preview:-1"},"canonical":"https:\/\/www.lesportif.info\/?p=103953","og_locale":"fr_FR","og_type":"article","og_title":"Panth\u00e8res U17 : les raisons d\u2019une d\u00e9b\u00e2cle ! - Lesportif","og_description":"La lourde d\u00e9faite (3-1) des Panth\u00e8res U17 face \u00e0 la R\u00e9publique d\u00e9mocratique du Congo, pays organisateur du tournoi de l\u2019UNIFFAC \u00e0 Kinshasa, d\u00e9passe le simple cadre sportif. Elle met en lumi\u00e8re des d\u00e9faillances profondes dans l\u2019organisation du football des jeunes au Gabon.","og_url":"https:\/\/www.lesportif.info\/?p=103953","og_site_name":"Lesportif","article_publisher":"https:\/\/www.facebook.com\/lesportif.site\/","article_published_time":"2026-02-23T08:21:19+00:00","article_modified_time":"2026-02-23T08:21:20+00:00","og_image":[{"width":800,"height":533,"url":"https:\/\/www.lesportif.info\/wp-content\/uploads\/2026\/02\/Match-Gabon-Cameroun-LUnion.webp","type":"image\/webp"}],"author":"Claude Mbadinga MOMBO","twitter_card":"summary_large_image","twitter_misc":{"\u00c9crit par":"Claude Mbadinga MOMBO","Dur\u00e9e de lecture estim\u00e9e":"5 minutes"},"schema":{"@context":"https:\/\/schema.org","@graph":[{"@type":"Article","@id":"https:\/\/www.lesportif.info\/?p=103953#article","isPartOf":{"@id":"https:\/\/www.lesportif.info\/?p=103953"},"author":{"name":"Claude Mbadinga MOMBO","@id":"https:\/\/www.lesportif.info\/#\/schema\/person\/8352bb06f8997a7ea0255c21b9c05b1b"},"headline":"Panth\u00e8res U17 : les raisons d\u2019une d\u00e9b\u00e2cle !","datePublished":"2026-02-23T08:21:19+00:00","dateModified":"2026-02-23T08:21:20+00:00","mainEntityOfPage":{"@id":"https:\/\/www.lesportif.info\/?p=103953"},"wordCount":613,"commentCount":0,"publisher":{"@id":"https:\/\/www.lesportif.info\/#organization"},"image":{"@id":"https:\/\/www.lesportif.info\/?p=103953#primaryimage"},"thumbnailUrl":"https:\/\/www.lesportif.info\/wp-content\/uploads\/2026\/02\/Match-Gabon-Cameroun-LUnion.webp","articleSection":["A LA UNE","FOOTBALL","Gabon"],"inLanguage":"fr-FR","potentialAction":[{"@type":"CommentAction","name":"Comment","target":["https:\/\/www.lesportif.info\/?p=103953#respond"]}]},{"@type":"WebPage","@id":"https:\/\/www.lesportif.info\/?p=103953","url":"https:\/\/www.lesportif.info\/?p=103953","name":"Panth\u00e8res U17 : les raisons d\u2019une d\u00e9b\u00e2cle ! - Lesportif","isPartOf":{"@id":"https:\/\/www.lesportif.info\/#website"},"primaryImageOfPage":{"@id":"https:\/\/www.lesportif.info\/?p=103953#primaryimage"},"image":{"@id":"https:\/\/www.lesportif.info\/?p=103953#primaryimage"},"thumbnailUrl":"https:\/\/www.lesportif.info\/wp-content\/uploads\/2026\/02\/Match-Gabon-Cameroun-LUnion.webp","datePublished":"2026-02-23T08:21:19+00:00","dateModified":"2026-02-23T08:21:20+00:00","description":"La lourde d\u00e9faite (3-1) des Panth\u00e8res U17 face \u00e0 la R\u00e9publique d\u00e9mocratique du Congo, pays organisateur du tournoi de l\u2019UNIFFAC \u00e0 Kinshasa, d\u00e9passe le simple cadre sportif. Elle met en lumi\u00e8re des d\u00e9faillances profondes dans l\u2019organisation du football des jeunes au Gabon.","breadcrumb":{"@id":"https:\/\/www.lesportif.info\/?p=103953#breadcrumb"},"inLanguage":"fr-FR","potentialAction":[{"@type":"ReadAction","target":["https:\/\/www.lesportif.info\/?p=103953"]}]},{"@type":"ImageObject","inLanguage":"fr-FR","@id":"https:\/\/www.lesportif.info\/?p=103953#primaryimage","url":"https:\/\/www.lesportif.info\/wp-content\/uploads\/2026\/02\/Match-Gabon-Cameroun-LUnion.webp","contentUrl":"https:\/\/www.lesportif.info\/wp-content\/uploads\/2026\/02\/Match-Gabon-Cameroun-LUnion.webp","width":800,"height":533},{"@type":"BreadcrumbList","@id":"https:\/\/www.lesportif.info\/?p=103953#breadcrumb","itemListElement":[{"@type":"ListItem","position":1,"name":"Accueil","item":"https:\/\/www.lesportif.info\/"},{"@type":"ListItem","position":2,"name":"Panth\u00e8res U17 : les raisons d\u2019une d\u00e9b\u00e2cle !"}]},{"@type":"WebSite","@id":"https:\/\/www.lesportif.info\/#website","url":"https:\/\/www.lesportif.info\/","name":"www.lesportif:info","description":"L&#039;information juste et v\u00e9rifi\u00e9e","publisher":{"@id":"https:\/\/www.lesportif.info\/#organization"},"alternateName":"Lesportif","potentialAction":[{"@type":"SearchAction","target":{"@type":"EntryPoint","urlTemplate":"https:\/\/www.lesportif.info\/?s={search_term_string}"},"query-input":{"@type":"PropertyValueSpecification","valueRequired":true,"valueName":"search_term_string"}}],"inLanguage":"fr-FR"},{"@type":"Organization","@id":"https:\/\/www.lesportif.info\/#organization","name":"Lesportif","alternateName":"Lesportif","url":"https:\/\/www.lesportif.info\/","logo":{"@type":"ImageObject","inLanguage":"fr-FR","@id":"https:\/\/www.lesportif.info\/#\/schema\/logo\/image\/","url":"https:\/\/www.lesportif.info\/wp-content\/uploads\/2023\/12\/cropped-logo-noel-removebg-preview.png","contentUrl":"https:\/\/www.lesportif.info\/wp-content\/uploads\/2023\/12\/cropped-logo-noel-removebg-preview.png","width":482,"height":482,"caption":"Lesportif"},"image":{"@id":"https:\/\/www.lesportif.info\/#\/schema\/logo\/image\/"},"sameAs":["https:\/\/www.facebook.com\/lesportif.site\/"]},{"@type":"Person","@id":"https:\/\/www.lesportif.info\/#\/schema\/person\/8352bb06f8997a7ea0255c21b9c05b1b","name":"Claude Mbadinga MOMBO","image":{"@type":"ImageObject","inLanguage":"fr-FR","@id":"https:\/\/www.lesportif.info\/#\/schema\/person\/image\/","url":"https:\/\/secure.gravatar.com\/avatar\/ad879f46115567a7fd0310b5e57d8d520a9cc56a98eed65794fac0baa064cc1c?s=96&d=mm&r=g","contentUrl":"https:\/\/secure.gravatar.com\/avatar\/ad879f46115567a7fd0310b5e57d8d520a9cc56a98eed65794fac0baa064cc1c?s=96&d=mm&r=g","caption":"Claude Mbadinga MOMBO"},"url":"https:\/\/www.lesportif.info\/?author=12"}]}},"uagb_featured_image_src":{"full":["https:\/\/www.lesportif.info\/wp-content\/uploads\/2026\/02\/Match-Gabon-Cameroun-LUnion.webp",800,533,false],"thumbnail":["https:\/\/www.lesportif.info\/wp-content\/uploads\/2026\/02\/Match-Gabon-Cameroun-LUnion-150x150.webp",150,150,true],"medium":["https:\/\/www.lesportif.info\/wp-content\/uploads\/2026\/02\/Match-Gabon-Cameroun-LUnion-300x200.webp",300,200,true],"medium_large":["https:\/\/www.lesportif.info\/wp-content\/uploads\/2026\/02\/Match-Gabon-Cameroun-LUnion-768x512.webp",650,433,true],"large":["https:\/\/www.lesportif.info\/wp-content\/uploads\/2026\/02\/Match-Gabon-Cameroun-LUnion.webp",650,433,false],"1536x1536":["https:\/\/www.lesportif.info\/wp-content\/uploads\/2026\/02\/Match-Gabon-Cameroun-LUnion.webp",800,533,false],"2048x2048":["https:\/\/www.lesportif.info\/wp-content\/uploads\/2026\/02\/Match-Gabon-Cameroun-LUnion.webp",800,533,false],"sportspress-crop-medium":["https:\/\/www.lesportif.info\/wp-content\/uploads\/2026\/02\/Match-Gabon-Cameroun-LUnion-300x300.webp",300,300,true],"sportspress-fit-medium":["https:\/\/www.lesportif.info\/wp-content\/uploads\/2026\/02\/Match-Gabon-Cameroun-LUnion-300x200.webp",300,200,true],"sportspress-fit-icon":["https:\/\/www.lesportif.info\/wp-content\/uploads\/2026\/02\/Match-Gabon-Cameroun-LUnion-128x85.webp",128,85,true],"sportspress-fit-mini":["https:\/\/www.lesportif.info\/wp-content\/uploads\/2026\/02\/Match-Gabon-Cameroun-LUnion-32x21.webp",32,21,true],"ultp_layout_landscape_large":["https:\/\/www.lesportif.info\/wp-content\/uploads\/2026\/02\/Match-Gabon-Cameroun-LUnion.webp",800,533,false],"ultp_layout_landscape":["https:\/\/www.lesportif.info\/wp-content\/uploads\/2026\/02\/Match-Gabon-Cameroun-LUnion.webp",800,533,false],"ultp_layout_portrait":["https:\/\/www.lesportif.info\/wp-content\/uploads\/2026\/02\/Match-Gabon-Cameroun-LUnion-600x533.webp",600,533,true],"ultp_layout_square":["https:\/\/www.lesportif.info\/wp-content\/uploads\/2026\/02\/Match-Gabon-Cameroun-LUnion-600x533.webp",600,533,true]},"uagb_author_info":{"display_name":"Claude Mbadinga MOMBO","author_link":"https:\/\/www.lesportif.info\/?author=12"},"uagb_comment_info":0,"uagb_excerpt":"La lourde d\u00e9faite (3-1) des Panth\u00e8res U17 face \u00e0 la R\u00e9publique d\u00e9mocratique du Congo, pays organisateur du tournoi de l\u2019UNIFFAC \u00e0 Kinshasa, d\u00e9passe le simple cadre sportif. Elle met en lumi\u00e8re des d\u00e9faillances profondes dans l\u2019organisation du football des jeunes au Gabon.","featured_image_urls":{"full":["https:\/\/www.lesportif.info\/wp-content\/uploads\/2026\/02\/Match-Gabon-Cameroun-LUnion.webp",800,533,false],"thumbnail":["https:\/\/www.lesportif.info\/wp-content\/uploads\/2026\/02\/Match-Gabon-Cameroun-LUnion-150x150.webp",150,150,true],"medium":["https:\/\/www.lesportif.info\/wp-content\/uploads\/2026\/02\/Match-Gabon-Cameroun-LUnion-300x200.webp",300,200,true],"medium_large":["https:\/\/www.lesportif.info\/wp-content\/uploads\/2026\/02\/Match-Gabon-Cameroun-LUnion-768x512.webp",650,433,true],"large":["https:\/\/www.lesportif.info\/wp-content\/uploads\/2026\/02\/Match-Gabon-Cameroun-LUnion.webp",650,433,false],"1536x1536":["https:\/\/www.lesportif.info\/wp-content\/uploads\/2026\/02\/Match-Gabon-Cameroun-LUnion.webp",800,533,false],"2048x2048":["https:\/\/www.lesportif.info\/wp-content\/uploads\/2026\/02\/Match-Gabon-Cameroun-LUnion.webp",800,533,false],"sportspress-crop-medium":["https:\/\/www.lesportif.info\/wp-content\/uploads\/2026\/02\/Match-Gabon-Cameroun-LUnion-300x300.webp",300,300,true],"sportspress-fit-medium":["https:\/\/www.lesportif.info\/wp-content\/uploads\/2026\/02\/Match-Gabon-Cameroun-LUnion-300x200.webp",300,200,true],"sportspress-fit-icon":["https:\/\/www.lesportif.info\/wp-content\/uploads\/2026\/02\/Match-Gabon-Cameroun-LUnion-128x85.webp",128,85,true],"sportspress-fit-mini":["https:\/\/www.lesportif.info\/wp-content\/uploads\/2026\/02\/Match-Gabon-Cameroun-LUnion-32x21.webp",32,21,true],"ultp_layout_landscape_large":["https:\/\/www.lesportif.info\/wp-content\/uploads\/2026\/02\/Match-Gabon-Cameroun-LUnion.webp",800,533,false],"ultp_layout_landscape":["https:\/\/www.lesportif.info\/wp-content\/uploads\/2026\/02\/Match-Gabon-Cameroun-LUnion.webp",800,533,false],"ultp_layout_portrait":["https:\/\/www.lesportif.info\/wp-content\/uploads\/2026\/02\/Match-Gabon-Cameroun-LUnion-600x533.webp",600,533,true],"ultp_layout_square":["https:\/\/www.lesportif.info\/wp-content\/uploads\/2026\/02\/Match-Gabon-Cameroun-LUnion-600x533.webp",600,533,true]},"author_info":{"display_name":"Claude Mbadinga MOMBO","author_link":"https:\/\/www.lesportif.info\/?author=12"},"category_info":"<a href=\"https:\/\/www.lesportif.info\/?cat=75\" rel=\"category\">A LA UNE<\/a> <a href=\"https:\/\/www.lesportif.info\/?cat=28\" rel=\"category\">FOOTBALL<\/a> <a href=\"https:\/\/www.lesportif.info\/?cat=4\" rel=\"category\">Gabon<\/a>","tag_info":"Gabon","comment_count":"0","rttpg_featured_image_url":{"full":["https:\/\/www.lesportif.info\/wp-content\/uploads\/2026\/02\/Match-Gabon-Cameroun-LUnion.webp",800,533,false],"landscape":["https:\/\/www.lesportif.info\/wp-content\/uploads\/2026\/02\/Match-Gabon-Cameroun-LUnion.webp",800,533,false],"portraits":["https:\/\/www.lesportif.info\/wp-content\/uploads\/2026\/02\/Match-Gabon-Cameroun-LUnion.webp",800,533,false],"thumbnail":["https:\/\/www.lesportif.info\/wp-content\/uploads\/2026\/02\/Match-Gabon-Cameroun-LUnion-150x150.webp",150,150,true],"medium":["https:\/\/www.lesportif.info\/wp-content\/uploads\/2026\/02\/Match-Gabon-Cameroun-LUnion-300x200.webp",300,200,true],"large":["https:\/\/www.lesportif.info\/wp-content\/uploads\/2026\/02\/Match-Gabon-Cameroun-LUnion.webp",650,433,false],"1536x1536":["https:\/\/www.lesportif.info\/wp-content\/uploads\/2026\/02\/Match-Gabon-Cameroun-LUnion.webp",800,533,false],"2048x2048":["https:\/\/www.lesportif.info\/wp-content\/uploads\/2026\/02\/Match-Gabon-Cameroun-LUnion.webp",800,533,false],"sportspress-crop-medium":["https:\/\/www.lesportif.info\/wp-content\/uploads\/2026\/02\/Match-Gabon-Cameroun-LUnion-300x300.webp",300,300,true],"sportspress-fit-medium":["https:\/\/www.lesportif.info\/wp-content\/uploads\/2026\/02\/Match-Gabon-Cameroun-LUnion-300x200.webp",300,200,true],"sportspress-fit-icon":["https:\/\/www.lesportif.info\/wp-content\/uploads\/2026\/02\/Match-Gabon-Cameroun-LUnion-128x85.webp",128,85,true],"sportspress-fit-mini":["https:\/\/www.lesportif.info\/wp-content\/uploads\/2026\/02\/Match-Gabon-Cameroun-LUnion-32x21.webp",32,21,true],"ultp_layout_landscape_large":["https:\/\/www.lesportif.info\/wp-content\/uploads\/2026\/02\/Match-Gabon-Cameroun-LUnion.webp",800,533,false],"ultp_layout_landscape":["https:\/\/www.lesportif.info\/wp-content\/uploads\/2026\/02\/Match-Gabon-Cameroun-LUnion.webp",800,533,false],"ultp_layout_portrait":["https:\/\/www.lesportif.info\/wp-content\/uploads\/2026\/02\/Match-Gabon-Cameroun-LUnion-600x533.webp",600,533,true],"ultp_layout_square":["https:\/\/www.lesportif.info\/wp-content\/uploads\/2026\/02\/Match-Gabon-Cameroun-LUnion-600x533.webp",600,533,true]},"rttpg_author":{"display_name":"Claude Mbadinga MOMBO","author_link":"https:\/\/www.lesportif.info\/?author=12"},"rttpg_comment":0,"rttpg_category":"<a href=\"https:\/\/www.lesportif.info\/?cat=75\" rel=\"category\">A LA UNE<\/a> <a href=\"https:\/\/www.lesportif.info\/?cat=28\" rel=\"category\">FOOTBALL<\/a> <a href=\"https:\/\/www.lesportif.info\/?cat=4\" rel=\"category\">Gabon<\/a>","rttpg_excerpt":"La lourde d\u00e9faite (3-1) des Panth\u00e8res U17 face \u00e0 la R\u00e9publique d\u00e9mocratique du Congo, pays organisateur du tournoi de l\u2019UNIFFAC \u00e0 Kinshasa, d\u00e9passe le simple cadre sportif. Elle met en lumi\u00e8re des d\u00e9faillances profondes dans l\u2019organisation du football des jeunes au Gabon.","_links":{"self":[{"href":"https:\/\/www.lesportif.info\/index.php?rest_route=\/wp\/v2\/posts\/103953","targetHints":{"allow":["GET"]}}],"collection":[{"href":"https:\/\/www.lesportif.info\/index.php?rest_route=\/wp\/v2\/posts"}],"about":[{"href":"https:\/\/www.lesportif.info\/index.php?rest_route=\/wp\/v2\/types\/post"}],"author":[{"embeddable":true,"href":"https:\/\/www.lesportif.info\/index.php?rest_route=\/wp\/v2\/users\/12"}],"replies":[{"embeddable":true,"href":"https:\/\/www.lesportif.info\/index.php?rest_route=%2Fwp%2Fv2%2Fcomments&post=103953"}],"version-history":[{"count":1,"href":"https:\/\/www.lesportif.info\/index.php?rest_route=\/wp\/v2\/posts\/103953\/revisions"}],"predecessor-version":[{"id":103956,"href":"https:\/\/www.lesportif.info\/index.php?rest_route=\/wp\/v2\/posts\/103953\/revisions\/103956"}],"wp:featuredmedia":[{"embeddable":true,"href":"https:\/\/www.lesportif.info\/index.php?rest_route=\/wp\/v2\/media\/103954"}],"wp:attachment":[{"href":"https:\/\/www.lesportif.info\/index.php?rest_route=%2Fwp%2Fv2%2Fmedia&parent=103953"}],"wp:term":[{"taxonomy":"category","embeddable":true,"href":"https:\/\/www.lesportif.info\/index.php?rest_route=%2Fwp%2Fv2%2Fcategories&post=103953"},{"taxonomy":"post_tag","embeddable":true,"href":"https:\/\/www.lesportif.info\/index.php?rest_route=%2Fwp%2Fv2%2Ftags&post=103953"}],"curies":[{"name":"wp","href":"https:\/\/api.w.org\/{rel}","templated":true}]}}